{"id":54257,"date":"2026-09-05T14:45:33","date_gmt":"2026-09-05T17:45:33","guid":{"rendered":"https:\/\/www.fetagrs.org.br\/?p=54257"},"modified":"2026-09-05T14:45:33","modified_gmt":"2026-09-05T17:45:33","slug":"fetag-rs-recebe-ministra-fernanda-machiavelli-na-expointer-para-tratar-de-avancos-para-a-agricultura-familia","status":"publish","type":"post","link":"https:\/\/www.fetagrs.org.br\/?p=54257","title":{"rendered":"FETAG-RS recebe ministra Fernanda Machiavelli na Expointer para tratar de avan\u00e7os para a agricultura familia"},"content":{"rendered":"<p>&nbsp;<\/p>\n<img loading=\"lazy\" decoding=\"async\" class=\"aligncenter wp-image-54258 size-medium\" src=\"http:\/\/www.fetagrs.org.br\/wp-content\/uploads\/2026\/09\/IMG_2860-300x200.jpg\" alt=\"\" width=\"300\" height=\"200\" \/>\n<p>A ministra do Desenvolvimento Agr\u00e1rio e Agricultura Familiar, Fernanda Machiavelli, esteve no estande da FETAG-RS, no Pavilh\u00e3o da Agricultura Familiar da Expointer 2026, onde foi recebida pelo presidente da Federa\u00e7\u00e3o, Eug\u00eanio Zanetti. Durante o encontro, foram discutidas pautas priorit\u00e1rias para a agricultura e a pecu\u00e1ria familiar, com destaque para cr\u00e9dito, produ\u00e7\u00e3o e prote\u00e7\u00e3o dos agricultores e pecuaristas familiares.<\/p>\n<p>Entre os assuntos tratados esteve o Cr\u00e9dito Fundi\u00e1rio para a juventude rural e para as mulheres, incluindo a necessidade de aumento do teto de financiamento e a operacionaliza\u00e7\u00e3o das linhas espec\u00edficas para as mulheres. Tamb\u00e9m foi abordada a suplementa\u00e7\u00e3o de recursos para o Pronaf A, com previs\u00e3o de libera\u00e7\u00e3o dos valores na pr\u00f3xima semana.<\/p>\n<p>A pecu\u00e1ria de leite foi outro tema de destaque. Est\u00e1 em constru\u00e7\u00e3o um Plano Nacional para a Pecu\u00e1ria de Leite, que dever\u00e1 reunir diferentes programas voltados ao fortalecimento da atividade. A FETAG-RS esteve em Bras\u00edlia durante dois dias nesta semana para participar das discuss\u00f5es sobre o plano.<\/p>\n<p>Tamb\u00e9m estiveram em pauta o Proagro e o seguro rural no \u00e2mbito do Minist\u00e9rio do Desenvolvimento Agr\u00e1rio e Agricultura Familiar (MDA). Em agenda com Cl\u00e1udio Filgueiras, chefe do Departamento de Cr\u00e9dito Rural do Banco Central, foram discutidas ainda a renegocia\u00e7\u00e3o das d\u00edvidas rurais, o seguro rural e o Proagro, incluindo a amplia\u00e7\u00e3o da cobertura e melhorias no programa.<\/p>\n<p>As mudan\u00e7as no Proagro est\u00e3o entre as pautas que a FETAG-RS vem defendendo desde as discuss\u00f5es do Plano Safra, buscando ampliar a prote\u00e7\u00e3o aos agricultores e pecuaristas familiares diante dos riscos que afetam a produ\u00e7\u00e3o.<\/p>\n<p>Para o presidente da FETAG-RS, Eug\u00eanio Zanetti, o di\u00e1logo com o Governo Federal \u00e9 fundamental para avan\u00e7ar em medidas que atendam \u00e0s diferentes necessidades das fam\u00edlias agricultoras e pecuaristas.<\/p>\n<p>\u201cTivemos uma conversa muito importante sobre pautas que est\u00e3o diretamente ligadas ao futuro da agricultura e da pecu\u00e1ria familiar. O acesso ao cr\u00e9dito, a prote\u00e7\u00e3o da produ\u00e7\u00e3o, a renegocia\u00e7\u00e3o das d\u00edvidas e pol\u00edticas espec\u00edficas para a juventude e as mulheres s\u00e3o fundamentais para garantir condi\u00e7\u00f5es para que as fam\u00edlias continuem produzindo e permane\u00e7am no campo. A FETAG-RS seguir\u00e1 trabalhando para que essas demandas avancem\u201d, destacou Zanetti.<\/p>\n","protected":false},"excerpt":{"rendered":"<p>&nbsp; A ministra do Desenvolvimento Agr\u00e1rio e Agricultura Familiar, Fernanda Machiavelli, esteve no estande da FETAG-RS, no Pavilh\u00e3o da Agricultura Familiar da Expointer 2026, onde foi recebida pelo presidente da Federa\u00e7\u00e3o, Eug\u00eanio Zanetti. Durante o encontro, foram discutidas pautas priorit\u00e1rias para a agricultura e a pecu\u00e1ria familiar, com destaque para cr\u00e9dito, produ\u00e7\u00e3o e prote\u00e7\u00e3o dos&#8230;  <a class=\"excerpt-read-more\" href=\"https:\/\/www.fetagrs.org.br\/?p=54257\" title=\"Read FETAG-RS recebe ministra Fernanda Machiavelli na Expointer para tratar de avan\u00e7os para a agricultura familia\">Leia mais &raquo;<\/a><\/p>\n","protected":false},"author":10,"featured_media":54258,"comment_status":"open","ping_status":"open","sticky":false,"template":"","format":"standard","meta":{"footnotes":"","_links_to":"","_links_to_target":""},"categories":[4,3],"tags":[],"class_list":["post-54257","post","type-post","status-publish","format-standard","has-post-thumbnail","hentry","category-destaques","category-noticias"],"yoast_head":"<!-- This site is optimized with the Yoast SEO plugin v28.1 - https:\/\/yoast.com\/product\/yoast-seo-wordpress\/ -->\n<title>FETAG-RS recebe ministra Fernanda Machiavelli na Expointer para tratar de avan\u00e7os para a agricultura familia - Site<\/title>\n<meta name=\"robots\" content=\"index, follow, max-snippet:-1, max-image-preview:large, max-video-preview:-1\" \/>\n<link rel=\"canonical\" href=\"https:\/\/www.fetagrs.org.br\/?p=54257\" \/>\n<meta property=\"og:locale\" content=\"pt_BR\" \/>\n<meta property=\"og:type\" content=\"article\" \/>\n<meta property=\"og:title\" content=\"FETAG-RS recebe ministra Fernanda Machiavelli na Expointer para tratar de avan\u00e7os para a agricultura familia - Site\" \/>\n<meta property=\"og:description\" content=\"&nbsp; A ministra do Desenvolvimento Agr\u00e1rio e Agricultura Familiar, Fernanda Machiavelli, esteve no estande da FETAG-RS, no Pavilh\u00e3o da Agricultura Familiar da Expointer 2026, onde foi recebida pelo presidente da Federa\u00e7\u00e3o, Eug\u00eanio Zanetti. Durante o encontro, foram discutidas pautas priorit\u00e1rias para a agricultura e a pecu\u00e1ria familiar, com destaque para cr\u00e9dito, produ\u00e7\u00e3o e prote\u00e7\u00e3o dos... Leia mais &raquo;\" \/>\n<meta property=\"og:url\" content=\"https:\/\/www.fetagrs.org.br\/?p=54257\" \/>\n<meta property=\"og:site_name\" content=\"Site\" \/>\n<meta property=\"article:publisher\" content=\"https:\/\/www.facebook.com\/fetagrs\" \/>\n<meta property=\"article:published_time\" content=\"2026-09-05T17:45:33+00:00\" \/>\n<meta property=\"og:image\" content=\"https:\/\/www.fetagrs.org.br\/wp-content\/uploads\/2026\/09\/IMG_2860-scaled-e1788630303379.jpg\" \/>\n\t<meta property=\"og:image:width\" content=\"850\" \/>\n\t<meta property=\"og:image:height\" content=\"567\" \/>\n\t<meta property=\"og:image:type\" content=\"image\/jpeg\" \/>\n<meta name=\"author\" content=\"Camila dos Santos\" \/>\n<meta name=\"twitter:card\" content=\"summary_large_image\" \/>\n<script type=\"application\/ld+json\" class=\"yoast-schema-graph\">{\"@context\":\"https:\\\/\\\/schema.org\",\"@graph\":[{\"@type\":\"Article\",\"@id\":\"https:\\\/\\\/www.fetagrs.org.br\\\/?p=54257#article\",\"isPartOf\":{\"@id\":\"https:\\\/\\\/www.fetagrs.org.br\\\/?p=54257\"},\"author\":{\"name\":\"Camila dos Santos\",\"@id\":\"https:\\\/\\\/www.fetagrs.org.br\\\/#\\\/schema\\\/person\\\/cff8faf6490b03f546b63fe09f2e0e6c\"},\"headline\":\"FETAG-RS recebe ministra Fernanda Machiavelli na Expointer para tratar de avan\u00e7os para a agricultura familia\",\"datePublished\":\"2026-09-05T17:45:33+00:00\",\"mainEntityOfPage\":{\"@id\":\"https:\\\/\\\/www.fetagrs.org.br\\\/?p=54257\"},\"wordCount\":415,\"commentCount\":0,\"publisher\":{\"@id\":\"https:\\\/\\\/www.fetagrs.org.br\\\/#organization\"},\"image\":{\"@id\":\"https:\\\/\\\/www.fetagrs.org.br\\\/?p=54257#primaryimage\"},\"thumbnailUrl\":\"https:\\\/\\\/www.fetagrs.org.br\\\/wp-content\\\/uploads\\\/2026\\\/09\\\/IMG_2860-scaled-e1788630303379.jpg\",\"articleSection\":[\"Destaques\",\"Not\u00edcias\"],\"inLanguage\":\"pt-BR\",\"potentialAction\":[{\"@type\":\"CommentAction\",\"name\":\"Comment\",\"target\":[\"https:\\\/\\\/www.fetagrs.org.br\\\/?p=54257#respond\"]}]},{\"@type\":\"WebPage\",\"@id\":\"https:\\\/\\\/www.fetagrs.org.br\\\/?p=54257\",\"url\":\"https:\\\/\\\/www.fetagrs.org.br\\\/?p=54257\",\"name\":\"FETAG-RS recebe ministra Fernanda Machiavelli na Expointer para tratar de avan\u00e7os para a agricultura familia - Site\",\"isPartOf\":{\"@id\":\"https:\\\/\\\/www.fetagrs.org.br\\\/#website\"},\"primaryImageOfPage\":{\"@id\":\"https:\\\/\\\/www.fetagrs.org.br\\\/?p=54257#primaryimage\"},\"image\":{\"@id\":\"https:\\\/\\\/www.fetagrs.org.br\\\/?p=54257#primaryimage\"},\"thumbnailUrl\":\"https:\\\/\\\/www.fetagrs.org.br\\\/wp-content\\\/uploads\\\/2026\\\/09\\\/IMG_2860-scaled-e1788630303379.jpg\",\"datePublished\":\"2026-09-05T17:45:33+00:00\",\"breadcrumb\":{\"@id\":\"https:\\\/\\\/www.fetagrs.org.br\\\/?p=54257#breadcrumb\"},\"inLanguage\":\"pt-BR\",\"potentialAction\":[{\"@type\":\"ReadAction\",\"target\":[\"https:\\\/\\\/www.fetagrs.org.br\\\/?p=54257\"]}]},{\"@type\":\"ImageObject\",\"inLanguage\":\"pt-BR\",\"@id\":\"https:\\\/\\\/www.fetagrs.org.br\\\/?p=54257#primaryimage\",\"url\":\"https:\\\/\\\/www.fetagrs.org.br\\\/wp-content\\\/uploads\\\/2026\\\/09\\\/IMG_2860-scaled-e1788630303379.jpg\",\"contentUrl\":\"https:\\\/\\\/www.fetagrs.org.br\\\/wp-content\\\/uploads\\\/2026\\\/09\\\/IMG_2860-scaled-e1788630303379.jpg\",\"width\":850,\"height\":567},{\"@type\":\"BreadcrumbList\",\"@id\":\"https:\\\/\\\/www.fetagrs.org.br\\\/?p=54257#breadcrumb\",\"itemListElement\":[{\"@type\":\"ListItem\",\"position\":1,\"name\":\"In\u00edcio\",\"item\":\"https:\\\/\\\/www.fetagrs.org.br\\\/\"},{\"@type\":\"ListItem\",\"position\":2,\"name\":\"FETAG-RS recebe ministra Fernanda Machiavelli na Expointer para tratar de avan\u00e7os para a agricultura familia\"}]},{\"@type\":\"WebSite\",\"@id\":\"https:\\\/\\\/www.fetagrs.org.br\\\/#website\",\"url\":\"https:\\\/\\\/www.fetagrs.org.br\\\/\",\"name\":\"FETAG-RS\",\"description\":\"Fetag-RS\",\"publisher\":{\"@id\":\"https:\\\/\\\/www.fetagrs.org.br\\\/#organization\"},\"potentialAction\":[{\"@type\":\"SearchAction\",\"target\":{\"@type\":\"EntryPoint\",\"urlTemplate\":\"https:\\\/\\\/www.fetagrs.org.br\\\/?s={search_term_string}\"},\"query-input\":{\"@type\":\"PropertyValueSpecification\",\"valueRequired\":true,\"valueName\":\"search_term_string\"}}],\"inLanguage\":\"pt-BR\"},{\"@type\":\"Organization\",\"@id\":\"https:\\\/\\\/www.fetagrs.org.br\\\/#organization\",\"name\":\"Federa\u00e7\u00e3o dos Trabalhadores na Agricultura no Rio Grande do Sul\",\"url\":\"https:\\\/\\\/www.fetagrs.org.br\\\/\",\"logo\":{\"@type\":\"ImageObject\",\"inLanguage\":\"pt-BR\",\"@id\":\"https:\\\/\\\/www.fetagrs.org.br\\\/#\\\/schema\\\/logo\\\/image\\\/\",\"url\":\"http:\\\/\\\/fetagrs.org.br\\\/wp-content\\\/uploads\\\/2020\\\/12\\\/FETAG-RS.jpg\",\"contentUrl\":\"http:\\\/\\\/fetagrs.org.br\\\/wp-content\\\/uploads\\\/2020\\\/12\\\/FETAG-RS.jpg\",\"width\":561,\"height\":598,\"caption\":\"Federa\u00e7\u00e3o dos Trabalhadores na Agricultura no Rio Grande do Sul\"},\"image\":{\"@id\":\"https:\\\/\\\/www.fetagrs.org.br\\\/#\\\/schema\\\/logo\\\/image\\\/\"},\"sameAs\":[\"https:\\\/\\\/www.facebook.com\\\/fetagrs\",\"https:\\\/\\\/www.instagram.com\\\/fetagrs\\\/\",\"https:\\\/\\\/www.youtube.com\\\/c\\\/TVFETAGRS\\\/featured\"]},{\"@type\":\"Person\",\"@id\":\"https:\\\/\\\/www.fetagrs.org.br\\\/#\\\/schema\\\/person\\\/cff8faf6490b03f546b63fe09f2e0e6c\",\"name\":\"Camila dos Santos\",\"image\":{\"@type\":\"ImageObject\",\"inLanguage\":\"pt-BR\",\"@id\":\"https:\\\/\\\/secure.gravatar.com\\\/avatar\\\/177064ae07f49fc3b530bc0911ff4424e621528eb067022c8663e5f4c4031fa8?s=96&d=mm&r=g\",\"url\":\"https:\\\/\\\/secure.gravatar.com\\\/avatar\\\/177064ae07f49fc3b530bc0911ff4424e621528eb067022c8663e5f4c4031fa8?s=96&d=mm&r=g\",\"contentUrl\":\"https:\\\/\\\/secure.gravatar.com\\\/avatar\\\/177064ae07f49fc3b530bc0911ff4424e621528eb067022c8663e5f4c4031fa8?s=96&d=mm&r=g\",\"caption\":\"Camila dos Santos\"},\"url\":\"https:\\\/\\\/www.fetagrs.org.br\\\/?author=10\"}]}<\/script>\n<!-- \/ Yoast SEO plugin. -->","yoast_head_json":{"title":"FETAG-RS recebe ministra Fernanda Machiavelli na Expointer para tratar de avan\u00e7os para a agricultura familia - Site","robots":{"index":"index","follow":"follow","max-snippet":"max-snippet:-1","max-image-preview":"max-image-preview:large","max-video-preview":"max-video-preview:-1"},"canonical":"https:\/\/www.fetagrs.org.br\/?p=54257","og_locale":"pt_BR","og_type":"article","og_title":"FETAG-RS recebe ministra Fernanda Machiavelli na Expointer para tratar de avan\u00e7os para a agricultura familia - Site","og_description":"&nbsp; A ministra do Desenvolvimento Agr\u00e1rio e Agricultura Familiar, Fernanda Machiavelli, esteve no estande da FETAG-RS, no Pavilh\u00e3o da Agricultura Familiar da Expointer 2026, onde foi recebida pelo presidente da Federa\u00e7\u00e3o, Eug\u00eanio Zanetti. Durante o encontro, foram discutidas pautas priorit\u00e1rias para a agricultura e a pecu\u00e1ria familiar, com destaque para cr\u00e9dito, produ\u00e7\u00e3o e prote\u00e7\u00e3o dos... Leia mais &raquo;","og_url":"https:\/\/www.fetagrs.org.br\/?p=54257","og_site_name":"Site","article_publisher":"https:\/\/www.facebook.com\/fetagrs","article_published_time":"2026-09-05T17:45:33+00:00","og_image":[{"width":850,"height":567,"url":"https:\/\/www.fetagrs.org.br\/wp-content\/uploads\/2026\/09\/IMG_2860-scaled-e1788630303379.jpg","type":"image\/jpeg"}],"author":"Camila dos Santos","twitter_card":"summary_large_image","schema":{"@context":"https:\/\/schema.org","@graph":[{"@type":"Article","@id":"https:\/\/www.fetagrs.org.br\/?p=54257#article","isPartOf":{"@id":"https:\/\/www.fetagrs.org.br\/?p=54257"},"author":{"name":"Camila dos Santos","@id":"https:\/\/www.fetagrs.org.br\/#\/schema\/person\/cff8faf6490b03f546b63fe09f2e0e6c"},"headline":"FETAG-RS recebe ministra Fernanda Machiavelli na Expointer para tratar de avan\u00e7os para a agricultura familia","datePublished":"2026-09-05T17:45:33+00:00","mainEntityOfPage":{"@id":"https:\/\/www.fetagrs.org.br\/?p=54257"},"wordCount":415,"commentCount":0,"publisher":{"@id":"https:\/\/www.fetagrs.org.br\/#organization"},"image":{"@id":"https:\/\/www.fetagrs.org.br\/?p=54257#primaryimage"},"thumbnailUrl":"https:\/\/www.fetagrs.org.br\/wp-content\/uploads\/2026\/09\/IMG_2860-scaled-e1788630303379.jpg","articleSection":["Destaques","Not\u00edcias"],"inLanguage":"pt-BR","potentialAction":[{"@type":"CommentAction","name":"Comment","target":["https:\/\/www.fetagrs.org.br\/?p=54257#respond"]}]},{"@type":"WebPage","@id":"https:\/\/www.fetagrs.org.br\/?p=54257","url":"https:\/\/www.fetagrs.org.br\/?p=54257","name":"FETAG-RS recebe ministra Fernanda Machiavelli na Expointer para tratar de avan\u00e7os para a agricultura familia - Site","isPartOf":{"@id":"https:\/\/www.fetagrs.org.br\/#website"},"primaryImageOfPage":{"@id":"https:\/\/www.fetagrs.org.br\/?p=54257#primaryimage"},"image":{"@id":"https:\/\/www.fetagrs.org.br\/?p=54257#primaryimage"},"thumbnailUrl":"https:\/\/www.fetagrs.org.br\/wp-content\/uploads\/2026\/09\/IMG_2860-scaled-e1788630303379.jpg","datePublished":"2026-09-05T17:45:33+00:00","breadcrumb":{"@id":"https:\/\/www.fetagrs.org.br\/?p=54257#breadcrumb"},"inLanguage":"pt-BR","potentialAction":[{"@type":"ReadAction","target":["https:\/\/www.fetagrs.org.br\/?p=54257"]}]},{"@type":"ImageObject","inLanguage":"pt-BR","@id":"https:\/\/www.fetagrs.org.br\/?p=54257#primaryimage","url":"https:\/\/www.fetagrs.org.br\/wp-content\/uploads\/2026\/09\/IMG_2860-scaled-e1788630303379.jpg","contentUrl":"https:\/\/www.fetagrs.org.br\/wp-content\/uploads\/2026\/09\/IMG_2860-scaled-e1788630303379.jpg","width":850,"height":567},{"@type":"BreadcrumbList","@id":"https:\/\/www.fetagrs.org.br\/?p=54257#breadcrumb","itemListElement":[{"@type":"ListItem","position":1,"name":"In\u00edcio","item":"https:\/\/www.fetagrs.org.br\/"},{"@type":"ListItem","position":2,"name":"FETAG-RS recebe ministra Fernanda Machiavelli na Expointer para tratar de avan\u00e7os para a agricultura familia"}]},{"@type":"WebSite","@id":"https:\/\/www.fetagrs.org.br\/#website","url":"https:\/\/www.fetagrs.org.br\/","name":"FETAG-RS","description":"Fetag-RS","publisher":{"@id":"https:\/\/www.fetagrs.org.br\/#organization"},"potentialAction":[{"@type":"SearchAction","target":{"@type":"EntryPoint","urlTemplate":"https:\/\/www.fetagrs.org.br\/?s={search_term_string}"},"query-input":{"@type":"PropertyValueSpecification","valueRequired":true,"valueName":"search_term_string"}}],"inLanguage":"pt-BR"},{"@type":"Organization","@id":"https:\/\/www.fetagrs.org.br\/#organization","name":"Federa\u00e7\u00e3o dos Trabalhadores na Agricultura no Rio Grande do Sul","url":"https:\/\/www.fetagrs.org.br\/","logo":{"@type":"ImageObject","inLanguage":"pt-BR","@id":"https:\/\/www.fetagrs.org.br\/#\/schema\/logo\/image\/","url":"http:\/\/fetagrs.org.br\/wp-content\/uploads\/2020\/12\/FETAG-RS.jpg","contentUrl":"http:\/\/fetagrs.org.br\/wp-content\/uploads\/2020\/12\/FETAG-RS.jpg","width":561,"height":598,"caption":"Federa\u00e7\u00e3o dos Trabalhadores na Agricultura no Rio Grande do Sul"},"image":{"@id":"https:\/\/www.fetagrs.org.br\/#\/schema\/logo\/image\/"},"sameAs":["https:\/\/www.facebook.com\/fetagrs","https:\/\/www.instagram.com\/fetagrs\/","https:\/\/www.youtube.com\/c\/TVFETAGRS\/featured"]},{"@type":"Person","@id":"https:\/\/www.fetagrs.org.br\/#\/schema\/person\/cff8faf6490b03f546b63fe09f2e0e6c","name":"Camila dos Santos","image":{"@type":"ImageObject","inLanguage":"pt-BR","@id":"https:\/\/secure.gravatar.com\/avatar\/177064ae07f49fc3b530bc0911ff4424e621528eb067022c8663e5f4c4031fa8?s=96&d=mm&r=g","url":"https:\/\/secure.gravatar.com\/avatar\/177064ae07f49fc3b530bc0911ff4424e621528eb067022c8663e5f4c4031fa8?s=96&d=mm&r=g","contentUrl":"https:\/\/secure.gravatar.com\/avatar\/177064ae07f49fc3b530bc0911ff4424e621528eb067022c8663e5f4c4031fa8?s=96&d=mm&r=g","caption":"Camila dos Santos"},"url":"https:\/\/www.fetagrs.org.br\/?author=10"}]}},"_links":{"self":[{"href":"https:\/\/www.fetagrs.org.br\/index.php?rest_route=\/wp\/v2\/posts\/54257","targetHints":{"allow":["GET"]}}],"collection":[{"href":"https:\/\/www.fetagrs.org.br\/index.php?rest_route=\/wp\/v2\/posts"}],"about":[{"href":"https:\/\/www.fetagrs.org.br\/index.php?rest_route=\/wp\/v2\/types\/post"}],"author":[{"embeddable":true,"href":"https:\/\/www.fetagrs.org.br\/index.php?rest_route=\/wp\/v2\/users\/10"}],"replies":[{"embeddable":true,"href":"https:\/\/www.fetagrs.org.br\/index.php?rest_route=%2Fwp%2Fv2%2Fcomments&post=54257"}],"version-history":[{"count":1,"href":"https:\/\/www.fetagrs.org.br\/index.php?rest_route=\/wp\/v2\/posts\/54257\/revisions"}],"predecessor-version":[{"id":54259,"href":"https:\/\/www.fetagrs.org.br\/index.php?rest_route=\/wp\/v2\/posts\/54257\/revisions\/54259"}],"wp:featuredmedia":[{"embeddable":true,"href":"https:\/\/www.fetagrs.org.br\/index.php?rest_route=\/wp\/v2\/media\/54258"}],"wp:attachment":[{"href":"https:\/\/www.fetagrs.org.br\/index.php?rest_route=%2Fwp%2Fv2%2Fmedia&parent=54257"}],"wp:term":[{"taxonomy":"category","embeddable":true,"href":"https:\/\/www.fetagrs.org.br\/index.php?rest_route=%2Fwp%2Fv2%2Fcategories&post=54257"},{"taxonomy":"post_tag","embeddable":true,"href":"https:\/\/www.fetagrs.org.br\/index.php?rest_route=%2Fwp%2Fv2%2Ftags&post=54257"}],"curies":[{"name":"wp","href":"https:\/\/api.w.org\/{rel}","templated":true}]}}