{"id":54252,"date":"2026-09-04T08:35:54","date_gmt":"2026-09-04T11:35:54","guid":{"rendered":"https:\/\/www.fetagrs.org.br\/?p=54252"},"modified":"2026-09-04T08:36:54","modified_gmt":"2026-09-04T11:36:54","slug":"fetag-rs-debate-criacao-de-programa-estadual-de-regularizacao-fundiaria-para-propriedades-da-agricultura-e-pecuaria-familiar-durante-a-expointer","status":"publish","type":"post","link":"https:\/\/www.fetagrs.org.br\/?p=54252","title":{"rendered":"FETAG-RS debate cria\u00e7\u00e3o de programa estadual de regulariza\u00e7\u00e3o fundi\u00e1ria para propriedades da agricultura e pecu\u00e1ria familiar durante a Expointer"},"content":{"rendered":"<img loading=\"lazy\" decoding=\"async\" class=\"size-medium wp-image-54253 aligncenter\" src=\"http:\/\/www.fetagrs.org.br\/wp-content\/uploads\/2026\/09\/WhatsApp-Image-2026-09-04-at-08.30.16-300x225.jpeg\" alt=\"\" width=\"300\" height=\"225\" \/>\n<p>Na quinta-feira (3), a Casa da FETAG-RS, na Expointer 2026, recebeu o Juiz Corregedor do Tribunal de Justi\u00e7a do Rio Grande do Sul (TJ-RS), representantes do Registro de Im\u00f3veis do Rio Grande do Sul (RIB-RS), do Registro de Im\u00f3veis de S\u00e3o Sep\u00e9, do Instituto Nacional de Coloniza\u00e7\u00e3o e Reforma Agr\u00e1ria (Incra), da Federa\u00e7\u00e3o das Associa\u00e7\u00f5es de Munic\u00edpios do Rio Grande do Sul (Famurs) e o deputado estadual Elton Weber para discutir a regulariza\u00e7\u00e3o fundi\u00e1ria das propriedades da agricultura e pecu\u00e1ria familiar no Estado. Pela FETAG-RS, participaram o tesoureiro-geral, Agnaldo Barcelos, a coordenadora estadual de Mulheres e Aposentados L\u00e9rida Matilde Pivoto Pavanelo e assessores.<\/p>\n<p>A reuni\u00e3o teve como foco os desafios enfrentados pelas fam\u00edlias agricultoras que ainda n\u00e3o possuem a documenta\u00e7\u00e3o regularizada dos im\u00f3veis rurais em que trabalham, bem como os impactos dessa situa\u00e7\u00e3o para a seguran\u00e7a jur\u00eddica, o acesso ao cr\u00e9dito, \u00e0s pol\u00edticas p\u00fablicas e aos benef\u00edcios previdenci\u00e1rios.<\/p>\n<p>Durante o encontro, foi discutida a cria\u00e7\u00e3o de um programa estadual de regulariza\u00e7\u00e3o fundi\u00e1ria, com o encaminhamento de que as institui\u00e7\u00f5es envolvidas avancem na constru\u00e7\u00e3o da proposta para que o programa possa ser desenvolvido ainda em 2026. A iniciativa busca reunir os diferentes \u00f3rg\u00e3os e entidades que atuam na \u00e1rea para encontrar solu\u00e7\u00f5es para os entraves enfrentados pelas fam\u00edlias agricultoras.<\/p>\n<p>Para o tesoureiro-geral da FETAG-RS, Agnaldo Barcelos, a regulariza\u00e7\u00e3o dos im\u00f3veis rurais \u00e9 um problema sentido e vivido h\u00e1 d\u00e9cadas e que precisa avan\u00e7ar de forma articulada.<\/p>\n<p>\u201cPrecisamos construir um programa que consiga atender as fam\u00edlias de agricultores e pecuaristas familiares que hoje t\u00eam dificuldades para regularizar esses im\u00f3veis e finalmente serem legalmente propriet\u00e1rios. Al\u00e9m da seguran\u00e7a jur\u00eddica para os diversos acessos necess\u00e1rios para o desempenho da atividade rural, \u00e9 uma garantia para a regularidade sucess\u00f3ria das futuras gera\u00e7\u00f5es.\u201d<\/p>\n<p>A discuss\u00e3o tamb\u00e9m esteve relacionada ao Projeto de Lei n\u00ba 284\/2026, de autoria do deputado estadual Elton Weber, que prop\u00f5e instituir a Pol\u00edtica Estadual de Regulariza\u00e7\u00e3o Documental dos Im\u00f3veis Rurais da Agricultura e Pecu\u00e1ria Familiar do Rio Grande do Sul, vindo ao encontro da demanda apresentada.<\/p>\n","protected":false},"excerpt":{"rendered":"<p>Na quinta-feira (3), a Casa da FETAG-RS, na Expointer 2026, recebeu o Juiz Corregedor do Tribunal de Justi\u00e7a do Rio Grande do Sul (TJ-RS), representantes do Registro de Im\u00f3veis do Rio Grande do Sul (RIB-RS), do Registro de Im\u00f3veis de S\u00e3o Sep\u00e9, do Instituto Nacional de Coloniza\u00e7\u00e3o e Reforma Agr\u00e1ria (Incra), da Federa\u00e7\u00e3o das Associa\u00e7\u00f5es&#8230;  <a class=\"excerpt-read-more\" href=\"https:\/\/www.fetagrs.org.br\/?p=54252\" title=\"Read FETAG-RS debate cria\u00e7\u00e3o de programa estadual de regulariza\u00e7\u00e3o fundi\u00e1ria para propriedades da agricultura e pecu\u00e1ria familiar durante a Expointer\">Leia mais &raquo;<\/a><\/p>\n","protected":false},"author":10,"featured_media":54253,"comment_status":"open","ping_status":"open","sticky":false,"template":"","format":"standard","meta":{"footnotes":"","_links_to":"","_links_to_target":""},"categories":[4,3],"tags":[],"class_list":["post-54252","post","type-post","status-publish","format-standard","has-post-thumbnail","hentry","category-destaques","category-noticias"],"yoast_head":"<!-- This site is optimized with the Yoast SEO plugin v28.1 - https:\/\/yoast.com\/product\/yoast-seo-wordpress\/ -->\n<title>FETAG-RS debate cria\u00e7\u00e3o de programa estadual de regulariza\u00e7\u00e3o fundi\u00e1ria para propriedades da agricultura e pecu\u00e1ria familiar durante a Expointer - Site<\/title>\n<meta name=\"robots\" content=\"index, follow, max-snippet:-1, max-image-preview:large, max-video-preview:-1\" \/>\n<link rel=\"canonical\" href=\"https:\/\/www.fetagrs.org.br\/?p=54252\" \/>\n<meta property=\"og:locale\" content=\"pt_BR\" \/>\n<meta property=\"og:type\" content=\"article\" \/>\n<meta property=\"og:title\" content=\"FETAG-RS debate cria\u00e7\u00e3o de programa estadual de regulariza\u00e7\u00e3o fundi\u00e1ria para propriedades da agricultura e pecu\u00e1ria familiar durante a Expointer - Site\" \/>\n<meta property=\"og:description\" content=\"Na quinta-feira (3), a Casa da FETAG-RS, na Expointer 2026, recebeu o Juiz Corregedor do Tribunal de Justi\u00e7a do Rio Grande do Sul (TJ-RS), representantes do Registro de Im\u00f3veis do Rio Grande do Sul (RIB-RS), do Registro de Im\u00f3veis de S\u00e3o Sep\u00e9, do Instituto Nacional de Coloniza\u00e7\u00e3o e Reforma Agr\u00e1ria (Incra), da Federa\u00e7\u00e3o das Associa\u00e7\u00f5es... Leia mais &raquo;\" \/>\n<meta property=\"og:url\" content=\"https:\/\/www.fetagrs.org.br\/?p=54252\" \/>\n<meta property=\"og:site_name\" content=\"Site\" \/>\n<meta property=\"article:publisher\" content=\"https:\/\/www.facebook.com\/fetagrs\" \/>\n<meta property=\"article:published_time\" content=\"2026-09-04T11:35:54+00:00\" \/>\n<meta property=\"article:modified_time\" content=\"2026-09-04T11:36:54+00:00\" \/>\n<meta property=\"og:image\" content=\"https:\/\/www.fetagrs.org.br\/wp-content\/uploads\/2026\/09\/WhatsApp-Image-2026-09-04-at-08.30.16-e1788521465584.jpeg\" \/>\n\t<meta property=\"og:image:width\" content=\"850\" \/>\n\t<meta property=\"og:image:height\" content=\"638\" \/>\n\t<meta property=\"og:image:type\" content=\"image\/jpeg\" \/>\n<meta name=\"author\" content=\"Camila dos Santos\" \/>\n<meta name=\"twitter:card\" content=\"summary_large_image\" \/>\n<script type=\"application\/ld+json\" class=\"yoast-schema-graph\">{\"@context\":\"https:\\\/\\\/schema.org\",\"@graph\":[{\"@type\":\"Article\",\"@id\":\"https:\\\/\\\/www.fetagrs.org.br\\\/?p=54252#article\",\"isPartOf\":{\"@id\":\"https:\\\/\\\/www.fetagrs.org.br\\\/?p=54252\"},\"author\":{\"name\":\"Camila dos Santos\",\"@id\":\"https:\\\/\\\/www.fetagrs.org.br\\\/#\\\/schema\\\/person\\\/cff8faf6490b03f546b63fe09f2e0e6c\"},\"headline\":\"FETAG-RS debate cria\u00e7\u00e3o de programa estadual de regulariza\u00e7\u00e3o fundi\u00e1ria para propriedades da agricultura e pecu\u00e1ria familiar durante a Expointer\",\"datePublished\":\"2026-09-04T11:35:54+00:00\",\"dateModified\":\"2026-09-04T11:36:54+00:00\",\"mainEntityOfPage\":{\"@id\":\"https:\\\/\\\/www.fetagrs.org.br\\\/?p=54252\"},\"wordCount\":405,\"commentCount\":0,\"publisher\":{\"@id\":\"https:\\\/\\\/www.fetagrs.org.br\\\/#organization\"},\"image\":{\"@id\":\"https:\\\/\\\/www.fetagrs.org.br\\\/?p=54252#primaryimage\"},\"thumbnailUrl\":\"https:\\\/\\\/www.fetagrs.org.br\\\/wp-content\\\/uploads\\\/2026\\\/09\\\/WhatsApp-Image-2026-09-04-at-08.30.16-e1788521465584.jpeg\",\"articleSection\":[\"Destaques\",\"Not\u00edcias\"],\"inLanguage\":\"pt-BR\",\"potentialAction\":[{\"@type\":\"CommentAction\",\"name\":\"Comment\",\"target\":[\"https:\\\/\\\/www.fetagrs.org.br\\\/?p=54252#respond\"]}]},{\"@type\":\"WebPage\",\"@id\":\"https:\\\/\\\/www.fetagrs.org.br\\\/?p=54252\",\"url\":\"https:\\\/\\\/www.fetagrs.org.br\\\/?p=54252\",\"name\":\"FETAG-RS debate cria\u00e7\u00e3o de programa estadual de regulariza\u00e7\u00e3o fundi\u00e1ria para propriedades da agricultura e pecu\u00e1ria familiar durante a Expointer - Site\",\"isPartOf\":{\"@id\":\"https:\\\/\\\/www.fetagrs.org.br\\\/#website\"},\"primaryImageOfPage\":{\"@id\":\"https:\\\/\\\/www.fetagrs.org.br\\\/?p=54252#primaryimage\"},\"image\":{\"@id\":\"https:\\\/\\\/www.fetagrs.org.br\\\/?p=54252#primaryimage\"},\"thumbnailUrl\":\"https:\\\/\\\/www.fetagrs.org.br\\\/wp-content\\\/uploads\\\/2026\\\/09\\\/WhatsApp-Image-2026-09-04-at-08.30.16-e1788521465584.jpeg\",\"datePublished\":\"2026-09-04T11:35:54+00:00\",\"dateModified\":\"2026-09-04T11:36:54+00:00\",\"breadcrumb\":{\"@id\":\"https:\\\/\\\/www.fetagrs.org.br\\\/?p=54252#breadcrumb\"},\"inLanguage\":\"pt-BR\",\"potentialAction\":[{\"@type\":\"ReadAction\",\"target\":[\"https:\\\/\\\/www.fetagrs.org.br\\\/?p=54252\"]}]},{\"@type\":\"ImageObject\",\"inLanguage\":\"pt-BR\",\"@id\":\"https:\\\/\\\/www.fetagrs.org.br\\\/?p=54252#primaryimage\",\"url\":\"https:\\\/\\\/www.fetagrs.org.br\\\/wp-content\\\/uploads\\\/2026\\\/09\\\/WhatsApp-Image-2026-09-04-at-08.30.16-e1788521465584.jpeg\",\"contentUrl\":\"https:\\\/\\\/www.fetagrs.org.br\\\/wp-content\\\/uploads\\\/2026\\\/09\\\/WhatsApp-Image-2026-09-04-at-08.30.16-e1788521465584.jpeg\",\"width\":850,\"height\":638},{\"@type\":\"BreadcrumbList\",\"@id\":\"https:\\\/\\\/www.fetagrs.org.br\\\/?p=54252#breadcrumb\",\"itemListElement\":[{\"@type\":\"ListItem\",\"position\":1,\"name\":\"In\u00edcio\",\"item\":\"https:\\\/\\\/www.fetagrs.org.br\\\/\"},{\"@type\":\"ListItem\",\"position\":2,\"name\":\"FETAG-RS debate cria\u00e7\u00e3o de programa estadual de regulariza\u00e7\u00e3o fundi\u00e1ria para propriedades da agricultura e pecu\u00e1ria familiar durante a Expointer\"}]},{\"@type\":\"WebSite\",\"@id\":\"https:\\\/\\\/www.fetagrs.org.br\\\/#website\",\"url\":\"https:\\\/\\\/www.fetagrs.org.br\\\/\",\"name\":\"FETAG-RS\",\"description\":\"Fetag-RS\",\"publisher\":{\"@id\":\"https:\\\/\\\/www.fetagrs.org.br\\\/#organization\"},\"potentialAction\":[{\"@type\":\"SearchAction\",\"target\":{\"@type\":\"EntryPoint\",\"urlTemplate\":\"https:\\\/\\\/www.fetagrs.org.br\\\/?s={search_term_string}\"},\"query-input\":{\"@type\":\"PropertyValueSpecification\",\"valueRequired\":true,\"valueName\":\"search_term_string\"}}],\"inLanguage\":\"pt-BR\"},{\"@type\":\"Organization\",\"@id\":\"https:\\\/\\\/www.fetagrs.org.br\\\/#organization\",\"name\":\"Federa\u00e7\u00e3o dos Trabalhadores na Agricultura no Rio Grande do Sul\",\"url\":\"https:\\\/\\\/www.fetagrs.org.br\\\/\",\"logo\":{\"@type\":\"ImageObject\",\"inLanguage\":\"pt-BR\",\"@id\":\"https:\\\/\\\/www.fetagrs.org.br\\\/#\\\/schema\\\/logo\\\/image\\\/\",\"url\":\"http:\\\/\\\/fetagrs.org.br\\\/wp-content\\\/uploads\\\/2020\\\/12\\\/FETAG-RS.jpg\",\"contentUrl\":\"http:\\\/\\\/fetagrs.org.br\\\/wp-content\\\/uploads\\\/2020\\\/12\\\/FETAG-RS.jpg\",\"width\":561,\"height\":598,\"caption\":\"Federa\u00e7\u00e3o dos Trabalhadores na Agricultura no Rio Grande do Sul\"},\"image\":{\"@id\":\"https:\\\/\\\/www.fetagrs.org.br\\\/#\\\/schema\\\/logo\\\/image\\\/\"},\"sameAs\":[\"https:\\\/\\\/www.facebook.com\\\/fetagrs\",\"https:\\\/\\\/www.instagram.com\\\/fetagrs\\\/\",\"https:\\\/\\\/www.youtube.com\\\/c\\\/TVFETAGRS\\\/featured\"]},{\"@type\":\"Person\",\"@id\":\"https:\\\/\\\/www.fetagrs.org.br\\\/#\\\/schema\\\/person\\\/cff8faf6490b03f546b63fe09f2e0e6c\",\"name\":\"Camila dos Santos\",\"image\":{\"@type\":\"ImageObject\",\"inLanguage\":\"pt-BR\",\"@id\":\"https:\\\/\\\/secure.gravatar.com\\\/avatar\\\/177064ae07f49fc3b530bc0911ff4424e621528eb067022c8663e5f4c4031fa8?s=96&d=mm&r=g\",\"url\":\"https:\\\/\\\/secure.gravatar.com\\\/avatar\\\/177064ae07f49fc3b530bc0911ff4424e621528eb067022c8663e5f4c4031fa8?s=96&d=mm&r=g\",\"contentUrl\":\"https:\\\/\\\/secure.gravatar.com\\\/avatar\\\/177064ae07f49fc3b530bc0911ff4424e621528eb067022c8663e5f4c4031fa8?s=96&d=mm&r=g\",\"caption\":\"Camila dos Santos\"},\"url\":\"https:\\\/\\\/www.fetagrs.org.br\\\/?author=10\"}]}<\/script>\n<!-- \/ Yoast SEO plugin. -->","yoast_head_json":{"title":"FETAG-RS debate cria\u00e7\u00e3o de programa estadual de regulariza\u00e7\u00e3o fundi\u00e1ria para propriedades da agricultura e pecu\u00e1ria familiar durante a Expointer - Site","robots":{"index":"index","follow":"follow","max-snippet":"max-snippet:-1","max-image-preview":"max-image-preview:large","max-video-preview":"max-video-preview:-1"},"canonical":"https:\/\/www.fetagrs.org.br\/?p=54252","og_locale":"pt_BR","og_type":"article","og_title":"FETAG-RS debate cria\u00e7\u00e3o de programa estadual de regulariza\u00e7\u00e3o fundi\u00e1ria para propriedades da agricultura e pecu\u00e1ria familiar durante a Expointer - Site","og_description":"Na quinta-feira (3), a Casa da FETAG-RS, na Expointer 2026, recebeu o Juiz Corregedor do Tribunal de Justi\u00e7a do Rio Grande do Sul (TJ-RS), representantes do Registro de Im\u00f3veis do Rio Grande do Sul (RIB-RS), do Registro de Im\u00f3veis de S\u00e3o Sep\u00e9, do Instituto Nacional de Coloniza\u00e7\u00e3o e Reforma Agr\u00e1ria (Incra), da Federa\u00e7\u00e3o das Associa\u00e7\u00f5es... Leia mais &raquo;","og_url":"https:\/\/www.fetagrs.org.br\/?p=54252","og_site_name":"Site","article_publisher":"https:\/\/www.facebook.com\/fetagrs","article_published_time":"2026-09-04T11:35:54+00:00","article_modified_time":"2026-09-04T11:36:54+00:00","og_image":[{"width":850,"height":638,"url":"https:\/\/www.fetagrs.org.br\/wp-content\/uploads\/2026\/09\/WhatsApp-Image-2026-09-04-at-08.30.16-e1788521465584.jpeg","type":"image\/jpeg"}],"author":"Camila dos Santos","twitter_card":"summary_large_image","schema":{"@context":"https:\/\/schema.org","@graph":[{"@type":"Article","@id":"https:\/\/www.fetagrs.org.br\/?p=54252#article","isPartOf":{"@id":"https:\/\/www.fetagrs.org.br\/?p=54252"},"author":{"name":"Camila dos Santos","@id":"https:\/\/www.fetagrs.org.br\/#\/schema\/person\/cff8faf6490b03f546b63fe09f2e0e6c"},"headline":"FETAG-RS debate cria\u00e7\u00e3o de programa estadual de regulariza\u00e7\u00e3o fundi\u00e1ria para propriedades da agricultura e pecu\u00e1ria familiar durante a Expointer","datePublished":"2026-09-04T11:35:54+00:00","dateModified":"2026-09-04T11:36:54+00:00","mainEntityOfPage":{"@id":"https:\/\/www.fetagrs.org.br\/?p=54252"},"wordCount":405,"commentCount":0,"publisher":{"@id":"https:\/\/www.fetagrs.org.br\/#organization"},"image":{"@id":"https:\/\/www.fetagrs.org.br\/?p=54252#primaryimage"},"thumbnailUrl":"https:\/\/www.fetagrs.org.br\/wp-content\/uploads\/2026\/09\/WhatsApp-Image-2026-09-04-at-08.30.16-e1788521465584.jpeg","articleSection":["Destaques","Not\u00edcias"],"inLanguage":"pt-BR","potentialAction":[{"@type":"CommentAction","name":"Comment","target":["https:\/\/www.fetagrs.org.br\/?p=54252#respond"]}]},{"@type":"WebPage","@id":"https:\/\/www.fetagrs.org.br\/?p=54252","url":"https:\/\/www.fetagrs.org.br\/?p=54252","name":"FETAG-RS debate cria\u00e7\u00e3o de programa estadual de regulariza\u00e7\u00e3o fundi\u00e1ria para propriedades da agricultura e pecu\u00e1ria familiar durante a Expointer - Site","isPartOf":{"@id":"https:\/\/www.fetagrs.org.br\/#website"},"primaryImageOfPage":{"@id":"https:\/\/www.fetagrs.org.br\/?p=54252#primaryimage"},"image":{"@id":"https:\/\/www.fetagrs.org.br\/?p=54252#primaryimage"},"thumbnailUrl":"https:\/\/www.fetagrs.org.br\/wp-content\/uploads\/2026\/09\/WhatsApp-Image-2026-09-04-at-08.30.16-e1788521465584.jpeg","datePublished":"2026-09-04T11:35:54+00:00","dateModified":"2026-09-04T11:36:54+00:00","breadcrumb":{"@id":"https:\/\/www.fetagrs.org.br\/?p=54252#breadcrumb"},"inLanguage":"pt-BR","potentialAction":[{"@type":"ReadAction","target":["https:\/\/www.fetagrs.org.br\/?p=54252"]}]},{"@type":"ImageObject","inLanguage":"pt-BR","@id":"https:\/\/www.fetagrs.org.br\/?p=54252#primaryimage","url":"https:\/\/www.fetagrs.org.br\/wp-content\/uploads\/2026\/09\/WhatsApp-Image-2026-09-04-at-08.30.16-e1788521465584.jpeg","contentUrl":"https:\/\/www.fetagrs.org.br\/wp-content\/uploads\/2026\/09\/WhatsApp-Image-2026-09-04-at-08.30.16-e1788521465584.jpeg","width":850,"height":638},{"@type":"BreadcrumbList","@id":"https:\/\/www.fetagrs.org.br\/?p=54252#breadcrumb","itemListElement":[{"@type":"ListItem","position":1,"name":"In\u00edcio","item":"https:\/\/www.fetagrs.org.br\/"},{"@type":"ListItem","position":2,"name":"FETAG-RS debate cria\u00e7\u00e3o de programa estadual de regulariza\u00e7\u00e3o fundi\u00e1ria para propriedades da agricultura e pecu\u00e1ria familiar durante a Expointer"}]},{"@type":"WebSite","@id":"https:\/\/www.fetagrs.org.br\/#website","url":"https:\/\/www.fetagrs.org.br\/","name":"FETAG-RS","description":"Fetag-RS","publisher":{"@id":"https:\/\/www.fetagrs.org.br\/#organization"},"potentialAction":[{"@type":"SearchAction","target":{"@type":"EntryPoint","urlTemplate":"https:\/\/www.fetagrs.org.br\/?s={search_term_string}"},"query-input":{"@type":"PropertyValueSpecification","valueRequired":true,"valueName":"search_term_string"}}],"inLanguage":"pt-BR"},{"@type":"Organization","@id":"https:\/\/www.fetagrs.org.br\/#organization","name":"Federa\u00e7\u00e3o dos Trabalhadores na Agricultura no Rio Grande do Sul","url":"https:\/\/www.fetagrs.org.br\/","logo":{"@type":"ImageObject","inLanguage":"pt-BR","@id":"https:\/\/www.fetagrs.org.br\/#\/schema\/logo\/image\/","url":"http:\/\/fetagrs.org.br\/wp-content\/uploads\/2020\/12\/FETAG-RS.jpg","contentUrl":"http:\/\/fetagrs.org.br\/wp-content\/uploads\/2020\/12\/FETAG-RS.jpg","width":561,"height":598,"caption":"Federa\u00e7\u00e3o dos Trabalhadores na Agricultura no Rio Grande do Sul"},"image":{"@id":"https:\/\/www.fetagrs.org.br\/#\/schema\/logo\/image\/"},"sameAs":["https:\/\/www.facebook.com\/fetagrs","https:\/\/www.instagram.com\/fetagrs\/","https:\/\/www.youtube.com\/c\/TVFETAGRS\/featured"]},{"@type":"Person","@id":"https:\/\/www.fetagrs.org.br\/#\/schema\/person\/cff8faf6490b03f546b63fe09f2e0e6c","name":"Camila dos Santos","image":{"@type":"ImageObject","inLanguage":"pt-BR","@id":"https:\/\/secure.gravatar.com\/avatar\/177064ae07f49fc3b530bc0911ff4424e621528eb067022c8663e5f4c4031fa8?s=96&d=mm&r=g","url":"https:\/\/secure.gravatar.com\/avatar\/177064ae07f49fc3b530bc0911ff4424e621528eb067022c8663e5f4c4031fa8?s=96&d=mm&r=g","contentUrl":"https:\/\/secure.gravatar.com\/avatar\/177064ae07f49fc3b530bc0911ff4424e621528eb067022c8663e5f4c4031fa8?s=96&d=mm&r=g","caption":"Camila dos Santos"},"url":"https:\/\/www.fetagrs.org.br\/?author=10"}]}},"_links":{"self":[{"href":"https:\/\/www.fetagrs.org.br\/index.php?rest_route=\/wp\/v2\/posts\/54252","targetHints":{"allow":["GET"]}}],"collection":[{"href":"https:\/\/www.fetagrs.org.br\/index.php?rest_route=\/wp\/v2\/posts"}],"about":[{"href":"https:\/\/www.fetagrs.org.br\/index.php?rest_route=\/wp\/v2\/types\/post"}],"author":[{"embeddable":true,"href":"https:\/\/www.fetagrs.org.br\/index.php?rest_route=\/wp\/v2\/users\/10"}],"replies":[{"embeddable":true,"href":"https:\/\/www.fetagrs.org.br\/index.php?rest_route=%2Fwp%2Fv2%2Fcomments&post=54252"}],"version-history":[{"count":2,"href":"https:\/\/www.fetagrs.org.br\/index.php?rest_route=\/wp\/v2\/posts\/54252\/revisions"}],"predecessor-version":[{"id":54255,"href":"https:\/\/www.fetagrs.org.br\/index.php?rest_route=\/wp\/v2\/posts\/54252\/revisions\/54255"}],"wp:featuredmedia":[{"embeddable":true,"href":"https:\/\/www.fetagrs.org.br\/index.php?rest_route=\/wp\/v2\/media\/54253"}],"wp:attachment":[{"href":"https:\/\/www.fetagrs.org.br\/index.php?rest_route=%2Fwp%2Fv2%2Fmedia&parent=54252"}],"wp:term":[{"taxonomy":"category","embeddable":true,"href":"https:\/\/www.fetagrs.org.br\/index.php?rest_route=%2Fwp%2Fv2%2Fcategories&post=54252"},{"taxonomy":"post_tag","embeddable":true,"href":"https:\/\/www.fetagrs.org.br\/index.php?rest_route=%2Fwp%2Fv2%2Ftags&post=54252"}],"curies":[{"name":"wp","href":"https:\/\/api.w.org\/{rel}","templated":true}]}}