{"id":54248,"date":"2026-09-03T16:34:29","date_gmt":"2026-09-03T19:34:29","guid":{"rendered":"https:\/\/www.fetagrs.org.br\/?p=54248"},"modified":"2026-09-03T16:34:29","modified_gmt":"2026-09-03T19:34:29","slug":"expointer-2026-historias-da-agricultura-familiar","status":"publish","type":"post","link":"https:\/\/www.fetagrs.org.br\/?p=54248","title":{"rendered":"Expointer 2026: Hist\u00f3rias da Agricultura Familiar"},"content":{"rendered":"<h1><img loading=\"lazy\" decoding=\"async\" class=\"aligncenter wp-image-54249 size-medium\" src=\"http:\/\/www.fetagrs.org.br\/wp-content\/uploads\/2026\/09\/WhatsApp-Image-2026-09-02-at-17.43.11-225x300.jpeg\" alt=\"\" width=\"225\" height=\"300\" \/><\/h1>\n<p><strong>No Pavilh\u00e3o da Agricultura Familiar da 49\u00aa Expointer, hist\u00f3rias de fam\u00edlias e empreendedores mostram que, por tr\u00e1s de cada produto, existem trajet\u00f3rias de vida, trabalho e identidade.<\/strong><\/p>\n<p>Muito al\u00e9m dos produtos expostos, o Pavilh\u00e3o da Agricultura Familiar da 49\u00aa Expointer re\u00fane hist\u00f3rias que representam a for\u00e7a e a diversidade de quem vive e trabalha no campo. S\u00e3o trajet\u00f3rias marcadas por supera\u00e7\u00e3o, tradi\u00e7\u00e3o, sucess\u00e3o familiar, mem\u00f3ria e preserva\u00e7\u00e3o cultural.<\/p>\n<p>Em Quinze de Novembro, a hist\u00f3ria de Sirlei Shornberg, do Sirlei Artesanato Rural, come\u00e7ou h\u00e1 mais de 20 anos, quando conheceu o porongo em uma feira e encontrou no artesanato uma nova possibilidade. Durante o tratamento contra a leucemia, o trabalho tamb\u00e9m se tornou uma fonte de for\u00e7a. Hoje, cada pe\u00e7a carrega criatividade, mas tamb\u00e9m uma hist\u00f3ria de resili\u00eancia e supera\u00e7\u00e3o.<\/p>\n<p>A tradi\u00e7\u00e3o atravessa gera\u00e7\u00f5es no Melipon\u00e1rio e Api\u00e1rio Dapper, de Tr\u00eas Passos. Claudir Dapper e Elis Regina Dapper deram continuidade ao trabalho iniciado pelo av\u00f4 e mantido pelo pai. Al\u00e9m da produ\u00e7\u00e3o, a fam\u00edlia compartilha conhecimento sobre a import\u00e2ncia das abelhas e da poliniza\u00e7\u00e3o, recebendo escolas e universidades. O trabalho j\u00e1 rendeu reconhecimento e premia\u00e7\u00f5es.<\/p>\n<p>Em N\u00e3o-Me-Toque, a sucess\u00e3o representa a continuidade de um legado. Cristian Weber, dos Embutidos Weber, sempre esteve ao lado do pai na produ\u00e7\u00e3o. Ap\u00f3s o falecimento dele, em novembro de 2025, decidiu seguir com a atividade constru\u00edda pelos dois. Mais do que assumir um neg\u00f3cio, Cristian escolheu manter viva uma hist\u00f3ria familiar.<\/p>\n<p>Em Cachoeira do Sul, Joyce Moraes, da Flory e Flor, transformou mem\u00f3rias familiares em artesanato. Inspirada pelos porta-retratos dos av\u00f3s e pelo trabalho da pr\u00f3pria av\u00f3 com plantas, encontrou na propriedade da fam\u00edlia elementos para criar pe\u00e7as que unem flores, ra\u00edzes e lembran\u00e7as.<\/p>\n<p>J\u00e1 em Santo Ant\u00f4nio do Palma, Dilamar dos Santos, da Casa Polonesa Flores da \u00c1gata, encontrou na Agricultura Familiar uma forma de preservar a cultura de origem polonesa da fam\u00edlia da esposa. H\u00e1 11 anos dedicado \u00e0 atividade, ele trabalha exclusivamente com a Lepianka, t\u00e9cnica tradicional de colagem com trigo. Ao lado da esposa, leva a tradi\u00e7\u00e3o para as feiras e transforma cultura em arte.<\/p>\n<p>\u201c\u00c9 uma realiza\u00e7\u00e3o poder estar aqui, fazendo o que gostamos e mantendo viva a nossa cultura\u201d, destaca Dilamar.<\/p>\n<h3>Hist\u00f3rias que representam a Agricultura Familiar<\/h3>\n<p>Cada empreendimento tem uma trajet\u00f3ria diferente, mas todos mostram que a Agricultura Familiar tamb\u00e9m \u00e9 feita de mem\u00f3rias, conhecimento, identidade e pertencimento. No Pavilh\u00e3o da Agricultura Familiar, os visitantes encontram produtos, mas tamb\u00e9m conhecem as hist\u00f3rias das pessoas que fazem essa diversidade acontecer.<\/p>\n","protected":false},"excerpt":{"rendered":"<p>No Pavilh\u00e3o da Agricultura Familiar da 49\u00aa Expointer, hist\u00f3rias de fam\u00edlias e empreendedores mostram que, por tr\u00e1s de cada produto, existem trajet\u00f3rias de vida, trabalho e identidade. Muito al\u00e9m dos produtos expostos, o Pavilh\u00e3o da Agricultura Familiar da 49\u00aa Expointer re\u00fane hist\u00f3rias que representam a for\u00e7a e a diversidade de quem vive e trabalha no&#8230;  <a class=\"excerpt-read-more\" href=\"https:\/\/www.fetagrs.org.br\/?p=54248\" title=\"Read Expointer 2026: Hist\u00f3rias da Agricultura Familiar\">Leia mais &raquo;<\/a><\/p>\n","protected":false},"author":10,"featured_media":54249,"comment_status":"open","ping_status":"open","sticky":false,"template":"","format":"standard","meta":{"footnotes":"","_links_to":"","_links_to_target":""},"categories":[4,3],"tags":[],"class_list":["post-54248","post","type-post","status-publish","format-standard","has-post-thumbnail","hentry","category-destaques","category-noticias"],"yoast_head":"<!-- This site is optimized with the Yoast SEO plugin v28.1 - https:\/\/yoast.com\/product\/yoast-seo-wordpress\/ -->\n<title>Expointer 2026: Hist\u00f3rias da Agricultura Familiar - Site<\/title>\n<meta name=\"robots\" content=\"index, follow, max-snippet:-1, max-image-preview:large, max-video-preview:-1\" \/>\n<link rel=\"canonical\" href=\"https:\/\/www.fetagrs.org.br\/?p=54248\" \/>\n<meta property=\"og:locale\" content=\"pt_BR\" \/>\n<meta property=\"og:type\" content=\"article\" \/>\n<meta property=\"og:title\" content=\"Expointer 2026: Hist\u00f3rias da Agricultura Familiar - Site\" \/>\n<meta property=\"og:description\" content=\"No Pavilh\u00e3o da Agricultura Familiar da 49\u00aa Expointer, hist\u00f3rias de fam\u00edlias e empreendedores mostram que, por tr\u00e1s de cada produto, existem trajet\u00f3rias de vida, trabalho e identidade. Muito al\u00e9m dos produtos expostos, o Pavilh\u00e3o da Agricultura Familiar da 49\u00aa Expointer re\u00fane hist\u00f3rias que representam a for\u00e7a e a diversidade de quem vive e trabalha no... Leia mais &raquo;\" \/>\n<meta property=\"og:url\" content=\"https:\/\/www.fetagrs.org.br\/?p=54248\" \/>\n<meta property=\"og:site_name\" content=\"Site\" \/>\n<meta property=\"article:publisher\" content=\"https:\/\/www.facebook.com\/fetagrs\" \/>\n<meta property=\"article:published_time\" content=\"2026-09-03T19:34:29+00:00\" \/>\n<meta property=\"og:image\" content=\"https:\/\/www.fetagrs.org.br\/wp-content\/uploads\/2026\/09\/WhatsApp-Image-2026-09-02-at-17.43.11-e1788463645723.jpeg\" \/>\n\t<meta property=\"og:image:width\" content=\"850\" \/>\n\t<meta property=\"og:image:height\" content=\"1133\" \/>\n\t<meta property=\"og:image:type\" content=\"image\/jpeg\" \/>\n<meta name=\"author\" content=\"Camila dos Santos\" \/>\n<meta name=\"twitter:card\" content=\"summary_large_image\" \/>\n<script type=\"application\/ld+json\" class=\"yoast-schema-graph\">{\"@context\":\"https:\\\/\\\/schema.org\",\"@graph\":[{\"@type\":\"Article\",\"@id\":\"https:\\\/\\\/www.fetagrs.org.br\\\/?p=54248#article\",\"isPartOf\":{\"@id\":\"https:\\\/\\\/www.fetagrs.org.br\\\/?p=54248\"},\"author\":{\"name\":\"Camila dos Santos\",\"@id\":\"https:\\\/\\\/www.fetagrs.org.br\\\/#\\\/schema\\\/person\\\/cff8faf6490b03f546b63fe09f2e0e6c\"},\"headline\":\"Expointer 2026: Hist\u00f3rias da Agricultura Familiar\",\"datePublished\":\"2026-09-03T19:34:29+00:00\",\"mainEntityOfPage\":{\"@id\":\"https:\\\/\\\/www.fetagrs.org.br\\\/?p=54248\"},\"wordCount\":472,\"commentCount\":0,\"publisher\":{\"@id\":\"https:\\\/\\\/www.fetagrs.org.br\\\/#organization\"},\"image\":{\"@id\":\"https:\\\/\\\/www.fetagrs.org.br\\\/?p=54248#primaryimage\"},\"thumbnailUrl\":\"https:\\\/\\\/www.fetagrs.org.br\\\/wp-content\\\/uploads\\\/2026\\\/09\\\/WhatsApp-Image-2026-09-02-at-17.43.11-e1788463645723.jpeg\",\"articleSection\":[\"Destaques\",\"Not\u00edcias\"],\"inLanguage\":\"pt-BR\",\"potentialAction\":[{\"@type\":\"CommentAction\",\"name\":\"Comment\",\"target\":[\"https:\\\/\\\/www.fetagrs.org.br\\\/?p=54248#respond\"]}]},{\"@type\":\"WebPage\",\"@id\":\"https:\\\/\\\/www.fetagrs.org.br\\\/?p=54248\",\"url\":\"https:\\\/\\\/www.fetagrs.org.br\\\/?p=54248\",\"name\":\"Expointer 2026: Hist\u00f3rias da Agricultura Familiar - Site\",\"isPartOf\":{\"@id\":\"https:\\\/\\\/www.fetagrs.org.br\\\/#website\"},\"primaryImageOfPage\":{\"@id\":\"https:\\\/\\\/www.fetagrs.org.br\\\/?p=54248#primaryimage\"},\"image\":{\"@id\":\"https:\\\/\\\/www.fetagrs.org.br\\\/?p=54248#primaryimage\"},\"thumbnailUrl\":\"https:\\\/\\\/www.fetagrs.org.br\\\/wp-content\\\/uploads\\\/2026\\\/09\\\/WhatsApp-Image-2026-09-02-at-17.43.11-e1788463645723.jpeg\",\"datePublished\":\"2026-09-03T19:34:29+00:00\",\"breadcrumb\":{\"@id\":\"https:\\\/\\\/www.fetagrs.org.br\\\/?p=54248#breadcrumb\"},\"inLanguage\":\"pt-BR\",\"potentialAction\":[{\"@type\":\"ReadAction\",\"target\":[\"https:\\\/\\\/www.fetagrs.org.br\\\/?p=54248\"]}]},{\"@type\":\"ImageObject\",\"inLanguage\":\"pt-BR\",\"@id\":\"https:\\\/\\\/www.fetagrs.org.br\\\/?p=54248#primaryimage\",\"url\":\"https:\\\/\\\/www.fetagrs.org.br\\\/wp-content\\\/uploads\\\/2026\\\/09\\\/WhatsApp-Image-2026-09-02-at-17.43.11-e1788463645723.jpeg\",\"contentUrl\":\"https:\\\/\\\/www.fetagrs.org.br\\\/wp-content\\\/uploads\\\/2026\\\/09\\\/WhatsApp-Image-2026-09-02-at-17.43.11-e1788463645723.jpeg\",\"width\":850,\"height\":1133},{\"@type\":\"BreadcrumbList\",\"@id\":\"https:\\\/\\\/www.fetagrs.org.br\\\/?p=54248#breadcrumb\",\"itemListElement\":[{\"@type\":\"ListItem\",\"position\":1,\"name\":\"In\u00edcio\",\"item\":\"https:\\\/\\\/www.fetagrs.org.br\\\/\"},{\"@type\":\"ListItem\",\"position\":2,\"name\":\"Expointer 2026: Hist\u00f3rias da Agricultura Familiar\"}]},{\"@type\":\"WebSite\",\"@id\":\"https:\\\/\\\/www.fetagrs.org.br\\\/#website\",\"url\":\"https:\\\/\\\/www.fetagrs.org.br\\\/\",\"name\":\"FETAG-RS\",\"description\":\"Fetag-RS\",\"publisher\":{\"@id\":\"https:\\\/\\\/www.fetagrs.org.br\\\/#organization\"},\"potentialAction\":[{\"@type\":\"SearchAction\",\"target\":{\"@type\":\"EntryPoint\",\"urlTemplate\":\"https:\\\/\\\/www.fetagrs.org.br\\\/?s={search_term_string}\"},\"query-input\":{\"@type\":\"PropertyValueSpecification\",\"valueRequired\":true,\"valueName\":\"search_term_string\"}}],\"inLanguage\":\"pt-BR\"},{\"@type\":\"Organization\",\"@id\":\"https:\\\/\\\/www.fetagrs.org.br\\\/#organization\",\"name\":\"Federa\u00e7\u00e3o dos Trabalhadores na Agricultura no Rio Grande do Sul\",\"url\":\"https:\\\/\\\/www.fetagrs.org.br\\\/\",\"logo\":{\"@type\":\"ImageObject\",\"inLanguage\":\"pt-BR\",\"@id\":\"https:\\\/\\\/www.fetagrs.org.br\\\/#\\\/schema\\\/logo\\\/image\\\/\",\"url\":\"http:\\\/\\\/fetagrs.org.br\\\/wp-content\\\/uploads\\\/2020\\\/12\\\/FETAG-RS.jpg\",\"contentUrl\":\"http:\\\/\\\/fetagrs.org.br\\\/wp-content\\\/uploads\\\/2020\\\/12\\\/FETAG-RS.jpg\",\"width\":561,\"height\":598,\"caption\":\"Federa\u00e7\u00e3o dos Trabalhadores na Agricultura no Rio Grande do Sul\"},\"image\":{\"@id\":\"https:\\\/\\\/www.fetagrs.org.br\\\/#\\\/schema\\\/logo\\\/image\\\/\"},\"sameAs\":[\"https:\\\/\\\/www.facebook.com\\\/fetagrs\",\"https:\\\/\\\/www.instagram.com\\\/fetagrs\\\/\",\"https:\\\/\\\/www.youtube.com\\\/c\\\/TVFETAGRS\\\/featured\"]},{\"@type\":\"Person\",\"@id\":\"https:\\\/\\\/www.fetagrs.org.br\\\/#\\\/schema\\\/person\\\/cff8faf6490b03f546b63fe09f2e0e6c\",\"name\":\"Camila dos Santos\",\"image\":{\"@type\":\"ImageObject\",\"inLanguage\":\"pt-BR\",\"@id\":\"https:\\\/\\\/secure.gravatar.com\\\/avatar\\\/177064ae07f49fc3b530bc0911ff4424e621528eb067022c8663e5f4c4031fa8?s=96&d=mm&r=g\",\"url\":\"https:\\\/\\\/secure.gravatar.com\\\/avatar\\\/177064ae07f49fc3b530bc0911ff4424e621528eb067022c8663e5f4c4031fa8?s=96&d=mm&r=g\",\"contentUrl\":\"https:\\\/\\\/secure.gravatar.com\\\/avatar\\\/177064ae07f49fc3b530bc0911ff4424e621528eb067022c8663e5f4c4031fa8?s=96&d=mm&r=g\",\"caption\":\"Camila dos Santos\"},\"url\":\"https:\\\/\\\/www.fetagrs.org.br\\\/?author=10\"}]}<\/script>\n<!-- \/ Yoast SEO plugin. -->","yoast_head_json":{"title":"Expointer 2026: Hist\u00f3rias da Agricultura Familiar - Site","robots":{"index":"index","follow":"follow","max-snippet":"max-snippet:-1","max-image-preview":"max-image-preview:large","max-video-preview":"max-video-preview:-1"},"canonical":"https:\/\/www.fetagrs.org.br\/?p=54248","og_locale":"pt_BR","og_type":"article","og_title":"Expointer 2026: Hist\u00f3rias da Agricultura Familiar - Site","og_description":"No Pavilh\u00e3o da Agricultura Familiar da 49\u00aa Expointer, hist\u00f3rias de fam\u00edlias e empreendedores mostram que, por tr\u00e1s de cada produto, existem trajet\u00f3rias de vida, trabalho e identidade. Muito al\u00e9m dos produtos expostos, o Pavilh\u00e3o da Agricultura Familiar da 49\u00aa Expointer re\u00fane hist\u00f3rias que representam a for\u00e7a e a diversidade de quem vive e trabalha no... Leia mais &raquo;","og_url":"https:\/\/www.fetagrs.org.br\/?p=54248","og_site_name":"Site","article_publisher":"https:\/\/www.facebook.com\/fetagrs","article_published_time":"2026-09-03T19:34:29+00:00","og_image":[{"width":850,"height":1133,"url":"https:\/\/www.fetagrs.org.br\/wp-content\/uploads\/2026\/09\/WhatsApp-Image-2026-09-02-at-17.43.11-e1788463645723.jpeg","type":"image\/jpeg"}],"author":"Camila dos Santos","twitter_card":"summary_large_image","schema":{"@context":"https:\/\/schema.org","@graph":[{"@type":"Article","@id":"https:\/\/www.fetagrs.org.br\/?p=54248#article","isPartOf":{"@id":"https:\/\/www.fetagrs.org.br\/?p=54248"},"author":{"name":"Camila dos Santos","@id":"https:\/\/www.fetagrs.org.br\/#\/schema\/person\/cff8faf6490b03f546b63fe09f2e0e6c"},"headline":"Expointer 2026: Hist\u00f3rias da Agricultura Familiar","datePublished":"2026-09-03T19:34:29+00:00","mainEntityOfPage":{"@id":"https:\/\/www.fetagrs.org.br\/?p=54248"},"wordCount":472,"commentCount":0,"publisher":{"@id":"https:\/\/www.fetagrs.org.br\/#organization"},"image":{"@id":"https:\/\/www.fetagrs.org.br\/?p=54248#primaryimage"},"thumbnailUrl":"https:\/\/www.fetagrs.org.br\/wp-content\/uploads\/2026\/09\/WhatsApp-Image-2026-09-02-at-17.43.11-e1788463645723.jpeg","articleSection":["Destaques","Not\u00edcias"],"inLanguage":"pt-BR","potentialAction":[{"@type":"CommentAction","name":"Comment","target":["https:\/\/www.fetagrs.org.br\/?p=54248#respond"]}]},{"@type":"WebPage","@id":"https:\/\/www.fetagrs.org.br\/?p=54248","url":"https:\/\/www.fetagrs.org.br\/?p=54248","name":"Expointer 2026: Hist\u00f3rias da Agricultura Familiar - Site","isPartOf":{"@id":"https:\/\/www.fetagrs.org.br\/#website"},"primaryImageOfPage":{"@id":"https:\/\/www.fetagrs.org.br\/?p=54248#primaryimage"},"image":{"@id":"https:\/\/www.fetagrs.org.br\/?p=54248#primaryimage"},"thumbnailUrl":"https:\/\/www.fetagrs.org.br\/wp-content\/uploads\/2026\/09\/WhatsApp-Image-2026-09-02-at-17.43.11-e1788463645723.jpeg","datePublished":"2026-09-03T19:34:29+00:00","breadcrumb":{"@id":"https:\/\/www.fetagrs.org.br\/?p=54248#breadcrumb"},"inLanguage":"pt-BR","potentialAction":[{"@type":"ReadAction","target":["https:\/\/www.fetagrs.org.br\/?p=54248"]}]},{"@type":"ImageObject","inLanguage":"pt-BR","@id":"https:\/\/www.fetagrs.org.br\/?p=54248#primaryimage","url":"https:\/\/www.fetagrs.org.br\/wp-content\/uploads\/2026\/09\/WhatsApp-Image-2026-09-02-at-17.43.11-e1788463645723.jpeg","contentUrl":"https:\/\/www.fetagrs.org.br\/wp-content\/uploads\/2026\/09\/WhatsApp-Image-2026-09-02-at-17.43.11-e1788463645723.jpeg","width":850,"height":1133},{"@type":"BreadcrumbList","@id":"https:\/\/www.fetagrs.org.br\/?p=54248#breadcrumb","itemListElement":[{"@type":"ListItem","position":1,"name":"In\u00edcio","item":"https:\/\/www.fetagrs.org.br\/"},{"@type":"ListItem","position":2,"name":"Expointer 2026: Hist\u00f3rias da Agricultura Familiar"}]},{"@type":"WebSite","@id":"https:\/\/www.fetagrs.org.br\/#website","url":"https:\/\/www.fetagrs.org.br\/","name":"FETAG-RS","description":"Fetag-RS","publisher":{"@id":"https:\/\/www.fetagrs.org.br\/#organization"},"potentialAction":[{"@type":"SearchAction","target":{"@type":"EntryPoint","urlTemplate":"https:\/\/www.fetagrs.org.br\/?s={search_term_string}"},"query-input":{"@type":"PropertyValueSpecification","valueRequired":true,"valueName":"search_term_string"}}],"inLanguage":"pt-BR"},{"@type":"Organization","@id":"https:\/\/www.fetagrs.org.br\/#organization","name":"Federa\u00e7\u00e3o dos Trabalhadores na Agricultura no Rio Grande do Sul","url":"https:\/\/www.fetagrs.org.br\/","logo":{"@type":"ImageObject","inLanguage":"pt-BR","@id":"https:\/\/www.fetagrs.org.br\/#\/schema\/logo\/image\/","url":"http:\/\/fetagrs.org.br\/wp-content\/uploads\/2020\/12\/FETAG-RS.jpg","contentUrl":"http:\/\/fetagrs.org.br\/wp-content\/uploads\/2020\/12\/FETAG-RS.jpg","width":561,"height":598,"caption":"Federa\u00e7\u00e3o dos Trabalhadores na Agricultura no Rio Grande do Sul"},"image":{"@id":"https:\/\/www.fetagrs.org.br\/#\/schema\/logo\/image\/"},"sameAs":["https:\/\/www.facebook.com\/fetagrs","https:\/\/www.instagram.com\/fetagrs\/","https:\/\/www.youtube.com\/c\/TVFETAGRS\/featured"]},{"@type":"Person","@id":"https:\/\/www.fetagrs.org.br\/#\/schema\/person\/cff8faf6490b03f546b63fe09f2e0e6c","name":"Camila dos Santos","image":{"@type":"ImageObject","inLanguage":"pt-BR","@id":"https:\/\/secure.gravatar.com\/avatar\/177064ae07f49fc3b530bc0911ff4424e621528eb067022c8663e5f4c4031fa8?s=96&d=mm&r=g","url":"https:\/\/secure.gravatar.com\/avatar\/177064ae07f49fc3b530bc0911ff4424e621528eb067022c8663e5f4c4031fa8?s=96&d=mm&r=g","contentUrl":"https:\/\/secure.gravatar.com\/avatar\/177064ae07f49fc3b530bc0911ff4424e621528eb067022c8663e5f4c4031fa8?s=96&d=mm&r=g","caption":"Camila dos Santos"},"url":"https:\/\/www.fetagrs.org.br\/?author=10"}]}},"_links":{"self":[{"href":"https:\/\/www.fetagrs.org.br\/index.php?rest_route=\/wp\/v2\/posts\/54248","targetHints":{"allow":["GET"]}}],"collection":[{"href":"https:\/\/www.fetagrs.org.br\/index.php?rest_route=\/wp\/v2\/posts"}],"about":[{"href":"https:\/\/www.fetagrs.org.br\/index.php?rest_route=\/wp\/v2\/types\/post"}],"author":[{"embeddable":true,"href":"https:\/\/www.fetagrs.org.br\/index.php?rest_route=\/wp\/v2\/users\/10"}],"replies":[{"embeddable":true,"href":"https:\/\/www.fetagrs.org.br\/index.php?rest_route=%2Fwp%2Fv2%2Fcomments&post=54248"}],"version-history":[{"count":2,"href":"https:\/\/www.fetagrs.org.br\/index.php?rest_route=\/wp\/v2\/posts\/54248\/revisions"}],"predecessor-version":[{"id":54251,"href":"https:\/\/www.fetagrs.org.br\/index.php?rest_route=\/wp\/v2\/posts\/54248\/revisions\/54251"}],"wp:featuredmedia":[{"embeddable":true,"href":"https:\/\/www.fetagrs.org.br\/index.php?rest_route=\/wp\/v2\/media\/54249"}],"wp:attachment":[{"href":"https:\/\/www.fetagrs.org.br\/index.php?rest_route=%2Fwp%2Fv2%2Fmedia&parent=54248"}],"wp:term":[{"taxonomy":"category","embeddable":true,"href":"https:\/\/www.fetagrs.org.br\/index.php?rest_route=%2Fwp%2Fv2%2Fcategories&post=54248"},{"taxonomy":"post_tag","embeddable":true,"href":"https:\/\/www.fetagrs.org.br\/index.php?rest_route=%2Fwp%2Fv2%2Ftags&post=54248"}],"curies":[{"name":"wp","href":"https:\/\/api.w.org\/{rel}","templated":true}]}}