{"id":53912,"date":"2026-04-30T16:58:08","date_gmt":"2026-04-30T19:58:08","guid":{"rendered":"https:\/\/www.fetagrs.org.br\/?p=53912"},"modified":"2026-04-30T17:06:23","modified_gmt":"2026-04-30T20:06:23","slug":"agricultura-familiar-gaucha-marca-presenca-na-exposol-em-soledade","status":"publish","type":"post","link":"https:\/\/www.fetagrs.org.br\/?p=53912","title":{"rendered":"Agricultura familiar ga\u00facha marca presen\u00e7a na Exposol em Soledade"},"content":{"rendered":"<p data-start=\"90\" data-end=\"189\"><img loading=\"lazy\" decoding=\"async\" class=\"size-medium wp-image-53913 aligncenter\" src=\"http:\/\/www.fetagrs.org.br\/wp-content\/uploads\/2026\/04\/WhatsApp-Image-2026-04-30-at-16.37.01-240x300.jpeg\" alt=\"\" width=\"240\" height=\"300\" srcset=\"https:\/\/www.fetagrs.org.br\/wp-content\/uploads\/2026\/04\/WhatsApp-Image-2026-04-30-at-16.37.01-240x300.jpeg 240w, https:\/\/www.fetagrs.org.br\/wp-content\/uploads\/2026\/04\/WhatsApp-Image-2026-04-30-at-16.37.01-819x1024.jpeg 819w, https:\/\/www.fetagrs.org.br\/wp-content\/uploads\/2026\/04\/WhatsApp-Image-2026-04-30-at-16.37.01-768x960.jpeg 768w, https:\/\/www.fetagrs.org.br\/wp-content\/uploads\/2026\/04\/WhatsApp-Image-2026-04-30-at-16.37.01-1229x1536.jpeg 1229w, https:\/\/www.fetagrs.org.br\/wp-content\/uploads\/2026\/04\/WhatsApp-Image-2026-04-30-at-16.37.01.jpeg 1280w\" sizes=\"auto, (max-width: 240px) 100vw, 240px\" \/><\/p>\n<p data-start=\"191\" data-end=\"377\">A agricultura familiar j\u00e1 marca presen\u00e7a na Exposol, em Soledade, que iniciou nesta semana e segue at\u00e9 o dia 3 de maio, reunindo empreendimentos de diversas regi\u00f5es do Rio Grande do Sul.<\/p>\n<p data-start=\"379\" data-end=\"656\">Ao todo, s\u00e3o 102 empreendimentos inscritos, representando 53 munic\u00edpios ga\u00fachos. Os dados deste ano evidenciam, principalmente, o protagonismo feminino no campo, com 38 mulheres respons\u00e1veis pelos empreendimentos, al\u00e9m da participa\u00e7\u00e3o de 53 jovens envolvidos na sucess\u00e3o rural.<\/p>\n<p data-start=\"658\" data-end=\"882\">A feira tamb\u00e9m destaca o avan\u00e7o da produ\u00e7\u00e3o sustent\u00e1vel, com 15 certifica\u00e7\u00f5es org\u00e2nicas entre os participantes, refor\u00e7ando o compromisso da agricultura familiar com pr\u00e1ticas respons\u00e1veis e a oferta de alimentos de qualidade.<\/p>\n<p data-start=\"884\" data-end=\"1133\">Durante a Exposol, o p\u00fablico pode conferir uma grande diversidade de produtos, como panificados, bebidas, embutidos, latic\u00ednios, artesanatos, flores, entre outros, aproximando quem produz de quem consome e valorizando o trabalho das fam\u00edlias rurais.<\/p>\n<p data-start=\"1135\" data-end=\"1302\">A organiza\u00e7\u00e3o do pavilh\u00e3o da Agricultura Familiar \u00e9 resultado da parceria entre Fetag-RS, Aprosol, Emater\/RS-Ascar e a Secretaria de Desenvolvimento Rural do RS (SDR).<\/p>\n<p data-start=\"1304\" data-end=\"1448\">O pavilh\u00e3o da agricultura familiar conta com o patroc\u00ednio do Banrisul, Banco do Brasil e Sicredi, refor\u00e7ando o apoio ao fortalecimento da agricultura e pecu\u00e1ria familiar.<\/p>\n<p data-start=\"1450\" data-end=\"1591\">A Fetag-RS convida a comunidade a visitar a feira e conhecer de perto a qualidade e a diversidade da produ\u00e7\u00e3o da agricultura familiar ga\u00facha.<\/p>\n","protected":false},"excerpt":{"rendered":"<p>A agricultura familiar j\u00e1 marca presen\u00e7a na Exposol, em Soledade, que iniciou nesta semana e segue at\u00e9 o dia 3 de maio, reunindo empreendimentos de diversas regi\u00f5es do Rio Grande do Sul. Ao todo, s\u00e3o 102 empreendimentos inscritos, representando 53 munic\u00edpios ga\u00fachos. Os dados deste ano evidenciam, principalmente, o protagonismo feminino no campo, com 38&#8230;  <a class=\"excerpt-read-more\" href=\"https:\/\/www.fetagrs.org.br\/?p=53912\" title=\"Read Agricultura familiar ga\u00facha marca presen\u00e7a na Exposol em Soledade\">Leia mais &raquo;<\/a><\/p>\n","protected":false},"author":10,"featured_media":53913,"comment_status":"open","ping_status":"open","sticky":false,"template":"","format":"standard","meta":{"footnotes":"","_links_to":"","_links_to_target":""},"categories":[4,3],"tags":[],"class_list":["post-53912","post","type-post","status-publish","format-standard","has-post-thumbnail","hentry","category-destaques","category-noticias"],"yoast_head":"<!-- This site is optimized with the Yoast SEO plugin v26.8 - https:\/\/yoast.com\/product\/yoast-seo-wordpress\/ -->\n<title>Agricultura familiar ga\u00facha marca presen\u00e7a na Exposol em Soledade - FETAG-RS<\/title>\n<meta name=\"robots\" content=\"index, follow, max-snippet:-1, max-image-preview:large, max-video-preview:-1\" \/>\n<link rel=\"canonical\" href=\"https:\/\/www.fetagrs.org.br\/?p=53912\" \/>\n<meta property=\"og:locale\" content=\"pt_BR\" \/>\n<meta property=\"og:type\" content=\"article\" \/>\n<meta property=\"og:title\" content=\"Agricultura familiar ga\u00facha marca presen\u00e7a na Exposol em Soledade - FETAG-RS\" \/>\n<meta property=\"og:description\" content=\"A agricultura familiar j\u00e1 marca presen\u00e7a na Exposol, em Soledade, que iniciou nesta semana e segue at\u00e9 o dia 3 de maio, reunindo empreendimentos de diversas regi\u00f5es do Rio Grande do Sul. Ao todo, s\u00e3o 102 empreendimentos inscritos, representando 53 munic\u00edpios ga\u00fachos. Os dados deste ano evidenciam, principalmente, o protagonismo feminino no campo, com 38... Leia mais &raquo;\" \/>\n<meta property=\"og:url\" content=\"https:\/\/www.fetagrs.org.br\/?p=53912\" \/>\n<meta property=\"og:site_name\" content=\"FETAG-RS\" \/>\n<meta property=\"article:publisher\" content=\"https:\/\/www.facebook.com\/fetagrs\" \/>\n<meta property=\"article:published_time\" content=\"2026-04-30T19:58:08+00:00\" \/>\n<meta property=\"article:modified_time\" content=\"2026-04-30T20:06:23+00:00\" \/>\n<meta property=\"og:image\" content=\"https:\/\/www.fetagrs.org.br\/wp-content\/uploads\/2026\/04\/WhatsApp-Image-2026-04-30-at-16.37.01.jpeg\" \/>\n\t<meta property=\"og:image:width\" content=\"1280\" \/>\n\t<meta property=\"og:image:height\" content=\"1600\" \/>\n\t<meta property=\"og:image:type\" content=\"image\/jpeg\" \/>\n<meta name=\"author\" content=\"Camila dos Santos\" \/>\n<meta name=\"twitter:card\" content=\"summary_large_image\" \/>\n<script type=\"application\/ld+json\" class=\"yoast-schema-graph\">{\"@context\":\"https:\/\/schema.org\",\"@graph\":[{\"@type\":\"Article\",\"@id\":\"https:\/\/www.fetagrs.org.br\/?p=53912#article\",\"isPartOf\":{\"@id\":\"https:\/\/www.fetagrs.org.br\/?p=53912\"},\"author\":{\"name\":\"Camila dos Santos\",\"@id\":\"https:\/\/www.fetagrs.org.br\/#\/schema\/person\/414925669ddee89f2bb52fcc97310ea8\"},\"headline\":\"Agricultura familiar ga\u00facha marca presen\u00e7a na Exposol em Soledade\",\"datePublished\":\"2026-04-30T19:58:08+00:00\",\"dateModified\":\"2026-04-30T20:06:23+00:00\",\"mainEntityOfPage\":{\"@id\":\"https:\/\/www.fetagrs.org.br\/?p=53912\"},\"wordCount\":243,\"commentCount\":0,\"publisher\":{\"@id\":\"https:\/\/www.fetagrs.org.br\/#organization\"},\"image\":{\"@id\":\"https:\/\/www.fetagrs.org.br\/?p=53912#primaryimage\"},\"thumbnailUrl\":\"https:\/\/www.fetagrs.org.br\/wp-content\/uploads\/2026\/04\/WhatsApp-Image-2026-04-30-at-16.37.01.jpeg\",\"articleSection\":[\"Destaques\",\"Not\u00edcias\"],\"inLanguage\":\"pt-BR\",\"potentialAction\":[{\"@type\":\"CommentAction\",\"name\":\"Comment\",\"target\":[\"https:\/\/www.fetagrs.org.br\/?p=53912#respond\"]}]},{\"@type\":\"WebPage\",\"@id\":\"https:\/\/www.fetagrs.org.br\/?p=53912\",\"url\":\"https:\/\/www.fetagrs.org.br\/?p=53912\",\"name\":\"Agricultura familiar ga\u00facha marca presen\u00e7a na Exposol em Soledade - FETAG-RS\",\"isPartOf\":{\"@id\":\"https:\/\/www.fetagrs.org.br\/#website\"},\"primaryImageOfPage\":{\"@id\":\"https:\/\/www.fetagrs.org.br\/?p=53912#primaryimage\"},\"image\":{\"@id\":\"https:\/\/www.fetagrs.org.br\/?p=53912#primaryimage\"},\"thumbnailUrl\":\"https:\/\/www.fetagrs.org.br\/wp-content\/uploads\/2026\/04\/WhatsApp-Image-2026-04-30-at-16.37.01.jpeg\",\"datePublished\":\"2026-04-30T19:58:08+00:00\",\"dateModified\":\"2026-04-30T20:06:23+00:00\",\"breadcrumb\":{\"@id\":\"https:\/\/www.fetagrs.org.br\/?p=53912#breadcrumb\"},\"inLanguage\":\"pt-BR\",\"potentialAction\":[{\"@type\":\"ReadAction\",\"target\":[\"https:\/\/www.fetagrs.org.br\/?p=53912\"]}]},{\"@type\":\"ImageObject\",\"inLanguage\":\"pt-BR\",\"@id\":\"https:\/\/www.fetagrs.org.br\/?p=53912#primaryimage\",\"url\":\"https:\/\/www.fetagrs.org.br\/wp-content\/uploads\/2026\/04\/WhatsApp-Image-2026-04-30-at-16.37.01.jpeg\",\"contentUrl\":\"https:\/\/www.fetagrs.org.br\/wp-content\/uploads\/2026\/04\/WhatsApp-Image-2026-04-30-at-16.37.01.jpeg\",\"width\":1280,\"height\":1600},{\"@type\":\"BreadcrumbList\",\"@id\":\"https:\/\/www.fetagrs.org.br\/?p=53912#breadcrumb\",\"itemListElement\":[{\"@type\":\"ListItem\",\"position\":1,\"name\":\"In\u00edcio\",\"item\":\"https:\/\/www.fetagrs.org.br\/\"},{\"@type\":\"ListItem\",\"position\":2,\"name\":\"Agricultura familiar ga\u00facha marca presen\u00e7a na Exposol em Soledade\"}]},{\"@type\":\"WebSite\",\"@id\":\"https:\/\/www.fetagrs.org.br\/#website\",\"url\":\"https:\/\/www.fetagrs.org.br\/\",\"name\":\"FETAG-RS\",\"description\":\"Federa\u00e7\u00e3o dos Trabalhadores na Agricultura no RS\",\"publisher\":{\"@id\":\"https:\/\/www.fetagrs.org.br\/#organization\"},\"potentialAction\":[{\"@type\":\"SearchAction\",\"target\":{\"@type\":\"EntryPoint\",\"urlTemplate\":\"https:\/\/www.fetagrs.org.br\/?s={search_term_string}\"},\"query-input\":{\"@type\":\"PropertyValueSpecification\",\"valueRequired\":true,\"valueName\":\"search_term_string\"}}],\"inLanguage\":\"pt-BR\"},{\"@type\":\"Organization\",\"@id\":\"https:\/\/www.fetagrs.org.br\/#organization\",\"name\":\"Federa\u00e7\u00e3o dos Trabalhadores na Agricultura no Rio Grande do Sul\",\"url\":\"https:\/\/www.fetagrs.org.br\/\",\"logo\":{\"@type\":\"ImageObject\",\"inLanguage\":\"pt-BR\",\"@id\":\"https:\/\/www.fetagrs.org.br\/#\/schema\/logo\/image\/\",\"url\":\"http:\/\/fetagrs.org.br\/wp-content\/uploads\/2020\/12\/FETAG-RS.jpg\",\"contentUrl\":\"http:\/\/fetagrs.org.br\/wp-content\/uploads\/2020\/12\/FETAG-RS.jpg\",\"width\":561,\"height\":598,\"caption\":\"Federa\u00e7\u00e3o dos Trabalhadores na Agricultura no Rio Grande do Sul\"},\"image\":{\"@id\":\"https:\/\/www.fetagrs.org.br\/#\/schema\/logo\/image\/\"},\"sameAs\":[\"https:\/\/www.facebook.com\/fetagrs\",\"https:\/\/www.instagram.com\/fetagrs\/\",\"https:\/\/www.youtube.com\/c\/TVFETAGRS\/featured\"]},{\"@type\":\"Person\",\"@id\":\"https:\/\/www.fetagrs.org.br\/#\/schema\/person\/414925669ddee89f2bb52fcc97310ea8\",\"name\":\"Camila dos Santos\",\"image\":{\"@type\":\"ImageObject\",\"inLanguage\":\"pt-BR\",\"@id\":\"https:\/\/www.fetagrs.org.br\/#\/schema\/person\/image\/\",\"url\":\"https:\/\/secure.gravatar.com\/avatar\/177064ae07f49fc3b530bc0911ff4424e621528eb067022c8663e5f4c4031fa8?s=96&d=mm&r=g\",\"contentUrl\":\"https:\/\/secure.gravatar.com\/avatar\/177064ae07f49fc3b530bc0911ff4424e621528eb067022c8663e5f4c4031fa8?s=96&d=mm&r=g\",\"caption\":\"Camila dos Santos\"},\"url\":\"https:\/\/www.fetagrs.org.br\/?author=10\"}]}<\/script>\n<!-- \/ Yoast SEO plugin. -->","yoast_head_json":{"title":"Agricultura familiar ga\u00facha marca presen\u00e7a na Exposol em Soledade - FETAG-RS","robots":{"index":"index","follow":"follow","max-snippet":"max-snippet:-1","max-image-preview":"max-image-preview:large","max-video-preview":"max-video-preview:-1"},"canonical":"https:\/\/www.fetagrs.org.br\/?p=53912","og_locale":"pt_BR","og_type":"article","og_title":"Agricultura familiar ga\u00facha marca presen\u00e7a na Exposol em Soledade - FETAG-RS","og_description":"A agricultura familiar j\u00e1 marca presen\u00e7a na Exposol, em Soledade, que iniciou nesta semana e segue at\u00e9 o dia 3 de maio, reunindo empreendimentos de diversas regi\u00f5es do Rio Grande do Sul. Ao todo, s\u00e3o 102 empreendimentos inscritos, representando 53 munic\u00edpios ga\u00fachos. Os dados deste ano evidenciam, principalmente, o protagonismo feminino no campo, com 38... Leia mais &raquo;","og_url":"https:\/\/www.fetagrs.org.br\/?p=53912","og_site_name":"FETAG-RS","article_publisher":"https:\/\/www.facebook.com\/fetagrs","article_published_time":"2026-04-30T19:58:08+00:00","article_modified_time":"2026-04-30T20:06:23+00:00","og_image":[{"width":1280,"height":1600,"url":"https:\/\/www.fetagrs.org.br\/wp-content\/uploads\/2026\/04\/WhatsApp-Image-2026-04-30-at-16.37.01.jpeg","type":"image\/jpeg"}],"author":"Camila dos Santos","twitter_card":"summary_large_image","schema":{"@context":"https:\/\/schema.org","@graph":[{"@type":"Article","@id":"https:\/\/www.fetagrs.org.br\/?p=53912#article","isPartOf":{"@id":"https:\/\/www.fetagrs.org.br\/?p=53912"},"author":{"name":"Camila dos Santos","@id":"https:\/\/www.fetagrs.org.br\/#\/schema\/person\/414925669ddee89f2bb52fcc97310ea8"},"headline":"Agricultura familiar ga\u00facha marca presen\u00e7a na Exposol em Soledade","datePublished":"2026-04-30T19:58:08+00:00","dateModified":"2026-04-30T20:06:23+00:00","mainEntityOfPage":{"@id":"https:\/\/www.fetagrs.org.br\/?p=53912"},"wordCount":243,"commentCount":0,"publisher":{"@id":"https:\/\/www.fetagrs.org.br\/#organization"},"image":{"@id":"https:\/\/www.fetagrs.org.br\/?p=53912#primaryimage"},"thumbnailUrl":"https:\/\/www.fetagrs.org.br\/wp-content\/uploads\/2026\/04\/WhatsApp-Image-2026-04-30-at-16.37.01.jpeg","articleSection":["Destaques","Not\u00edcias"],"inLanguage":"pt-BR","potentialAction":[{"@type":"CommentAction","name":"Comment","target":["https:\/\/www.fetagrs.org.br\/?p=53912#respond"]}]},{"@type":"WebPage","@id":"https:\/\/www.fetagrs.org.br\/?p=53912","url":"https:\/\/www.fetagrs.org.br\/?p=53912","name":"Agricultura familiar ga\u00facha marca presen\u00e7a na Exposol em Soledade - FETAG-RS","isPartOf":{"@id":"https:\/\/www.fetagrs.org.br\/#website"},"primaryImageOfPage":{"@id":"https:\/\/www.fetagrs.org.br\/?p=53912#primaryimage"},"image":{"@id":"https:\/\/www.fetagrs.org.br\/?p=53912#primaryimage"},"thumbnailUrl":"https:\/\/www.fetagrs.org.br\/wp-content\/uploads\/2026\/04\/WhatsApp-Image-2026-04-30-at-16.37.01.jpeg","datePublished":"2026-04-30T19:58:08+00:00","dateModified":"2026-04-30T20:06:23+00:00","breadcrumb":{"@id":"https:\/\/www.fetagrs.org.br\/?p=53912#breadcrumb"},"inLanguage":"pt-BR","potentialAction":[{"@type":"ReadAction","target":["https:\/\/www.fetagrs.org.br\/?p=53912"]}]},{"@type":"ImageObject","inLanguage":"pt-BR","@id":"https:\/\/www.fetagrs.org.br\/?p=53912#primaryimage","url":"https:\/\/www.fetagrs.org.br\/wp-content\/uploads\/2026\/04\/WhatsApp-Image-2026-04-30-at-16.37.01.jpeg","contentUrl":"https:\/\/www.fetagrs.org.br\/wp-content\/uploads\/2026\/04\/WhatsApp-Image-2026-04-30-at-16.37.01.jpeg","width":1280,"height":1600},{"@type":"BreadcrumbList","@id":"https:\/\/www.fetagrs.org.br\/?p=53912#breadcrumb","itemListElement":[{"@type":"ListItem","position":1,"name":"In\u00edcio","item":"https:\/\/www.fetagrs.org.br\/"},{"@type":"ListItem","position":2,"name":"Agricultura familiar ga\u00facha marca presen\u00e7a na Exposol em Soledade"}]},{"@type":"WebSite","@id":"https:\/\/www.fetagrs.org.br\/#website","url":"https:\/\/www.fetagrs.org.br\/","name":"FETAG-RS","description":"Federa\u00e7\u00e3o dos Trabalhadores na Agricultura no RS","publisher":{"@id":"https:\/\/www.fetagrs.org.br\/#organization"},"potentialAction":[{"@type":"SearchAction","target":{"@type":"EntryPoint","urlTemplate":"https:\/\/www.fetagrs.org.br\/?s={search_term_string}"},"query-input":{"@type":"PropertyValueSpecification","valueRequired":true,"valueName":"search_term_string"}}],"inLanguage":"pt-BR"},{"@type":"Organization","@id":"https:\/\/www.fetagrs.org.br\/#organization","name":"Federa\u00e7\u00e3o dos Trabalhadores na Agricultura no Rio Grande do Sul","url":"https:\/\/www.fetagrs.org.br\/","logo":{"@type":"ImageObject","inLanguage":"pt-BR","@id":"https:\/\/www.fetagrs.org.br\/#\/schema\/logo\/image\/","url":"http:\/\/fetagrs.org.br\/wp-content\/uploads\/2020\/12\/FETAG-RS.jpg","contentUrl":"http:\/\/fetagrs.org.br\/wp-content\/uploads\/2020\/12\/FETAG-RS.jpg","width":561,"height":598,"caption":"Federa\u00e7\u00e3o dos Trabalhadores na Agricultura no Rio Grande do Sul"},"image":{"@id":"https:\/\/www.fetagrs.org.br\/#\/schema\/logo\/image\/"},"sameAs":["https:\/\/www.facebook.com\/fetagrs","https:\/\/www.instagram.com\/fetagrs\/","https:\/\/www.youtube.com\/c\/TVFETAGRS\/featured"]},{"@type":"Person","@id":"https:\/\/www.fetagrs.org.br\/#\/schema\/person\/414925669ddee89f2bb52fcc97310ea8","name":"Camila dos Santos","image":{"@type":"ImageObject","inLanguage":"pt-BR","@id":"https:\/\/www.fetagrs.org.br\/#\/schema\/person\/image\/","url":"https:\/\/secure.gravatar.com\/avatar\/177064ae07f49fc3b530bc0911ff4424e621528eb067022c8663e5f4c4031fa8?s=96&d=mm&r=g","contentUrl":"https:\/\/secure.gravatar.com\/avatar\/177064ae07f49fc3b530bc0911ff4424e621528eb067022c8663e5f4c4031fa8?s=96&d=mm&r=g","caption":"Camila dos Santos"},"url":"https:\/\/www.fetagrs.org.br\/?author=10"}]}},"_links":{"self":[{"href":"https:\/\/www.fetagrs.org.br\/index.php?rest_route=\/wp\/v2\/posts\/53912","targetHints":{"allow":["GET"]}}],"collection":[{"href":"https:\/\/www.fetagrs.org.br\/index.php?rest_route=\/wp\/v2\/posts"}],"about":[{"href":"https:\/\/www.fetagrs.org.br\/index.php?rest_route=\/wp\/v2\/types\/post"}],"author":[{"embeddable":true,"href":"https:\/\/www.fetagrs.org.br\/index.php?rest_route=\/wp\/v2\/users\/10"}],"replies":[{"embeddable":true,"href":"https:\/\/www.fetagrs.org.br\/index.php?rest_route=%2Fwp%2Fv2%2Fcomments&post=53912"}],"version-history":[{"count":3,"href":"https:\/\/www.fetagrs.org.br\/index.php?rest_route=\/wp\/v2\/posts\/53912\/revisions"}],"predecessor-version":[{"id":53916,"href":"https:\/\/www.fetagrs.org.br\/index.php?rest_route=\/wp\/v2\/posts\/53912\/revisions\/53916"}],"wp:featuredmedia":[{"embeddable":true,"href":"https:\/\/www.fetagrs.org.br\/index.php?rest_route=\/wp\/v2\/media\/53913"}],"wp:attachment":[{"href":"https:\/\/www.fetagrs.org.br\/index.php?rest_route=%2Fwp%2Fv2%2Fmedia&parent=53912"}],"wp:term":[{"taxonomy":"category","embeddable":true,"href":"https:\/\/www.fetagrs.org.br\/index.php?rest_route=%2Fwp%2Fv2%2Fcategories&post=53912"},{"taxonomy":"post_tag","embeddable":true,"href":"https:\/\/www.fetagrs.org.br\/index.php?rest_route=%2Fwp%2Fv2%2Ftags&post=53912"}],"curies":[{"name":"wp","href":"https:\/\/api.w.org\/{rel}","templated":true}]}}