{"id":53906,"date":"2026-04-30T10:50:38","date_gmt":"2026-04-30T13:50:38","guid":{"rendered":"https:\/\/www.fetagrs.org.br\/?p=53906"},"modified":"2026-04-30T11:45:34","modified_gmt":"2026-04-30T14:45:34","slug":"comitiva-da-fetag-rs-intensificou-agendas-em-brasilia-em-defesa-da-agricultura-e-pecuaria-familiar","status":"publish","type":"post","link":"https:\/\/www.fetagrs.org.br\/?p=53906","title":{"rendered":"Comitiva da FETAG-RS intensificou agendas em Bras\u00edlia em defesa da agricultura e pecu\u00e1ria familiar"},"content":{"rendered":"<p>&nbsp;<\/p>\n<img loading=\"lazy\" decoding=\"async\" class=\"size-medium wp-image-53910 aligncenter\" src=\"http:\/\/www.fetagrs.org.br\/wp-content\/uploads\/2026\/04\/WhatsApp-Image-2026-04-30-at-11.05.37-240x300.jpeg\" alt=\"\" width=\"240\" height=\"300\" \/>\n<p>A FETAG-RS esteve em Bras\u00edlia nesta semana em uma s\u00e9rie de agendas voltadas principalmente \u00e0 defesa da agricultura e pecu\u00e1ria familiar, com destaque para a tramita\u00e7\u00e3o do Projeto de Lei n\u00ba 5.122\/2023, que trata da renegocia\u00e7\u00e3o das d\u00edvidas do setor, e para as discuss\u00f5es do Plano Safra.<\/p>\n<p>A comitiva acompanhou a reuni\u00e3o da Comiss\u00e3o de Assuntos Econ\u00f4micos do Senado Federal, onde o PL foi debatido com foco na necessidade de medidas urgentes para enfrentar o endividamento dos agricultores rurais. A entidade refor\u00e7ou a import\u00e2ncia da aprova\u00e7\u00e3o do projeto ou da constru\u00e7\u00e3o de um acordo com o governo federal que garanta condi\u00e7\u00f5es reais de recupera\u00e7\u00e3o aos agricultores.<\/p>\n<p>A pauta tamb\u00e9m esteve presente nas agendas sobre o Plano Safra, incluindo reuni\u00e3o no Pal\u00e1cio do Planalto, onde a CONTAG entregou ao Governo Federal as demandas do Grito da Terra Brasil, e encontro com a Diretoria de Agroneg\u00f3cios do Banco do Brasil, tratando de cr\u00e9dito rural e amplia\u00e7\u00e3o do acesso aos agricultores familiares.<\/p>\n<p>\u201cDefendemos solu\u00e7\u00f5es concretas para o endividamento e tamb\u00e9m um Plano Safra que atenda de forma efetiva a agricultura e pecu\u00e1ria familiar, garantindo condi\u00e7\u00f5es de produ\u00e7\u00e3o e continuidade no campo\u201d, destacou o presidente da FETAG-RS, Eug\u00eanio Zanetti.<\/p>\n<p>A comitiva tamb\u00e9m participou de reuni\u00e3o no Minist\u00e9rio da Agricultura e no MDA, onde foram discutidos o Proagro, o Plano Safra 2026\/2027 e demandas da cadeia leiteira.<\/p>\n<p>Integraram a comitiva a assessora de Pol\u00edtica Agr\u00edcola Carla Andreia Schuh, a coordenadora estadual de Mulheres L\u00e9rida Matilde Pivoto Pavanelo, a 1\u00aa secret\u00e1ria da FETAG-RS e coordenadora de Juventude Rural e Educa\u00e7\u00e3o do Campo Camila Rode, o assessor de Juventude Joni Noe Knapp, al\u00e9m de lideran\u00e7as sindicais da base: Lucas Machry, presidente do Sindicato dos Trabalhadores Rurais de Roque Gonzales; Sandra Pavlowski, presidente do Sindicato dos Trabalhadores e Trabalhadoras Rurais de Caibat\u00e9 e coordenadora da Regional Miss\u00f5es I; Noeli Langer, vereadora e presidente do Sindicato dos Trabalhadores Rurais de Salvador das Miss\u00f5es; e Mateus Garcia, vereador e diretor do Sindicato dos Trabalhadores Rurais de Pinheiro Machado.<\/p>\n<p>A atua\u00e7\u00e3o em Bras\u00edlia refor\u00e7a a mobiliza\u00e7\u00e3o da FETAG-RS por avan\u00e7os concretos nas pol\u00edticas de cr\u00e9dito e fortalecimento da agricultura e pecu\u00e1ria familiar.<\/p>\n","protected":false},"excerpt":{"rendered":"<p>&nbsp; A FETAG-RS esteve em Bras\u00edlia nesta semana em uma s\u00e9rie de agendas voltadas principalmente \u00e0 defesa da agricultura e pecu\u00e1ria familiar, com destaque para a tramita\u00e7\u00e3o do Projeto de Lei n\u00ba 5.122\/2023, que trata da renegocia\u00e7\u00e3o das d\u00edvidas do setor, e para as discuss\u00f5es do Plano Safra. A comitiva acompanhou a reuni\u00e3o da Comiss\u00e3o&#8230;  <a class=\"excerpt-read-more\" href=\"https:\/\/www.fetagrs.org.br\/?p=53906\" title=\"Read Comitiva da FETAG-RS intensificou agendas em Bras\u00edlia em defesa da agricultura e pecu\u00e1ria familiar\">Leia mais &raquo;<\/a><\/p>\n","protected":false},"author":10,"featured_media":53910,"comment_status":"open","ping_status":"open","sticky":false,"template":"","format":"standard","meta":{"footnotes":"","_links_to":"","_links_to_target":""},"categories":[4,3],"tags":[],"class_list":["post-53906","post","type-post","status-publish","format-standard","has-post-thumbnail","hentry","category-destaques","category-noticias"],"yoast_head":"<!-- This site is optimized with the Yoast SEO plugin v26.8 - https:\/\/yoast.com\/product\/yoast-seo-wordpress\/ -->\n<title>Comitiva da FETAG-RS intensificou agendas em Bras\u00edlia em defesa da agricultura e pecu\u00e1ria familiar - FETAG-RS<\/title>\n<meta name=\"robots\" content=\"index, follow, max-snippet:-1, max-image-preview:large, max-video-preview:-1\" \/>\n<link rel=\"canonical\" href=\"https:\/\/www.fetagrs.org.br\/?p=53906\" \/>\n<meta property=\"og:locale\" content=\"pt_BR\" \/>\n<meta property=\"og:type\" content=\"article\" \/>\n<meta property=\"og:title\" content=\"Comitiva da FETAG-RS intensificou agendas em Bras\u00edlia em defesa da agricultura e pecu\u00e1ria familiar - FETAG-RS\" \/>\n<meta property=\"og:description\" content=\"&nbsp; A FETAG-RS esteve em Bras\u00edlia nesta semana em uma s\u00e9rie de agendas voltadas principalmente \u00e0 defesa da agricultura e pecu\u00e1ria familiar, com destaque para a tramita\u00e7\u00e3o do Projeto de Lei n\u00ba 5.122\/2023, que trata da renegocia\u00e7\u00e3o das d\u00edvidas do setor, e para as discuss\u00f5es do Plano Safra. A comitiva acompanhou a reuni\u00e3o da Comiss\u00e3o... Leia mais &raquo;\" \/>\n<meta property=\"og:url\" content=\"https:\/\/www.fetagrs.org.br\/?p=53906\" \/>\n<meta property=\"og:site_name\" content=\"FETAG-RS\" \/>\n<meta property=\"article:publisher\" content=\"https:\/\/www.facebook.com\/fetagrs\" \/>\n<meta property=\"article:published_time\" content=\"2026-04-30T13:50:38+00:00\" \/>\n<meta property=\"article:modified_time\" content=\"2026-04-30T14:45:34+00:00\" \/>\n<meta property=\"og:image\" content=\"https:\/\/www.fetagrs.org.br\/wp-content\/uploads\/2026\/04\/WhatsApp-Image-2026-04-30-at-11.05.37-e1777560293222.jpeg\" \/>\n\t<meta property=\"og:image:width\" content=\"850\" \/>\n\t<meta property=\"og:image:height\" content=\"1063\" \/>\n\t<meta property=\"og:image:type\" content=\"image\/jpeg\" \/>\n<meta name=\"author\" content=\"Camila dos Santos\" \/>\n<meta name=\"twitter:card\" content=\"summary_large_image\" \/>\n<script type=\"application\/ld+json\" class=\"yoast-schema-graph\">{\"@context\":\"https:\/\/schema.org\",\"@graph\":[{\"@type\":\"Article\",\"@id\":\"https:\/\/www.fetagrs.org.br\/?p=53906#article\",\"isPartOf\":{\"@id\":\"https:\/\/www.fetagrs.org.br\/?p=53906\"},\"author\":{\"name\":\"Camila dos Santos\",\"@id\":\"https:\/\/www.fetagrs.org.br\/#\/schema\/person\/414925669ddee89f2bb52fcc97310ea8\"},\"headline\":\"Comitiva da FETAG-RS intensificou agendas em Bras\u00edlia em defesa da agricultura e pecu\u00e1ria familiar\",\"datePublished\":\"2026-04-30T13:50:38+00:00\",\"dateModified\":\"2026-04-30T14:45:34+00:00\",\"mainEntityOfPage\":{\"@id\":\"https:\/\/www.fetagrs.org.br\/?p=53906\"},\"wordCount\":412,\"commentCount\":0,\"publisher\":{\"@id\":\"https:\/\/www.fetagrs.org.br\/#organization\"},\"image\":{\"@id\":\"https:\/\/www.fetagrs.org.br\/?p=53906#primaryimage\"},\"thumbnailUrl\":\"https:\/\/www.fetagrs.org.br\/wp-content\/uploads\/2026\/04\/WhatsApp-Image-2026-04-30-at-11.05.37-e1777560293222.jpeg\",\"articleSection\":[\"Destaques\",\"Not\u00edcias\"],\"inLanguage\":\"pt-BR\",\"potentialAction\":[{\"@type\":\"CommentAction\",\"name\":\"Comment\",\"target\":[\"https:\/\/www.fetagrs.org.br\/?p=53906#respond\"]}]},{\"@type\":\"WebPage\",\"@id\":\"https:\/\/www.fetagrs.org.br\/?p=53906\",\"url\":\"https:\/\/www.fetagrs.org.br\/?p=53906\",\"name\":\"Comitiva da FETAG-RS intensificou agendas em Bras\u00edlia em defesa da agricultura e pecu\u00e1ria familiar - FETAG-RS\",\"isPartOf\":{\"@id\":\"https:\/\/www.fetagrs.org.br\/#website\"},\"primaryImageOfPage\":{\"@id\":\"https:\/\/www.fetagrs.org.br\/?p=53906#primaryimage\"},\"image\":{\"@id\":\"https:\/\/www.fetagrs.org.br\/?p=53906#primaryimage\"},\"thumbnailUrl\":\"https:\/\/www.fetagrs.org.br\/wp-content\/uploads\/2026\/04\/WhatsApp-Image-2026-04-30-at-11.05.37-e1777560293222.jpeg\",\"datePublished\":\"2026-04-30T13:50:38+00:00\",\"dateModified\":\"2026-04-30T14:45:34+00:00\",\"breadcrumb\":{\"@id\":\"https:\/\/www.fetagrs.org.br\/?p=53906#breadcrumb\"},\"inLanguage\":\"pt-BR\",\"potentialAction\":[{\"@type\":\"ReadAction\",\"target\":[\"https:\/\/www.fetagrs.org.br\/?p=53906\"]}]},{\"@type\":\"ImageObject\",\"inLanguage\":\"pt-BR\",\"@id\":\"https:\/\/www.fetagrs.org.br\/?p=53906#primaryimage\",\"url\":\"https:\/\/www.fetagrs.org.br\/wp-content\/uploads\/2026\/04\/WhatsApp-Image-2026-04-30-at-11.05.37-e1777560293222.jpeg\",\"contentUrl\":\"https:\/\/www.fetagrs.org.br\/wp-content\/uploads\/2026\/04\/WhatsApp-Image-2026-04-30-at-11.05.37-e1777560293222.jpeg\",\"width\":850,\"height\":1063},{\"@type\":\"BreadcrumbList\",\"@id\":\"https:\/\/www.fetagrs.org.br\/?p=53906#breadcrumb\",\"itemListElement\":[{\"@type\":\"ListItem\",\"position\":1,\"name\":\"In\u00edcio\",\"item\":\"https:\/\/www.fetagrs.org.br\/\"},{\"@type\":\"ListItem\",\"position\":2,\"name\":\"Comitiva da FETAG-RS intensificou agendas em Bras\u00edlia em defesa da agricultura e pecu\u00e1ria familiar\"}]},{\"@type\":\"WebSite\",\"@id\":\"https:\/\/www.fetagrs.org.br\/#website\",\"url\":\"https:\/\/www.fetagrs.org.br\/\",\"name\":\"FETAG-RS\",\"description\":\"Federa\u00e7\u00e3o dos Trabalhadores na Agricultura no RS\",\"publisher\":{\"@id\":\"https:\/\/www.fetagrs.org.br\/#organization\"},\"potentialAction\":[{\"@type\":\"SearchAction\",\"target\":{\"@type\":\"EntryPoint\",\"urlTemplate\":\"https:\/\/www.fetagrs.org.br\/?s={search_term_string}\"},\"query-input\":{\"@type\":\"PropertyValueSpecification\",\"valueRequired\":true,\"valueName\":\"search_term_string\"}}],\"inLanguage\":\"pt-BR\"},{\"@type\":\"Organization\",\"@id\":\"https:\/\/www.fetagrs.org.br\/#organization\",\"name\":\"Federa\u00e7\u00e3o dos Trabalhadores na Agricultura no Rio Grande do Sul\",\"url\":\"https:\/\/www.fetagrs.org.br\/\",\"logo\":{\"@type\":\"ImageObject\",\"inLanguage\":\"pt-BR\",\"@id\":\"https:\/\/www.fetagrs.org.br\/#\/schema\/logo\/image\/\",\"url\":\"http:\/\/fetagrs.org.br\/wp-content\/uploads\/2020\/12\/FETAG-RS.jpg\",\"contentUrl\":\"http:\/\/fetagrs.org.br\/wp-content\/uploads\/2020\/12\/FETAG-RS.jpg\",\"width\":561,\"height\":598,\"caption\":\"Federa\u00e7\u00e3o dos Trabalhadores na Agricultura no Rio Grande do Sul\"},\"image\":{\"@id\":\"https:\/\/www.fetagrs.org.br\/#\/schema\/logo\/image\/\"},\"sameAs\":[\"https:\/\/www.facebook.com\/fetagrs\",\"https:\/\/www.instagram.com\/fetagrs\/\",\"https:\/\/www.youtube.com\/c\/TVFETAGRS\/featured\"]},{\"@type\":\"Person\",\"@id\":\"https:\/\/www.fetagrs.org.br\/#\/schema\/person\/414925669ddee89f2bb52fcc97310ea8\",\"name\":\"Camila dos Santos\",\"image\":{\"@type\":\"ImageObject\",\"inLanguage\":\"pt-BR\",\"@id\":\"https:\/\/www.fetagrs.org.br\/#\/schema\/person\/image\/\",\"url\":\"https:\/\/secure.gravatar.com\/avatar\/177064ae07f49fc3b530bc0911ff4424e621528eb067022c8663e5f4c4031fa8?s=96&d=mm&r=g\",\"contentUrl\":\"https:\/\/secure.gravatar.com\/avatar\/177064ae07f49fc3b530bc0911ff4424e621528eb067022c8663e5f4c4031fa8?s=96&d=mm&r=g\",\"caption\":\"Camila dos Santos\"},\"url\":\"https:\/\/www.fetagrs.org.br\/?author=10\"}]}<\/script>\n<!-- \/ Yoast SEO plugin. -->","yoast_head_json":{"title":"Comitiva da FETAG-RS intensificou agendas em Bras\u00edlia em defesa da agricultura e pecu\u00e1ria familiar - FETAG-RS","robots":{"index":"index","follow":"follow","max-snippet":"max-snippet:-1","max-image-preview":"max-image-preview:large","max-video-preview":"max-video-preview:-1"},"canonical":"https:\/\/www.fetagrs.org.br\/?p=53906","og_locale":"pt_BR","og_type":"article","og_title":"Comitiva da FETAG-RS intensificou agendas em Bras\u00edlia em defesa da agricultura e pecu\u00e1ria familiar - FETAG-RS","og_description":"&nbsp; A FETAG-RS esteve em Bras\u00edlia nesta semana em uma s\u00e9rie de agendas voltadas principalmente \u00e0 defesa da agricultura e pecu\u00e1ria familiar, com destaque para a tramita\u00e7\u00e3o do Projeto de Lei n\u00ba 5.122\/2023, que trata da renegocia\u00e7\u00e3o das d\u00edvidas do setor, e para as discuss\u00f5es do Plano Safra. A comitiva acompanhou a reuni\u00e3o da Comiss\u00e3o... Leia mais &raquo;","og_url":"https:\/\/www.fetagrs.org.br\/?p=53906","og_site_name":"FETAG-RS","article_publisher":"https:\/\/www.facebook.com\/fetagrs","article_published_time":"2026-04-30T13:50:38+00:00","article_modified_time":"2026-04-30T14:45:34+00:00","og_image":[{"width":850,"height":1063,"url":"https:\/\/www.fetagrs.org.br\/wp-content\/uploads\/2026\/04\/WhatsApp-Image-2026-04-30-at-11.05.37-e1777560293222.jpeg","type":"image\/jpeg"}],"author":"Camila dos Santos","twitter_card":"summary_large_image","schema":{"@context":"https:\/\/schema.org","@graph":[{"@type":"Article","@id":"https:\/\/www.fetagrs.org.br\/?p=53906#article","isPartOf":{"@id":"https:\/\/www.fetagrs.org.br\/?p=53906"},"author":{"name":"Camila dos Santos","@id":"https:\/\/www.fetagrs.org.br\/#\/schema\/person\/414925669ddee89f2bb52fcc97310ea8"},"headline":"Comitiva da FETAG-RS intensificou agendas em Bras\u00edlia em defesa da agricultura e pecu\u00e1ria familiar","datePublished":"2026-04-30T13:50:38+00:00","dateModified":"2026-04-30T14:45:34+00:00","mainEntityOfPage":{"@id":"https:\/\/www.fetagrs.org.br\/?p=53906"},"wordCount":412,"commentCount":0,"publisher":{"@id":"https:\/\/www.fetagrs.org.br\/#organization"},"image":{"@id":"https:\/\/www.fetagrs.org.br\/?p=53906#primaryimage"},"thumbnailUrl":"https:\/\/www.fetagrs.org.br\/wp-content\/uploads\/2026\/04\/WhatsApp-Image-2026-04-30-at-11.05.37-e1777560293222.jpeg","articleSection":["Destaques","Not\u00edcias"],"inLanguage":"pt-BR","potentialAction":[{"@type":"CommentAction","name":"Comment","target":["https:\/\/www.fetagrs.org.br\/?p=53906#respond"]}]},{"@type":"WebPage","@id":"https:\/\/www.fetagrs.org.br\/?p=53906","url":"https:\/\/www.fetagrs.org.br\/?p=53906","name":"Comitiva da FETAG-RS intensificou agendas em Bras\u00edlia em defesa da agricultura e pecu\u00e1ria familiar - FETAG-RS","isPartOf":{"@id":"https:\/\/www.fetagrs.org.br\/#website"},"primaryImageOfPage":{"@id":"https:\/\/www.fetagrs.org.br\/?p=53906#primaryimage"},"image":{"@id":"https:\/\/www.fetagrs.org.br\/?p=53906#primaryimage"},"thumbnailUrl":"https:\/\/www.fetagrs.org.br\/wp-content\/uploads\/2026\/04\/WhatsApp-Image-2026-04-30-at-11.05.37-e1777560293222.jpeg","datePublished":"2026-04-30T13:50:38+00:00","dateModified":"2026-04-30T14:45:34+00:00","breadcrumb":{"@id":"https:\/\/www.fetagrs.org.br\/?p=53906#breadcrumb"},"inLanguage":"pt-BR","potentialAction":[{"@type":"ReadAction","target":["https:\/\/www.fetagrs.org.br\/?p=53906"]}]},{"@type":"ImageObject","inLanguage":"pt-BR","@id":"https:\/\/www.fetagrs.org.br\/?p=53906#primaryimage","url":"https:\/\/www.fetagrs.org.br\/wp-content\/uploads\/2026\/04\/WhatsApp-Image-2026-04-30-at-11.05.37-e1777560293222.jpeg","contentUrl":"https:\/\/www.fetagrs.org.br\/wp-content\/uploads\/2026\/04\/WhatsApp-Image-2026-04-30-at-11.05.37-e1777560293222.jpeg","width":850,"height":1063},{"@type":"BreadcrumbList","@id":"https:\/\/www.fetagrs.org.br\/?p=53906#breadcrumb","itemListElement":[{"@type":"ListItem","position":1,"name":"In\u00edcio","item":"https:\/\/www.fetagrs.org.br\/"},{"@type":"ListItem","position":2,"name":"Comitiva da FETAG-RS intensificou agendas em Bras\u00edlia em defesa da agricultura e pecu\u00e1ria familiar"}]},{"@type":"WebSite","@id":"https:\/\/www.fetagrs.org.br\/#website","url":"https:\/\/www.fetagrs.org.br\/","name":"FETAG-RS","description":"Federa\u00e7\u00e3o dos Trabalhadores na Agricultura no RS","publisher":{"@id":"https:\/\/www.fetagrs.org.br\/#organization"},"potentialAction":[{"@type":"SearchAction","target":{"@type":"EntryPoint","urlTemplate":"https:\/\/www.fetagrs.org.br\/?s={search_term_string}"},"query-input":{"@type":"PropertyValueSpecification","valueRequired":true,"valueName":"search_term_string"}}],"inLanguage":"pt-BR"},{"@type":"Organization","@id":"https:\/\/www.fetagrs.org.br\/#organization","name":"Federa\u00e7\u00e3o dos Trabalhadores na Agricultura no Rio Grande do Sul","url":"https:\/\/www.fetagrs.org.br\/","logo":{"@type":"ImageObject","inLanguage":"pt-BR","@id":"https:\/\/www.fetagrs.org.br\/#\/schema\/logo\/image\/","url":"http:\/\/fetagrs.org.br\/wp-content\/uploads\/2020\/12\/FETAG-RS.jpg","contentUrl":"http:\/\/fetagrs.org.br\/wp-content\/uploads\/2020\/12\/FETAG-RS.jpg","width":561,"height":598,"caption":"Federa\u00e7\u00e3o dos Trabalhadores na Agricultura no Rio Grande do Sul"},"image":{"@id":"https:\/\/www.fetagrs.org.br\/#\/schema\/logo\/image\/"},"sameAs":["https:\/\/www.facebook.com\/fetagrs","https:\/\/www.instagram.com\/fetagrs\/","https:\/\/www.youtube.com\/c\/TVFETAGRS\/featured"]},{"@type":"Person","@id":"https:\/\/www.fetagrs.org.br\/#\/schema\/person\/414925669ddee89f2bb52fcc97310ea8","name":"Camila dos Santos","image":{"@type":"ImageObject","inLanguage":"pt-BR","@id":"https:\/\/www.fetagrs.org.br\/#\/schema\/person\/image\/","url":"https:\/\/secure.gravatar.com\/avatar\/177064ae07f49fc3b530bc0911ff4424e621528eb067022c8663e5f4c4031fa8?s=96&d=mm&r=g","contentUrl":"https:\/\/secure.gravatar.com\/avatar\/177064ae07f49fc3b530bc0911ff4424e621528eb067022c8663e5f4c4031fa8?s=96&d=mm&r=g","caption":"Camila dos Santos"},"url":"https:\/\/www.fetagrs.org.br\/?author=10"}]}},"_links":{"self":[{"href":"https:\/\/www.fetagrs.org.br\/index.php?rest_route=\/wp\/v2\/posts\/53906","targetHints":{"allow":["GET"]}}],"collection":[{"href":"https:\/\/www.fetagrs.org.br\/index.php?rest_route=\/wp\/v2\/posts"}],"about":[{"href":"https:\/\/www.fetagrs.org.br\/index.php?rest_route=\/wp\/v2\/types\/post"}],"author":[{"embeddable":true,"href":"https:\/\/www.fetagrs.org.br\/index.php?rest_route=\/wp\/v2\/users\/10"}],"replies":[{"embeddable":true,"href":"https:\/\/www.fetagrs.org.br\/index.php?rest_route=%2Fwp%2Fv2%2Fcomments&post=53906"}],"version-history":[{"count":3,"href":"https:\/\/www.fetagrs.org.br\/index.php?rest_route=\/wp\/v2\/posts\/53906\/revisions"}],"predecessor-version":[{"id":53911,"href":"https:\/\/www.fetagrs.org.br\/index.php?rest_route=\/wp\/v2\/posts\/53906\/revisions\/53911"}],"wp:featuredmedia":[{"embeddable":true,"href":"https:\/\/www.fetagrs.org.br\/index.php?rest_route=\/wp\/v2\/media\/53910"}],"wp:attachment":[{"href":"https:\/\/www.fetagrs.org.br\/index.php?rest_route=%2Fwp%2Fv2%2Fmedia&parent=53906"}],"wp:term":[{"taxonomy":"category","embeddable":true,"href":"https:\/\/www.fetagrs.org.br\/index.php?rest_route=%2Fwp%2Fv2%2Fcategories&post=53906"},{"taxonomy":"post_tag","embeddable":true,"href":"https:\/\/www.fetagrs.org.br\/index.php?rest_route=%2Fwp%2Fv2%2Ftags&post=53906"}],"curies":[{"name":"wp","href":"https:\/\/api.w.org\/{rel}","templated":true}]}}