{"id":53901,"date":"2026-04-27T15:13:26","date_gmt":"2026-04-27T18:13:26","guid":{"rendered":"https:\/\/www.fetagrs.org.br\/?p=53901"},"modified":"2026-04-27T15:33:15","modified_gmt":"2026-04-27T18:33:15","slug":"aviso-de-pauta-comitiva-da-fetag-rs-intensifica-articulacoes-em-brasilia-por-avancos-no-camp","status":"publish","type":"post","link":"https:\/\/www.fetagrs.org.br\/?p=53901","title":{"rendered":"Aviso de Pauta: Comitiva da FETAG-RS intensifica articula\u00e7\u00f5es em Bras\u00edlia por avan\u00e7os no campo"},"content":{"rendered":"<p>&nbsp;<\/p>\n<img loading=\"lazy\" decoding=\"async\" class=\"size-medium wp-image-53793 aligncenter\" src=\"http:\/\/www.fetagrs.org.br\/wp-content\/uploads\/2026\/03\/FETAG-RS-NOTICIA-4-300x170.png\" alt=\"\" width=\"300\" height=\"170\" \/>\n<p data-start=\"158\" data-end=\"337\">A <span class=\"hover:entity-accent entity-underline inline cursor-pointer align-baseline\"><span class=\"whitespace-normal\">FETAG-RS<\/span><\/span> est\u00e1 com uma comitiva em Bras\u00edlia ao longo desta semana, onde cumpre uma s\u00e9rie de agendas institucionais em defesa da agricultura familiar.<\/p>\n<p data-start=\"339\" data-end=\"700\">Entre os principais temas em pauta est\u00e3o quest\u00f5es relacionadas ao Proagro, as discuss\u00f5es em torno do Plano Safra e o acompanhamento da tramita\u00e7\u00e3o do Projeto de Lei n\u00ba 51\/2022 no <span class=\"hover:entity-accent entity-underline inline cursor-pointer align-baseline\"><span class=\"whitespace-normal\">Senado Federal<\/span><\/span>, que busca criar alternativas para a renegocia\u00e7\u00e3o e solu\u00e7\u00e3o do passivo acumulado por produtores rurais afetados por sucessivas crises clim\u00e1ticas.<\/p>\n<p data-start=\"702\" data-end=\"985\">A comitiva tamb\u00e9m realiza reuni\u00f5es com parlamentares e representantes de \u00f3rg\u00e3os federais, com o objetivo de levar as demandas dos agricultores e agricultoras familiares do Rio Grande do Sul, buscando avan\u00e7os em pol\u00edticas p\u00fablicas e melhores condi\u00e7\u00f5es para o desenvolvimento do setor.<\/p>\n<p data-start=\"987\" data-end=\"1183\">A agenda inclui ainda articula\u00e7\u00f5es institucionais e o fortalecimento do di\u00e1logo com lideran\u00e7as pol\u00edticas, refor\u00e7ando o papel da FETAG-RS na representa\u00e7\u00e3o da agricultura familiar em n\u00edvel nacional.<\/p>\n","protected":false},"excerpt":{"rendered":"<p>&nbsp; A FETAG-RS est\u00e1 com uma comitiva em Bras\u00edlia ao longo desta semana, onde cumpre uma s\u00e9rie de agendas institucionais em defesa da agricultura familiar. Entre os principais temas em pauta est\u00e3o quest\u00f5es relacionadas ao Proagro, as discuss\u00f5es em torno do Plano Safra e o acompanhamento da tramita\u00e7\u00e3o do Projeto de Lei n\u00ba 51\/2022 no&#8230;  <a class=\"excerpt-read-more\" href=\"https:\/\/www.fetagrs.org.br\/?p=53901\" title=\"Read Aviso de Pauta: Comitiva da FETAG-RS intensifica articula\u00e7\u00f5es em Bras\u00edlia por avan\u00e7os no campo\">Leia mais &raquo;<\/a><\/p>\n","protected":false},"author":10,"featured_media":53793,"comment_status":"open","ping_status":"open","sticky":false,"template":"","format":"standard","meta":{"footnotes":"","_links_to":"","_links_to_target":""},"categories":[4,3],"tags":[],"class_list":["post-53901","post","type-post","status-publish","format-standard","has-post-thumbnail","hentry","category-destaques","category-noticias"],"yoast_head":"<!-- This site is optimized with the Yoast SEO plugin v26.8 - https:\/\/yoast.com\/product\/yoast-seo-wordpress\/ -->\n<title>Aviso de Pauta: Comitiva da FETAG-RS intensifica articula\u00e7\u00f5es em Bras\u00edlia por avan\u00e7os no campo - FETAG-RS<\/title>\n<meta name=\"robots\" content=\"index, follow, max-snippet:-1, max-image-preview:large, max-video-preview:-1\" \/>\n<link rel=\"canonical\" href=\"https:\/\/www.fetagrs.org.br\/?p=53901\" \/>\n<meta property=\"og:locale\" content=\"pt_BR\" \/>\n<meta property=\"og:type\" content=\"article\" \/>\n<meta property=\"og:title\" content=\"Aviso de Pauta: Comitiva da FETAG-RS intensifica articula\u00e7\u00f5es em Bras\u00edlia por avan\u00e7os no campo - FETAG-RS\" \/>\n<meta property=\"og:description\" content=\"&nbsp; A FETAG-RS est\u00e1 com uma comitiva em Bras\u00edlia ao longo desta semana, onde cumpre uma s\u00e9rie de agendas institucionais em defesa da agricultura familiar. Entre os principais temas em pauta est\u00e3o quest\u00f5es relacionadas ao Proagro, as discuss\u00f5es em torno do Plano Safra e o acompanhamento da tramita\u00e7\u00e3o do Projeto de Lei n\u00ba 51\/2022 no... Leia mais &raquo;\" \/>\n<meta property=\"og:url\" content=\"https:\/\/www.fetagrs.org.br\/?p=53901\" \/>\n<meta property=\"og:site_name\" content=\"FETAG-RS\" \/>\n<meta property=\"article:publisher\" content=\"https:\/\/www.facebook.com\/fetagrs\" \/>\n<meta property=\"article:published_time\" content=\"2026-04-27T18:13:26+00:00\" \/>\n<meta property=\"article:modified_time\" content=\"2026-04-27T18:33:15+00:00\" \/>\n<meta property=\"og:image\" content=\"https:\/\/www.fetagrs.org.br\/wp-content\/uploads\/2026\/03\/FETAG-RS-NOTICIA-4-scaled-e1774274071695.png\" \/>\n\t<meta property=\"og:image:width\" content=\"850\" \/>\n\t<meta property=\"og:image:height\" content=\"481\" \/>\n\t<meta property=\"og:image:type\" content=\"image\/png\" \/>\n<meta name=\"author\" content=\"Camila dos Santos\" \/>\n<meta name=\"twitter:card\" content=\"summary_large_image\" \/>\n<script type=\"application\/ld+json\" class=\"yoast-schema-graph\">{\"@context\":\"https:\/\/schema.org\",\"@graph\":[{\"@type\":\"Article\",\"@id\":\"https:\/\/www.fetagrs.org.br\/?p=53901#article\",\"isPartOf\":{\"@id\":\"https:\/\/www.fetagrs.org.br\/?p=53901\"},\"author\":{\"name\":\"Camila dos Santos\",\"@id\":\"https:\/\/www.fetagrs.org.br\/#\/schema\/person\/414925669ddee89f2bb52fcc97310ea8\"},\"headline\":\"Aviso de Pauta: Comitiva da FETAG-RS intensifica articula\u00e7\u00f5es em Bras\u00edlia por avan\u00e7os no campo\",\"datePublished\":\"2026-04-27T18:13:26+00:00\",\"dateModified\":\"2026-04-27T18:33:15+00:00\",\"mainEntityOfPage\":{\"@id\":\"https:\/\/www.fetagrs.org.br\/?p=53901\"},\"wordCount\":185,\"commentCount\":0,\"publisher\":{\"@id\":\"https:\/\/www.fetagrs.org.br\/#organization\"},\"image\":{\"@id\":\"https:\/\/www.fetagrs.org.br\/?p=53901#primaryimage\"},\"thumbnailUrl\":\"https:\/\/www.fetagrs.org.br\/wp-content\/uploads\/2026\/03\/FETAG-RS-NOTICIA-4-scaled-e1774274071695.png\",\"articleSection\":[\"Destaques\",\"Not\u00edcias\"],\"inLanguage\":\"pt-BR\",\"potentialAction\":[{\"@type\":\"CommentAction\",\"name\":\"Comment\",\"target\":[\"https:\/\/www.fetagrs.org.br\/?p=53901#respond\"]}]},{\"@type\":\"WebPage\",\"@id\":\"https:\/\/www.fetagrs.org.br\/?p=53901\",\"url\":\"https:\/\/www.fetagrs.org.br\/?p=53901\",\"name\":\"Aviso de Pauta: Comitiva da FETAG-RS intensifica articula\u00e7\u00f5es em Bras\u00edlia por avan\u00e7os no campo - FETAG-RS\",\"isPartOf\":{\"@id\":\"https:\/\/www.fetagrs.org.br\/#website\"},\"primaryImageOfPage\":{\"@id\":\"https:\/\/www.fetagrs.org.br\/?p=53901#primaryimage\"},\"image\":{\"@id\":\"https:\/\/www.fetagrs.org.br\/?p=53901#primaryimage\"},\"thumbnailUrl\":\"https:\/\/www.fetagrs.org.br\/wp-content\/uploads\/2026\/03\/FETAG-RS-NOTICIA-4-scaled-e1774274071695.png\",\"datePublished\":\"2026-04-27T18:13:26+00:00\",\"dateModified\":\"2026-04-27T18:33:15+00:00\",\"breadcrumb\":{\"@id\":\"https:\/\/www.fetagrs.org.br\/?p=53901#breadcrumb\"},\"inLanguage\":\"pt-BR\",\"potentialAction\":[{\"@type\":\"ReadAction\",\"target\":[\"https:\/\/www.fetagrs.org.br\/?p=53901\"]}]},{\"@type\":\"ImageObject\",\"inLanguage\":\"pt-BR\",\"@id\":\"https:\/\/www.fetagrs.org.br\/?p=53901#primaryimage\",\"url\":\"https:\/\/www.fetagrs.org.br\/wp-content\/uploads\/2026\/03\/FETAG-RS-NOTICIA-4-scaled-e1774274071695.png\",\"contentUrl\":\"https:\/\/www.fetagrs.org.br\/wp-content\/uploads\/2026\/03\/FETAG-RS-NOTICIA-4-scaled-e1774274071695.png\",\"width\":850,\"height\":481},{\"@type\":\"BreadcrumbList\",\"@id\":\"https:\/\/www.fetagrs.org.br\/?p=53901#breadcrumb\",\"itemListElement\":[{\"@type\":\"ListItem\",\"position\":1,\"name\":\"In\u00edcio\",\"item\":\"https:\/\/www.fetagrs.org.br\/\"},{\"@type\":\"ListItem\",\"position\":2,\"name\":\"Aviso de Pauta: Comitiva da FETAG-RS intensifica articula\u00e7\u00f5es em Bras\u00edlia por avan\u00e7os no campo\"}]},{\"@type\":\"WebSite\",\"@id\":\"https:\/\/www.fetagrs.org.br\/#website\",\"url\":\"https:\/\/www.fetagrs.org.br\/\",\"name\":\"FETAG-RS\",\"description\":\"Federa\u00e7\u00e3o dos Trabalhadores na Agricultura no RS\",\"publisher\":{\"@id\":\"https:\/\/www.fetagrs.org.br\/#organization\"},\"potentialAction\":[{\"@type\":\"SearchAction\",\"target\":{\"@type\":\"EntryPoint\",\"urlTemplate\":\"https:\/\/www.fetagrs.org.br\/?s={search_term_string}\"},\"query-input\":{\"@type\":\"PropertyValueSpecification\",\"valueRequired\":true,\"valueName\":\"search_term_string\"}}],\"inLanguage\":\"pt-BR\"},{\"@type\":\"Organization\",\"@id\":\"https:\/\/www.fetagrs.org.br\/#organization\",\"name\":\"Federa\u00e7\u00e3o dos Trabalhadores na Agricultura no Rio Grande do Sul\",\"url\":\"https:\/\/www.fetagrs.org.br\/\",\"logo\":{\"@type\":\"ImageObject\",\"inLanguage\":\"pt-BR\",\"@id\":\"https:\/\/www.fetagrs.org.br\/#\/schema\/logo\/image\/\",\"url\":\"http:\/\/fetagrs.org.br\/wp-content\/uploads\/2020\/12\/FETAG-RS.jpg\",\"contentUrl\":\"http:\/\/fetagrs.org.br\/wp-content\/uploads\/2020\/12\/FETAG-RS.jpg\",\"width\":561,\"height\":598,\"caption\":\"Federa\u00e7\u00e3o dos Trabalhadores na Agricultura no Rio Grande do Sul\"},\"image\":{\"@id\":\"https:\/\/www.fetagrs.org.br\/#\/schema\/logo\/image\/\"},\"sameAs\":[\"https:\/\/www.facebook.com\/fetagrs\",\"https:\/\/www.instagram.com\/fetagrs\/\",\"https:\/\/www.youtube.com\/c\/TVFETAGRS\/featured\"]},{\"@type\":\"Person\",\"@id\":\"https:\/\/www.fetagrs.org.br\/#\/schema\/person\/414925669ddee89f2bb52fcc97310ea8\",\"name\":\"Camila dos Santos\",\"image\":{\"@type\":\"ImageObject\",\"inLanguage\":\"pt-BR\",\"@id\":\"https:\/\/www.fetagrs.org.br\/#\/schema\/person\/image\/\",\"url\":\"https:\/\/secure.gravatar.com\/avatar\/177064ae07f49fc3b530bc0911ff4424e621528eb067022c8663e5f4c4031fa8?s=96&d=mm&r=g\",\"contentUrl\":\"https:\/\/secure.gravatar.com\/avatar\/177064ae07f49fc3b530bc0911ff4424e621528eb067022c8663e5f4c4031fa8?s=96&d=mm&r=g\",\"caption\":\"Camila dos Santos\"},\"url\":\"https:\/\/www.fetagrs.org.br\/?author=10\"}]}<\/script>\n<!-- \/ Yoast SEO plugin. -->","yoast_head_json":{"title":"Aviso de Pauta: Comitiva da FETAG-RS intensifica articula\u00e7\u00f5es em Bras\u00edlia por avan\u00e7os no campo - FETAG-RS","robots":{"index":"index","follow":"follow","max-snippet":"max-snippet:-1","max-image-preview":"max-image-preview:large","max-video-preview":"max-video-preview:-1"},"canonical":"https:\/\/www.fetagrs.org.br\/?p=53901","og_locale":"pt_BR","og_type":"article","og_title":"Aviso de Pauta: Comitiva da FETAG-RS intensifica articula\u00e7\u00f5es em Bras\u00edlia por avan\u00e7os no campo - FETAG-RS","og_description":"&nbsp; A FETAG-RS est\u00e1 com uma comitiva em Bras\u00edlia ao longo desta semana, onde cumpre uma s\u00e9rie de agendas institucionais em defesa da agricultura familiar. Entre os principais temas em pauta est\u00e3o quest\u00f5es relacionadas ao Proagro, as discuss\u00f5es em torno do Plano Safra e o acompanhamento da tramita\u00e7\u00e3o do Projeto de Lei n\u00ba 51\/2022 no... Leia mais &raquo;","og_url":"https:\/\/www.fetagrs.org.br\/?p=53901","og_site_name":"FETAG-RS","article_publisher":"https:\/\/www.facebook.com\/fetagrs","article_published_time":"2026-04-27T18:13:26+00:00","article_modified_time":"2026-04-27T18:33:15+00:00","og_image":[{"width":850,"height":481,"url":"https:\/\/www.fetagrs.org.br\/wp-content\/uploads\/2026\/03\/FETAG-RS-NOTICIA-4-scaled-e1774274071695.png","type":"image\/png"}],"author":"Camila dos Santos","twitter_card":"summary_large_image","schema":{"@context":"https:\/\/schema.org","@graph":[{"@type":"Article","@id":"https:\/\/www.fetagrs.org.br\/?p=53901#article","isPartOf":{"@id":"https:\/\/www.fetagrs.org.br\/?p=53901"},"author":{"name":"Camila dos Santos","@id":"https:\/\/www.fetagrs.org.br\/#\/schema\/person\/414925669ddee89f2bb52fcc97310ea8"},"headline":"Aviso de Pauta: Comitiva da FETAG-RS intensifica articula\u00e7\u00f5es em Bras\u00edlia por avan\u00e7os no campo","datePublished":"2026-04-27T18:13:26+00:00","dateModified":"2026-04-27T18:33:15+00:00","mainEntityOfPage":{"@id":"https:\/\/www.fetagrs.org.br\/?p=53901"},"wordCount":185,"commentCount":0,"publisher":{"@id":"https:\/\/www.fetagrs.org.br\/#organization"},"image":{"@id":"https:\/\/www.fetagrs.org.br\/?p=53901#primaryimage"},"thumbnailUrl":"https:\/\/www.fetagrs.org.br\/wp-content\/uploads\/2026\/03\/FETAG-RS-NOTICIA-4-scaled-e1774274071695.png","articleSection":["Destaques","Not\u00edcias"],"inLanguage":"pt-BR","potentialAction":[{"@type":"CommentAction","name":"Comment","target":["https:\/\/www.fetagrs.org.br\/?p=53901#respond"]}]},{"@type":"WebPage","@id":"https:\/\/www.fetagrs.org.br\/?p=53901","url":"https:\/\/www.fetagrs.org.br\/?p=53901","name":"Aviso de Pauta: Comitiva da FETAG-RS intensifica articula\u00e7\u00f5es em Bras\u00edlia por avan\u00e7os no campo - FETAG-RS","isPartOf":{"@id":"https:\/\/www.fetagrs.org.br\/#website"},"primaryImageOfPage":{"@id":"https:\/\/www.fetagrs.org.br\/?p=53901#primaryimage"},"image":{"@id":"https:\/\/www.fetagrs.org.br\/?p=53901#primaryimage"},"thumbnailUrl":"https:\/\/www.fetagrs.org.br\/wp-content\/uploads\/2026\/03\/FETAG-RS-NOTICIA-4-scaled-e1774274071695.png","datePublished":"2026-04-27T18:13:26+00:00","dateModified":"2026-04-27T18:33:15+00:00","breadcrumb":{"@id":"https:\/\/www.fetagrs.org.br\/?p=53901#breadcrumb"},"inLanguage":"pt-BR","potentialAction":[{"@type":"ReadAction","target":["https:\/\/www.fetagrs.org.br\/?p=53901"]}]},{"@type":"ImageObject","inLanguage":"pt-BR","@id":"https:\/\/www.fetagrs.org.br\/?p=53901#primaryimage","url":"https:\/\/www.fetagrs.org.br\/wp-content\/uploads\/2026\/03\/FETAG-RS-NOTICIA-4-scaled-e1774274071695.png","contentUrl":"https:\/\/www.fetagrs.org.br\/wp-content\/uploads\/2026\/03\/FETAG-RS-NOTICIA-4-scaled-e1774274071695.png","width":850,"height":481},{"@type":"BreadcrumbList","@id":"https:\/\/www.fetagrs.org.br\/?p=53901#breadcrumb","itemListElement":[{"@type":"ListItem","position":1,"name":"In\u00edcio","item":"https:\/\/www.fetagrs.org.br\/"},{"@type":"ListItem","position":2,"name":"Aviso de Pauta: Comitiva da FETAG-RS intensifica articula\u00e7\u00f5es em Bras\u00edlia por avan\u00e7os no campo"}]},{"@type":"WebSite","@id":"https:\/\/www.fetagrs.org.br\/#website","url":"https:\/\/www.fetagrs.org.br\/","name":"FETAG-RS","description":"Federa\u00e7\u00e3o dos Trabalhadores na Agricultura no RS","publisher":{"@id":"https:\/\/www.fetagrs.org.br\/#organization"},"potentialAction":[{"@type":"SearchAction","target":{"@type":"EntryPoint","urlTemplate":"https:\/\/www.fetagrs.org.br\/?s={search_term_string}"},"query-input":{"@type":"PropertyValueSpecification","valueRequired":true,"valueName":"search_term_string"}}],"inLanguage":"pt-BR"},{"@type":"Organization","@id":"https:\/\/www.fetagrs.org.br\/#organization","name":"Federa\u00e7\u00e3o dos Trabalhadores na Agricultura no Rio Grande do Sul","url":"https:\/\/www.fetagrs.org.br\/","logo":{"@type":"ImageObject","inLanguage":"pt-BR","@id":"https:\/\/www.fetagrs.org.br\/#\/schema\/logo\/image\/","url":"http:\/\/fetagrs.org.br\/wp-content\/uploads\/2020\/12\/FETAG-RS.jpg","contentUrl":"http:\/\/fetagrs.org.br\/wp-content\/uploads\/2020\/12\/FETAG-RS.jpg","width":561,"height":598,"caption":"Federa\u00e7\u00e3o dos Trabalhadores na Agricultura no Rio Grande do Sul"},"image":{"@id":"https:\/\/www.fetagrs.org.br\/#\/schema\/logo\/image\/"},"sameAs":["https:\/\/www.facebook.com\/fetagrs","https:\/\/www.instagram.com\/fetagrs\/","https:\/\/www.youtube.com\/c\/TVFETAGRS\/featured"]},{"@type":"Person","@id":"https:\/\/www.fetagrs.org.br\/#\/schema\/person\/414925669ddee89f2bb52fcc97310ea8","name":"Camila dos Santos","image":{"@type":"ImageObject","inLanguage":"pt-BR","@id":"https:\/\/www.fetagrs.org.br\/#\/schema\/person\/image\/","url":"https:\/\/secure.gravatar.com\/avatar\/177064ae07f49fc3b530bc0911ff4424e621528eb067022c8663e5f4c4031fa8?s=96&d=mm&r=g","contentUrl":"https:\/\/secure.gravatar.com\/avatar\/177064ae07f49fc3b530bc0911ff4424e621528eb067022c8663e5f4c4031fa8?s=96&d=mm&r=g","caption":"Camila dos Santos"},"url":"https:\/\/www.fetagrs.org.br\/?author=10"}]}},"_links":{"self":[{"href":"https:\/\/www.fetagrs.org.br\/index.php?rest_route=\/wp\/v2\/posts\/53901","targetHints":{"allow":["GET"]}}],"collection":[{"href":"https:\/\/www.fetagrs.org.br\/index.php?rest_route=\/wp\/v2\/posts"}],"about":[{"href":"https:\/\/www.fetagrs.org.br\/index.php?rest_route=\/wp\/v2\/types\/post"}],"author":[{"embeddable":true,"href":"https:\/\/www.fetagrs.org.br\/index.php?rest_route=\/wp\/v2\/users\/10"}],"replies":[{"embeddable":true,"href":"https:\/\/www.fetagrs.org.br\/index.php?rest_route=%2Fwp%2Fv2%2Fcomments&post=53901"}],"version-history":[{"count":3,"href":"https:\/\/www.fetagrs.org.br\/index.php?rest_route=\/wp\/v2\/posts\/53901\/revisions"}],"predecessor-version":[{"id":53904,"href":"https:\/\/www.fetagrs.org.br\/index.php?rest_route=\/wp\/v2\/posts\/53901\/revisions\/53904"}],"wp:featuredmedia":[{"embeddable":true,"href":"https:\/\/www.fetagrs.org.br\/index.php?rest_route=\/wp\/v2\/media\/53793"}],"wp:attachment":[{"href":"https:\/\/www.fetagrs.org.br\/index.php?rest_route=%2Fwp%2Fv2%2Fmedia&parent=53901"}],"wp:term":[{"taxonomy":"category","embeddable":true,"href":"https:\/\/www.fetagrs.org.br\/index.php?rest_route=%2Fwp%2Fv2%2Fcategories&post=53901"},{"taxonomy":"post_tag","embeddable":true,"href":"https:\/\/www.fetagrs.org.br\/index.php?rest_route=%2Fwp%2Fv2%2Ftags&post=53901"}],"curies":[{"name":"wp","href":"https:\/\/api.w.org\/{rel}","templated":true}]}}