{"id":53772,"date":"2026-03-16T13:41:19","date_gmt":"2026-03-16T16:41:19","guid":{"rendered":"https:\/\/www.fetagrs.org.br\/?p=53772"},"modified":"2026-03-16T13:41:19","modified_gmt":"2026-03-16T16:41:19","slug":"pavilhao-da-agricultura-familiar-encerra-participacao-com-destaque-na-expodireto-cotrijal-2026","status":"publish","type":"post","link":"https:\/\/www.fetagrs.org.br\/?p=53772","title":{"rendered":"Pavilh\u00e3o da Agricultura Familiar encerra participa\u00e7\u00e3o com destaque na Expodireto Cotrijal 2026"},"content":{"rendered":"<img loading=\"lazy\" decoding=\"async\" class=\"size-medium wp-image-53771 aligncenter\" src=\"http:\/\/www.fetagrs.org.br\/wp-content\/uploads\/2026\/03\/WhatsApp-Image-2026-03-16-at-13.37.31-300x199.jpeg\" alt=\"\" width=\"300\" height=\"199\" \/>\n<p>Com o encerramento da Expodireto Cotrijal, realizado na \u00faltima sexta-feira (13), em N\u00e3o-Me-Toque, o Pavilh\u00e3o da Agricultura Familiar reafirmou seu papel como um dos espa\u00e7os mais importantes da feira, destacando a for\u00e7a da agricultura familiar ga\u00facha.<\/p>\n<p>O pavilh\u00e3o reuniu 224 empreendimentos de agroind\u00fastrias familiares de diferentes regi\u00f5es do estado, apresentando ao p\u00fablico uma grande diversidade de produtos elaborados pelas pr\u00f3prias fam\u00edlias agricultoras, como queijos, embutidos, panificados, doces, mel, sucos e outras produ\u00e7\u00f5es t\u00edpicas da agricultura familiar.<\/p>\n<p>Mais do que um espa\u00e7o de comercializa\u00e7\u00e3o, o pavilh\u00e3o representa uma importante oportunidade de gera\u00e7\u00e3o de trabalho e renda para as fam\u00edlias do campo. A presen\u00e7a das agroind\u00fastrias tamb\u00e9m evidencia o protagonismo de jovens e mulheres rurais, que cada vez mais participam da produ\u00e7\u00e3o, da gest\u00e3o e da inova\u00e7\u00e3o nas propriedades familiares.<\/p>\n<p>Para o presidente da Fetag-RS, Eug\u00eanio Zanetti, o espa\u00e7o tem papel estrat\u00e9gico dentro da feira.<\/p>\n<p>\u201cO Pavilh\u00e3o da Agricultura Familiar demonstra a capacidade de organiza\u00e7\u00e3o e a import\u00e2ncia econ\u00f4mica e social da agricultura familiar. Al\u00e9m de gerar renda para as fam\u00edlias agricultoras, o espa\u00e7o valoriza o trabalho no campo, incentiva a perman\u00eancia dos jovens e fortalece o protagonismo das mulheres. A Expodireto tamb\u00e9m \u00e9 um espa\u00e7o estrat\u00e9gico de di\u00e1logo, visibilidade e constru\u00e7\u00e3o de pol\u00edticas voltadas ao desenvolvimento do meio rural\u201d, destacou.<\/p>\n<p>A realiza\u00e7\u00e3o do Pavilh\u00e3o da Agricultura Familiar \u00e9 uma parceria entre Cotrijal, FETAG-RS, Emater\/RS-Ascar e a Secretaria de Desenvolvimento Rural do Rio Grande do Sul. O espa\u00e7o conta ainda com o patroc\u00ednio do Sicredi, Banrisul, Cresol, Banco do Brasil, Caixa Econ\u00f4mica Federal e Governo Federal, institui\u00e7\u00f5es que contribuem para fortalecer a agricultura familiar, ampliando oportunidades para jovens e mulheres e incentivando o desenvolvimento das agroind\u00fastrias familiares.<\/p>\n<p>A participa\u00e7\u00e3o da agricultura familiar na feira refor\u00e7a a relev\u00e2ncia do setor para a produ\u00e7\u00e3o de alimentos, a gera\u00e7\u00e3o de oportunidades no campo e o fortalecimento da economia em diferentes regi\u00f5es do Rio Grande do Sul.<\/p>\n","protected":false},"excerpt":{"rendered":"<p>Com o encerramento da Expodireto Cotrijal, realizado na \u00faltima sexta-feira (13), em N\u00e3o-Me-Toque, o Pavilh\u00e3o da Agricultura Familiar reafirmou seu papel como um dos espa\u00e7os mais importantes da feira, destacando a for\u00e7a da agricultura familiar ga\u00facha. O pavilh\u00e3o reuniu 224 empreendimentos de agroind\u00fastrias familiares de diferentes regi\u00f5es do estado, apresentando ao p\u00fablico uma grande diversidade&#8230;  <a class=\"excerpt-read-more\" href=\"https:\/\/www.fetagrs.org.br\/?p=53772\" title=\"Read Pavilh\u00e3o da Agricultura Familiar encerra participa\u00e7\u00e3o com destaque na Expodireto Cotrijal 2026\">Leia mais &raquo;<\/a><\/p>\n","protected":false},"author":10,"featured_media":53771,"comment_status":"open","ping_status":"open","sticky":false,"template":"","format":"standard","meta":{"footnotes":"","_links_to":"","_links_to_target":""},"categories":[4,3],"tags":[],"class_list":["post-53772","post","type-post","status-publish","format-standard","has-post-thumbnail","hentry","category-destaques","category-noticias"],"yoast_head":"<!-- This site is optimized with the Yoast SEO plugin v26.8 - https:\/\/yoast.com\/product\/yoast-seo-wordpress\/ -->\n<title>Pavilh\u00e3o da Agricultura Familiar encerra participa\u00e7\u00e3o com destaque na Expodireto Cotrijal 2026 - FETAG-RS<\/title>\n<meta name=\"robots\" content=\"index, follow, max-snippet:-1, max-image-preview:large, max-video-preview:-1\" \/>\n<link rel=\"canonical\" href=\"https:\/\/www.fetagrs.org.br\/?p=53772\" \/>\n<meta property=\"og:locale\" content=\"pt_BR\" \/>\n<meta property=\"og:type\" content=\"article\" \/>\n<meta property=\"og:title\" content=\"Pavilh\u00e3o da Agricultura Familiar encerra participa\u00e7\u00e3o com destaque na Expodireto Cotrijal 2026 - FETAG-RS\" \/>\n<meta property=\"og:description\" content=\"Com o encerramento da Expodireto Cotrijal, realizado na \u00faltima sexta-feira (13), em N\u00e3o-Me-Toque, o Pavilh\u00e3o da Agricultura Familiar reafirmou seu papel como um dos espa\u00e7os mais importantes da feira, destacando a for\u00e7a da agricultura familiar ga\u00facha. O pavilh\u00e3o reuniu 224 empreendimentos de agroind\u00fastrias familiares de diferentes regi\u00f5es do estado, apresentando ao p\u00fablico uma grande diversidade... Leia mais &raquo;\" \/>\n<meta property=\"og:url\" content=\"https:\/\/www.fetagrs.org.br\/?p=53772\" \/>\n<meta property=\"og:site_name\" content=\"FETAG-RS\" \/>\n<meta property=\"article:publisher\" content=\"https:\/\/www.facebook.com\/fetagrs\" \/>\n<meta property=\"article:published_time\" content=\"2026-03-16T16:41:19+00:00\" \/>\n<meta property=\"og:image\" content=\"https:\/\/www.fetagrs.org.br\/wp-content\/uploads\/2026\/03\/WhatsApp-Image-2026-03-16-at-13.37.31-e1773679174718.jpeg\" \/>\n\t<meta property=\"og:image:width\" content=\"850\" \/>\n\t<meta property=\"og:image:height\" content=\"565\" \/>\n\t<meta property=\"og:image:type\" content=\"image\/jpeg\" \/>\n<meta name=\"author\" content=\"Camila dos Santos\" \/>\n<meta name=\"twitter:card\" content=\"summary_large_image\" \/>\n<script type=\"application\/ld+json\" class=\"yoast-schema-graph\">{\"@context\":\"https:\/\/schema.org\",\"@graph\":[{\"@type\":\"Article\",\"@id\":\"https:\/\/www.fetagrs.org.br\/?p=53772#article\",\"isPartOf\":{\"@id\":\"https:\/\/www.fetagrs.org.br\/?p=53772\"},\"author\":{\"name\":\"Camila dos Santos\",\"@id\":\"https:\/\/www.fetagrs.org.br\/#\/schema\/person\/414925669ddee89f2bb52fcc97310ea8\"},\"headline\":\"Pavilh\u00e3o da Agricultura Familiar encerra participa\u00e7\u00e3o com destaque na Expodireto Cotrijal 2026\",\"datePublished\":\"2026-03-16T16:41:19+00:00\",\"mainEntityOfPage\":{\"@id\":\"https:\/\/www.fetagrs.org.br\/?p=53772\"},\"wordCount\":375,\"commentCount\":0,\"publisher\":{\"@id\":\"https:\/\/www.fetagrs.org.br\/#organization\"},\"image\":{\"@id\":\"https:\/\/www.fetagrs.org.br\/?p=53772#primaryimage\"},\"thumbnailUrl\":\"https:\/\/www.fetagrs.org.br\/wp-content\/uploads\/2026\/03\/WhatsApp-Image-2026-03-16-at-13.37.31-e1773679174718.jpeg\",\"articleSection\":[\"Destaques\",\"Not\u00edcias\"],\"inLanguage\":\"pt-BR\",\"potentialAction\":[{\"@type\":\"CommentAction\",\"name\":\"Comment\",\"target\":[\"https:\/\/www.fetagrs.org.br\/?p=53772#respond\"]}]},{\"@type\":\"WebPage\",\"@id\":\"https:\/\/www.fetagrs.org.br\/?p=53772\",\"url\":\"https:\/\/www.fetagrs.org.br\/?p=53772\",\"name\":\"Pavilh\u00e3o da Agricultura Familiar encerra participa\u00e7\u00e3o com destaque na Expodireto Cotrijal 2026 - FETAG-RS\",\"isPartOf\":{\"@id\":\"https:\/\/www.fetagrs.org.br\/#website\"},\"primaryImageOfPage\":{\"@id\":\"https:\/\/www.fetagrs.org.br\/?p=53772#primaryimage\"},\"image\":{\"@id\":\"https:\/\/www.fetagrs.org.br\/?p=53772#primaryimage\"},\"thumbnailUrl\":\"https:\/\/www.fetagrs.org.br\/wp-content\/uploads\/2026\/03\/WhatsApp-Image-2026-03-16-at-13.37.31-e1773679174718.jpeg\",\"datePublished\":\"2026-03-16T16:41:19+00:00\",\"breadcrumb\":{\"@id\":\"https:\/\/www.fetagrs.org.br\/?p=53772#breadcrumb\"},\"inLanguage\":\"pt-BR\",\"potentialAction\":[{\"@type\":\"ReadAction\",\"target\":[\"https:\/\/www.fetagrs.org.br\/?p=53772\"]}]},{\"@type\":\"ImageObject\",\"inLanguage\":\"pt-BR\",\"@id\":\"https:\/\/www.fetagrs.org.br\/?p=53772#primaryimage\",\"url\":\"https:\/\/www.fetagrs.org.br\/wp-content\/uploads\/2026\/03\/WhatsApp-Image-2026-03-16-at-13.37.31-e1773679174718.jpeg\",\"contentUrl\":\"https:\/\/www.fetagrs.org.br\/wp-content\/uploads\/2026\/03\/WhatsApp-Image-2026-03-16-at-13.37.31-e1773679174718.jpeg\",\"width\":850,\"height\":565},{\"@type\":\"BreadcrumbList\",\"@id\":\"https:\/\/www.fetagrs.org.br\/?p=53772#breadcrumb\",\"itemListElement\":[{\"@type\":\"ListItem\",\"position\":1,\"name\":\"In\u00edcio\",\"item\":\"https:\/\/www.fetagrs.org.br\/\"},{\"@type\":\"ListItem\",\"position\":2,\"name\":\"Pavilh\u00e3o da Agricultura Familiar encerra participa\u00e7\u00e3o com destaque na Expodireto Cotrijal 2026\"}]},{\"@type\":\"WebSite\",\"@id\":\"https:\/\/www.fetagrs.org.br\/#website\",\"url\":\"https:\/\/www.fetagrs.org.br\/\",\"name\":\"FETAG-RS\",\"description\":\"Federa\u00e7\u00e3o dos Trabalhadores na Agricultura no RS\",\"publisher\":{\"@id\":\"https:\/\/www.fetagrs.org.br\/#organization\"},\"potentialAction\":[{\"@type\":\"SearchAction\",\"target\":{\"@type\":\"EntryPoint\",\"urlTemplate\":\"https:\/\/www.fetagrs.org.br\/?s={search_term_string}\"},\"query-input\":{\"@type\":\"PropertyValueSpecification\",\"valueRequired\":true,\"valueName\":\"search_term_string\"}}],\"inLanguage\":\"pt-BR\"},{\"@type\":\"Organization\",\"@id\":\"https:\/\/www.fetagrs.org.br\/#organization\",\"name\":\"Federa\u00e7\u00e3o dos Trabalhadores na Agricultura no Rio Grande do Sul\",\"url\":\"https:\/\/www.fetagrs.org.br\/\",\"logo\":{\"@type\":\"ImageObject\",\"inLanguage\":\"pt-BR\",\"@id\":\"https:\/\/www.fetagrs.org.br\/#\/schema\/logo\/image\/\",\"url\":\"http:\/\/fetagrs.org.br\/wp-content\/uploads\/2020\/12\/FETAG-RS.jpg\",\"contentUrl\":\"http:\/\/fetagrs.org.br\/wp-content\/uploads\/2020\/12\/FETAG-RS.jpg\",\"width\":561,\"height\":598,\"caption\":\"Federa\u00e7\u00e3o dos Trabalhadores na Agricultura no Rio Grande do Sul\"},\"image\":{\"@id\":\"https:\/\/www.fetagrs.org.br\/#\/schema\/logo\/image\/\"},\"sameAs\":[\"https:\/\/www.facebook.com\/fetagrs\",\"https:\/\/www.instagram.com\/fetagrs\/\",\"https:\/\/www.youtube.com\/c\/TVFETAGRS\/featured\"]},{\"@type\":\"Person\",\"@id\":\"https:\/\/www.fetagrs.org.br\/#\/schema\/person\/414925669ddee89f2bb52fcc97310ea8\",\"name\":\"Camila dos Santos\",\"image\":{\"@type\":\"ImageObject\",\"inLanguage\":\"pt-BR\",\"@id\":\"https:\/\/www.fetagrs.org.br\/#\/schema\/person\/image\/\",\"url\":\"https:\/\/secure.gravatar.com\/avatar\/177064ae07f49fc3b530bc0911ff4424e621528eb067022c8663e5f4c4031fa8?s=96&d=mm&r=g\",\"contentUrl\":\"https:\/\/secure.gravatar.com\/avatar\/177064ae07f49fc3b530bc0911ff4424e621528eb067022c8663e5f4c4031fa8?s=96&d=mm&r=g\",\"caption\":\"Camila dos Santos\"},\"url\":\"https:\/\/www.fetagrs.org.br\/?author=10\"}]}<\/script>\n<!-- \/ Yoast SEO plugin. -->","yoast_head_json":{"title":"Pavilh\u00e3o da Agricultura Familiar encerra participa\u00e7\u00e3o com destaque na Expodireto Cotrijal 2026 - FETAG-RS","robots":{"index":"index","follow":"follow","max-snippet":"max-snippet:-1","max-image-preview":"max-image-preview:large","max-video-preview":"max-video-preview:-1"},"canonical":"https:\/\/www.fetagrs.org.br\/?p=53772","og_locale":"pt_BR","og_type":"article","og_title":"Pavilh\u00e3o da Agricultura Familiar encerra participa\u00e7\u00e3o com destaque na Expodireto Cotrijal 2026 - FETAG-RS","og_description":"Com o encerramento da Expodireto Cotrijal, realizado na \u00faltima sexta-feira (13), em N\u00e3o-Me-Toque, o Pavilh\u00e3o da Agricultura Familiar reafirmou seu papel como um dos espa\u00e7os mais importantes da feira, destacando a for\u00e7a da agricultura familiar ga\u00facha. O pavilh\u00e3o reuniu 224 empreendimentos de agroind\u00fastrias familiares de diferentes regi\u00f5es do estado, apresentando ao p\u00fablico uma grande diversidade... Leia mais &raquo;","og_url":"https:\/\/www.fetagrs.org.br\/?p=53772","og_site_name":"FETAG-RS","article_publisher":"https:\/\/www.facebook.com\/fetagrs","article_published_time":"2026-03-16T16:41:19+00:00","og_image":[{"width":850,"height":565,"url":"https:\/\/www.fetagrs.org.br\/wp-content\/uploads\/2026\/03\/WhatsApp-Image-2026-03-16-at-13.37.31-e1773679174718.jpeg","type":"image\/jpeg"}],"author":"Camila dos Santos","twitter_card":"summary_large_image","schema":{"@context":"https:\/\/schema.org","@graph":[{"@type":"Article","@id":"https:\/\/www.fetagrs.org.br\/?p=53772#article","isPartOf":{"@id":"https:\/\/www.fetagrs.org.br\/?p=53772"},"author":{"name":"Camila dos Santos","@id":"https:\/\/www.fetagrs.org.br\/#\/schema\/person\/414925669ddee89f2bb52fcc97310ea8"},"headline":"Pavilh\u00e3o da Agricultura Familiar encerra participa\u00e7\u00e3o com destaque na Expodireto Cotrijal 2026","datePublished":"2026-03-16T16:41:19+00:00","mainEntityOfPage":{"@id":"https:\/\/www.fetagrs.org.br\/?p=53772"},"wordCount":375,"commentCount":0,"publisher":{"@id":"https:\/\/www.fetagrs.org.br\/#organization"},"image":{"@id":"https:\/\/www.fetagrs.org.br\/?p=53772#primaryimage"},"thumbnailUrl":"https:\/\/www.fetagrs.org.br\/wp-content\/uploads\/2026\/03\/WhatsApp-Image-2026-03-16-at-13.37.31-e1773679174718.jpeg","articleSection":["Destaques","Not\u00edcias"],"inLanguage":"pt-BR","potentialAction":[{"@type":"CommentAction","name":"Comment","target":["https:\/\/www.fetagrs.org.br\/?p=53772#respond"]}]},{"@type":"WebPage","@id":"https:\/\/www.fetagrs.org.br\/?p=53772","url":"https:\/\/www.fetagrs.org.br\/?p=53772","name":"Pavilh\u00e3o da Agricultura Familiar encerra participa\u00e7\u00e3o com destaque na Expodireto Cotrijal 2026 - FETAG-RS","isPartOf":{"@id":"https:\/\/www.fetagrs.org.br\/#website"},"primaryImageOfPage":{"@id":"https:\/\/www.fetagrs.org.br\/?p=53772#primaryimage"},"image":{"@id":"https:\/\/www.fetagrs.org.br\/?p=53772#primaryimage"},"thumbnailUrl":"https:\/\/www.fetagrs.org.br\/wp-content\/uploads\/2026\/03\/WhatsApp-Image-2026-03-16-at-13.37.31-e1773679174718.jpeg","datePublished":"2026-03-16T16:41:19+00:00","breadcrumb":{"@id":"https:\/\/www.fetagrs.org.br\/?p=53772#breadcrumb"},"inLanguage":"pt-BR","potentialAction":[{"@type":"ReadAction","target":["https:\/\/www.fetagrs.org.br\/?p=53772"]}]},{"@type":"ImageObject","inLanguage":"pt-BR","@id":"https:\/\/www.fetagrs.org.br\/?p=53772#primaryimage","url":"https:\/\/www.fetagrs.org.br\/wp-content\/uploads\/2026\/03\/WhatsApp-Image-2026-03-16-at-13.37.31-e1773679174718.jpeg","contentUrl":"https:\/\/www.fetagrs.org.br\/wp-content\/uploads\/2026\/03\/WhatsApp-Image-2026-03-16-at-13.37.31-e1773679174718.jpeg","width":850,"height":565},{"@type":"BreadcrumbList","@id":"https:\/\/www.fetagrs.org.br\/?p=53772#breadcrumb","itemListElement":[{"@type":"ListItem","position":1,"name":"In\u00edcio","item":"https:\/\/www.fetagrs.org.br\/"},{"@type":"ListItem","position":2,"name":"Pavilh\u00e3o da Agricultura Familiar encerra participa\u00e7\u00e3o com destaque na Expodireto Cotrijal 2026"}]},{"@type":"WebSite","@id":"https:\/\/www.fetagrs.org.br\/#website","url":"https:\/\/www.fetagrs.org.br\/","name":"FETAG-RS","description":"Federa\u00e7\u00e3o dos Trabalhadores na Agricultura no RS","publisher":{"@id":"https:\/\/www.fetagrs.org.br\/#organization"},"potentialAction":[{"@type":"SearchAction","target":{"@type":"EntryPoint","urlTemplate":"https:\/\/www.fetagrs.org.br\/?s={search_term_string}"},"query-input":{"@type":"PropertyValueSpecification","valueRequired":true,"valueName":"search_term_string"}}],"inLanguage":"pt-BR"},{"@type":"Organization","@id":"https:\/\/www.fetagrs.org.br\/#organization","name":"Federa\u00e7\u00e3o dos Trabalhadores na Agricultura no Rio Grande do Sul","url":"https:\/\/www.fetagrs.org.br\/","logo":{"@type":"ImageObject","inLanguage":"pt-BR","@id":"https:\/\/www.fetagrs.org.br\/#\/schema\/logo\/image\/","url":"http:\/\/fetagrs.org.br\/wp-content\/uploads\/2020\/12\/FETAG-RS.jpg","contentUrl":"http:\/\/fetagrs.org.br\/wp-content\/uploads\/2020\/12\/FETAG-RS.jpg","width":561,"height":598,"caption":"Federa\u00e7\u00e3o dos Trabalhadores na Agricultura no Rio Grande do Sul"},"image":{"@id":"https:\/\/www.fetagrs.org.br\/#\/schema\/logo\/image\/"},"sameAs":["https:\/\/www.facebook.com\/fetagrs","https:\/\/www.instagram.com\/fetagrs\/","https:\/\/www.youtube.com\/c\/TVFETAGRS\/featured"]},{"@type":"Person","@id":"https:\/\/www.fetagrs.org.br\/#\/schema\/person\/414925669ddee89f2bb52fcc97310ea8","name":"Camila dos Santos","image":{"@type":"ImageObject","inLanguage":"pt-BR","@id":"https:\/\/www.fetagrs.org.br\/#\/schema\/person\/image\/","url":"https:\/\/secure.gravatar.com\/avatar\/177064ae07f49fc3b530bc0911ff4424e621528eb067022c8663e5f4c4031fa8?s=96&d=mm&r=g","contentUrl":"https:\/\/secure.gravatar.com\/avatar\/177064ae07f49fc3b530bc0911ff4424e621528eb067022c8663e5f4c4031fa8?s=96&d=mm&r=g","caption":"Camila dos Santos"},"url":"https:\/\/www.fetagrs.org.br\/?author=10"}]}},"_links":{"self":[{"href":"https:\/\/www.fetagrs.org.br\/index.php?rest_route=\/wp\/v2\/posts\/53772","targetHints":{"allow":["GET"]}}],"collection":[{"href":"https:\/\/www.fetagrs.org.br\/index.php?rest_route=\/wp\/v2\/posts"}],"about":[{"href":"https:\/\/www.fetagrs.org.br\/index.php?rest_route=\/wp\/v2\/types\/post"}],"author":[{"embeddable":true,"href":"https:\/\/www.fetagrs.org.br\/index.php?rest_route=\/wp\/v2\/users\/10"}],"replies":[{"embeddable":true,"href":"https:\/\/www.fetagrs.org.br\/index.php?rest_route=%2Fwp%2Fv2%2Fcomments&post=53772"}],"version-history":[{"count":1,"href":"https:\/\/www.fetagrs.org.br\/index.php?rest_route=\/wp\/v2\/posts\/53772\/revisions"}],"predecessor-version":[{"id":53773,"href":"https:\/\/www.fetagrs.org.br\/index.php?rest_route=\/wp\/v2\/posts\/53772\/revisions\/53773"}],"wp:featuredmedia":[{"embeddable":true,"href":"https:\/\/www.fetagrs.org.br\/index.php?rest_route=\/wp\/v2\/media\/53771"}],"wp:attachment":[{"href":"https:\/\/www.fetagrs.org.br\/index.php?rest_route=%2Fwp%2Fv2%2Fmedia&parent=53772"}],"wp:term":[{"taxonomy":"category","embeddable":true,"href":"https:\/\/www.fetagrs.org.br\/index.php?rest_route=%2Fwp%2Fv2%2Fcategories&post=53772"},{"taxonomy":"post_tag","embeddable":true,"href":"https:\/\/www.fetagrs.org.br\/index.php?rest_route=%2Fwp%2Fv2%2Ftags&post=53772"}],"curies":[{"name":"wp","href":"https:\/\/api.w.org\/{rel}","templated":true}]}}