{"id":53762,"date":"2026-03-12T10:36:49","date_gmt":"2026-03-12T13:36:49","guid":{"rendered":"https:\/\/www.fetagrs.org.br\/?p=53762"},"modified":"2026-03-12T11:00:58","modified_gmt":"2026-03-12T14:00:58","slug":"demanda-da-fetag-rs-avanca-na-camara-com-aprovacao-de-projeto-sobre-inclusao-de-sindicatos-no-simples-nacional","status":"publish","type":"post","link":"https:\/\/www.fetagrs.org.br\/?p=53762","title":{"rendered":"Demanda da Fetag-RS avan\u00e7a na C\u00e2mara com aprova\u00e7\u00e3o de projeto sobre inclus\u00e3o de sindicatos no Simples Nacional"},"content":{"rendered":"<p>&nbsp;<\/p>\n<p>&nbsp;<\/p>\n<img loading=\"lazy\" decoding=\"async\" class=\"size-medium wp-image-53767 aligncenter\" src=\"http:\/\/www.fetagrs.org.br\/wp-content\/uploads\/2026\/03\/FETAG-RS-NOTICIA-1-300x170.png\" alt=\"\" width=\"300\" height=\"170\" \/>\n<p>A Comiss\u00e3o de Trabalho da C\u00e2mara dos Deputados do Brasil aprovou o Projeto de Lei Complementar (PLP) 7\/2025, que prev\u00ea a inclus\u00e3o dos sindicatos no regime tribut\u00e1rio do Simples Nacional. A proposta \u00e9 de autoria do deputado federal Heitor Schuch.<\/p>\n<p>A medida atende a uma demanda apresentada pela Federa\u00e7\u00e3o dos Trabalhadores na Agricultura no Rio Grande do Sul, constru\u00edda a partir de debates internos da Federa\u00e7\u00e3o e do trabalho t\u00e9cnico desenvolvido pelo grupo de contadores ligado \u00e0 Comiss\u00e3o de Finan\u00e7as da entidade. A pauta busca simplificar a tributa\u00e7\u00e3o das organiza\u00e7\u00f5es sindicais e reduzir custos administrativos.<\/p>\n<p>Para o tesoureiro-geral da Fetag-RS, Agnaldo Barcelos, a possibilidade de inclus\u00e3o dos sindicatos no Simples Nacional representa um avan\u00e7o importante para fortalecer a sustentabilidade financeira das entidades sindicais. \u201cA simplifica\u00e7\u00e3o tribut\u00e1ria pode contribuir para reduzir custos e burocracias, permitindo que os sindicatos tenham melhores condi\u00e7\u00f5es de manter suas atividades e ampliar a defesa dos agricultores e pecuaristas familiares\u201d, destaca.<\/p>\n<p>A proposta ainda precisa tramitar em outras comiss\u00f5es da C\u00e2mara e posteriormente no Senado antes de seguir para san\u00e7\u00e3o presidencial.<\/p>\n","protected":false},"excerpt":{"rendered":"<p>&nbsp; &nbsp; A Comiss\u00e3o de Trabalho da C\u00e2mara dos Deputados do Brasil aprovou o Projeto de Lei Complementar (PLP) 7\/2025, que prev\u00ea a inclus\u00e3o dos sindicatos no regime tribut\u00e1rio do Simples Nacional. A proposta \u00e9 de autoria do deputado federal Heitor Schuch. A medida atende a uma demanda apresentada pela Federa\u00e7\u00e3o dos Trabalhadores na Agricultura&#8230;  <a class=\"excerpt-read-more\" href=\"https:\/\/www.fetagrs.org.br\/?p=53762\" title=\"Read Demanda da Fetag-RS avan\u00e7a na C\u00e2mara com aprova\u00e7\u00e3o de projeto sobre inclus\u00e3o de sindicatos no Simples Nacional\">Leia mais &raquo;<\/a><\/p>\n","protected":false},"author":10,"featured_media":53767,"comment_status":"open","ping_status":"open","sticky":false,"template":"","format":"standard","meta":{"footnotes":"","_links_to":"","_links_to_target":""},"categories":[4,3],"tags":[],"class_list":["post-53762","post","type-post","status-publish","format-standard","has-post-thumbnail","hentry","category-destaques","category-noticias"],"yoast_head":"<!-- This site is optimized with the Yoast SEO plugin v26.8 - https:\/\/yoast.com\/product\/yoast-seo-wordpress\/ -->\n<title>Demanda da Fetag-RS avan\u00e7a na C\u00e2mara com aprova\u00e7\u00e3o de projeto sobre inclus\u00e3o de sindicatos no Simples Nacional - FETAG-RS<\/title>\n<meta name=\"robots\" content=\"index, follow, max-snippet:-1, max-image-preview:large, max-video-preview:-1\" \/>\n<link rel=\"canonical\" href=\"https:\/\/www.fetagrs.org.br\/?p=53762\" \/>\n<meta property=\"og:locale\" content=\"pt_BR\" \/>\n<meta property=\"og:type\" content=\"article\" \/>\n<meta property=\"og:title\" content=\"Demanda da Fetag-RS avan\u00e7a na C\u00e2mara com aprova\u00e7\u00e3o de projeto sobre inclus\u00e3o de sindicatos no Simples Nacional - FETAG-RS\" \/>\n<meta property=\"og:description\" content=\"&nbsp; &nbsp; A Comiss\u00e3o de Trabalho da C\u00e2mara dos Deputados do Brasil aprovou o Projeto de Lei Complementar (PLP) 7\/2025, que prev\u00ea a inclus\u00e3o dos sindicatos no regime tribut\u00e1rio do Simples Nacional. A proposta \u00e9 de autoria do deputado federal Heitor Schuch. A medida atende a uma demanda apresentada pela Federa\u00e7\u00e3o dos Trabalhadores na Agricultura... Leia mais &raquo;\" \/>\n<meta property=\"og:url\" content=\"https:\/\/www.fetagrs.org.br\/?p=53762\" \/>\n<meta property=\"og:site_name\" content=\"FETAG-RS\" \/>\n<meta property=\"article:publisher\" content=\"https:\/\/www.facebook.com\/fetagrs\" \/>\n<meta property=\"article:published_time\" content=\"2026-03-12T13:36:49+00:00\" \/>\n<meta property=\"article:modified_time\" content=\"2026-03-12T14:00:58+00:00\" \/>\n<meta property=\"og:image\" content=\"https:\/\/www.fetagrs.org.br\/wp-content\/uploads\/2026\/03\/FETAG-RS-NOTICIA-1-scaled-e1773324022786.png\" \/>\n\t<meta property=\"og:image:width\" content=\"850\" \/>\n\t<meta property=\"og:image:height\" content=\"481\" \/>\n\t<meta property=\"og:image:type\" content=\"image\/png\" \/>\n<meta name=\"author\" content=\"Camila dos Santos\" \/>\n<meta name=\"twitter:card\" content=\"summary_large_image\" \/>\n<script type=\"application\/ld+json\" class=\"yoast-schema-graph\">{\"@context\":\"https:\/\/schema.org\",\"@graph\":[{\"@type\":\"Article\",\"@id\":\"https:\/\/www.fetagrs.org.br\/?p=53762#article\",\"isPartOf\":{\"@id\":\"https:\/\/www.fetagrs.org.br\/?p=53762\"},\"author\":{\"name\":\"Camila dos Santos\",\"@id\":\"https:\/\/www.fetagrs.org.br\/#\/schema\/person\/414925669ddee89f2bb52fcc97310ea8\"},\"headline\":\"Demanda da Fetag-RS avan\u00e7a na C\u00e2mara com aprova\u00e7\u00e3o de projeto sobre inclus\u00e3o de sindicatos no Simples Nacional\",\"datePublished\":\"2026-03-12T13:36:49+00:00\",\"dateModified\":\"2026-03-12T14:00:58+00:00\",\"mainEntityOfPage\":{\"@id\":\"https:\/\/www.fetagrs.org.br\/?p=53762\"},\"wordCount\":214,\"commentCount\":0,\"publisher\":{\"@id\":\"https:\/\/www.fetagrs.org.br\/#organization\"},\"image\":{\"@id\":\"https:\/\/www.fetagrs.org.br\/?p=53762#primaryimage\"},\"thumbnailUrl\":\"https:\/\/www.fetagrs.org.br\/wp-content\/uploads\/2026\/03\/FETAG-RS-NOTICIA-1-scaled-e1773324022786.png\",\"articleSection\":[\"Destaques\",\"Not\u00edcias\"],\"inLanguage\":\"pt-BR\",\"potentialAction\":[{\"@type\":\"CommentAction\",\"name\":\"Comment\",\"target\":[\"https:\/\/www.fetagrs.org.br\/?p=53762#respond\"]}]},{\"@type\":\"WebPage\",\"@id\":\"https:\/\/www.fetagrs.org.br\/?p=53762\",\"url\":\"https:\/\/www.fetagrs.org.br\/?p=53762\",\"name\":\"Demanda da Fetag-RS avan\u00e7a na C\u00e2mara com aprova\u00e7\u00e3o de projeto sobre inclus\u00e3o de sindicatos no Simples Nacional - FETAG-RS\",\"isPartOf\":{\"@id\":\"https:\/\/www.fetagrs.org.br\/#website\"},\"primaryImageOfPage\":{\"@id\":\"https:\/\/www.fetagrs.org.br\/?p=53762#primaryimage\"},\"image\":{\"@id\":\"https:\/\/www.fetagrs.org.br\/?p=53762#primaryimage\"},\"thumbnailUrl\":\"https:\/\/www.fetagrs.org.br\/wp-content\/uploads\/2026\/03\/FETAG-RS-NOTICIA-1-scaled-e1773324022786.png\",\"datePublished\":\"2026-03-12T13:36:49+00:00\",\"dateModified\":\"2026-03-12T14:00:58+00:00\",\"breadcrumb\":{\"@id\":\"https:\/\/www.fetagrs.org.br\/?p=53762#breadcrumb\"},\"inLanguage\":\"pt-BR\",\"potentialAction\":[{\"@type\":\"ReadAction\",\"target\":[\"https:\/\/www.fetagrs.org.br\/?p=53762\"]}]},{\"@type\":\"ImageObject\",\"inLanguage\":\"pt-BR\",\"@id\":\"https:\/\/www.fetagrs.org.br\/?p=53762#primaryimage\",\"url\":\"https:\/\/www.fetagrs.org.br\/wp-content\/uploads\/2026\/03\/FETAG-RS-NOTICIA-1-scaled-e1773324022786.png\",\"contentUrl\":\"https:\/\/www.fetagrs.org.br\/wp-content\/uploads\/2026\/03\/FETAG-RS-NOTICIA-1-scaled-e1773324022786.png\",\"width\":850,\"height\":481},{\"@type\":\"BreadcrumbList\",\"@id\":\"https:\/\/www.fetagrs.org.br\/?p=53762#breadcrumb\",\"itemListElement\":[{\"@type\":\"ListItem\",\"position\":1,\"name\":\"In\u00edcio\",\"item\":\"https:\/\/www.fetagrs.org.br\/\"},{\"@type\":\"ListItem\",\"position\":2,\"name\":\"Demanda da Fetag-RS avan\u00e7a na C\u00e2mara com aprova\u00e7\u00e3o de projeto sobre inclus\u00e3o de sindicatos no Simples Nacional\"}]},{\"@type\":\"WebSite\",\"@id\":\"https:\/\/www.fetagrs.org.br\/#website\",\"url\":\"https:\/\/www.fetagrs.org.br\/\",\"name\":\"FETAG-RS\",\"description\":\"Federa\u00e7\u00e3o dos Trabalhadores na Agricultura no RS\",\"publisher\":{\"@id\":\"https:\/\/www.fetagrs.org.br\/#organization\"},\"potentialAction\":[{\"@type\":\"SearchAction\",\"target\":{\"@type\":\"EntryPoint\",\"urlTemplate\":\"https:\/\/www.fetagrs.org.br\/?s={search_term_string}\"},\"query-input\":{\"@type\":\"PropertyValueSpecification\",\"valueRequired\":true,\"valueName\":\"search_term_string\"}}],\"inLanguage\":\"pt-BR\"},{\"@type\":\"Organization\",\"@id\":\"https:\/\/www.fetagrs.org.br\/#organization\",\"name\":\"Federa\u00e7\u00e3o dos Trabalhadores na Agricultura no Rio Grande do Sul\",\"url\":\"https:\/\/www.fetagrs.org.br\/\",\"logo\":{\"@type\":\"ImageObject\",\"inLanguage\":\"pt-BR\",\"@id\":\"https:\/\/www.fetagrs.org.br\/#\/schema\/logo\/image\/\",\"url\":\"http:\/\/fetagrs.org.br\/wp-content\/uploads\/2020\/12\/FETAG-RS.jpg\",\"contentUrl\":\"http:\/\/fetagrs.org.br\/wp-content\/uploads\/2020\/12\/FETAG-RS.jpg\",\"width\":561,\"height\":598,\"caption\":\"Federa\u00e7\u00e3o dos Trabalhadores na Agricultura no Rio Grande do Sul\"},\"image\":{\"@id\":\"https:\/\/www.fetagrs.org.br\/#\/schema\/logo\/image\/\"},\"sameAs\":[\"https:\/\/www.facebook.com\/fetagrs\",\"https:\/\/www.instagram.com\/fetagrs\/\",\"https:\/\/www.youtube.com\/c\/TVFETAGRS\/featured\"]},{\"@type\":\"Person\",\"@id\":\"https:\/\/www.fetagrs.org.br\/#\/schema\/person\/414925669ddee89f2bb52fcc97310ea8\",\"name\":\"Camila dos Santos\",\"image\":{\"@type\":\"ImageObject\",\"inLanguage\":\"pt-BR\",\"@id\":\"https:\/\/www.fetagrs.org.br\/#\/schema\/person\/image\/\",\"url\":\"https:\/\/secure.gravatar.com\/avatar\/177064ae07f49fc3b530bc0911ff4424e621528eb067022c8663e5f4c4031fa8?s=96&d=mm&r=g\",\"contentUrl\":\"https:\/\/secure.gravatar.com\/avatar\/177064ae07f49fc3b530bc0911ff4424e621528eb067022c8663e5f4c4031fa8?s=96&d=mm&r=g\",\"caption\":\"Camila dos Santos\"},\"url\":\"https:\/\/www.fetagrs.org.br\/?author=10\"}]}<\/script>\n<!-- \/ Yoast SEO plugin. -->","yoast_head_json":{"title":"Demanda da Fetag-RS avan\u00e7a na C\u00e2mara com aprova\u00e7\u00e3o de projeto sobre inclus\u00e3o de sindicatos no Simples Nacional - FETAG-RS","robots":{"index":"index","follow":"follow","max-snippet":"max-snippet:-1","max-image-preview":"max-image-preview:large","max-video-preview":"max-video-preview:-1"},"canonical":"https:\/\/www.fetagrs.org.br\/?p=53762","og_locale":"pt_BR","og_type":"article","og_title":"Demanda da Fetag-RS avan\u00e7a na C\u00e2mara com aprova\u00e7\u00e3o de projeto sobre inclus\u00e3o de sindicatos no Simples Nacional - FETAG-RS","og_description":"&nbsp; &nbsp; A Comiss\u00e3o de Trabalho da C\u00e2mara dos Deputados do Brasil aprovou o Projeto de Lei Complementar (PLP) 7\/2025, que prev\u00ea a inclus\u00e3o dos sindicatos no regime tribut\u00e1rio do Simples Nacional. A proposta \u00e9 de autoria do deputado federal Heitor Schuch. A medida atende a uma demanda apresentada pela Federa\u00e7\u00e3o dos Trabalhadores na Agricultura... Leia mais &raquo;","og_url":"https:\/\/www.fetagrs.org.br\/?p=53762","og_site_name":"FETAG-RS","article_publisher":"https:\/\/www.facebook.com\/fetagrs","article_published_time":"2026-03-12T13:36:49+00:00","article_modified_time":"2026-03-12T14:00:58+00:00","og_image":[{"width":850,"height":481,"url":"https:\/\/www.fetagrs.org.br\/wp-content\/uploads\/2026\/03\/FETAG-RS-NOTICIA-1-scaled-e1773324022786.png","type":"image\/png"}],"author":"Camila dos Santos","twitter_card":"summary_large_image","schema":{"@context":"https:\/\/schema.org","@graph":[{"@type":"Article","@id":"https:\/\/www.fetagrs.org.br\/?p=53762#article","isPartOf":{"@id":"https:\/\/www.fetagrs.org.br\/?p=53762"},"author":{"name":"Camila dos Santos","@id":"https:\/\/www.fetagrs.org.br\/#\/schema\/person\/414925669ddee89f2bb52fcc97310ea8"},"headline":"Demanda da Fetag-RS avan\u00e7a na C\u00e2mara com aprova\u00e7\u00e3o de projeto sobre inclus\u00e3o de sindicatos no Simples Nacional","datePublished":"2026-03-12T13:36:49+00:00","dateModified":"2026-03-12T14:00:58+00:00","mainEntityOfPage":{"@id":"https:\/\/www.fetagrs.org.br\/?p=53762"},"wordCount":214,"commentCount":0,"publisher":{"@id":"https:\/\/www.fetagrs.org.br\/#organization"},"image":{"@id":"https:\/\/www.fetagrs.org.br\/?p=53762#primaryimage"},"thumbnailUrl":"https:\/\/www.fetagrs.org.br\/wp-content\/uploads\/2026\/03\/FETAG-RS-NOTICIA-1-scaled-e1773324022786.png","articleSection":["Destaques","Not\u00edcias"],"inLanguage":"pt-BR","potentialAction":[{"@type":"CommentAction","name":"Comment","target":["https:\/\/www.fetagrs.org.br\/?p=53762#respond"]}]},{"@type":"WebPage","@id":"https:\/\/www.fetagrs.org.br\/?p=53762","url":"https:\/\/www.fetagrs.org.br\/?p=53762","name":"Demanda da Fetag-RS avan\u00e7a na C\u00e2mara com aprova\u00e7\u00e3o de projeto sobre inclus\u00e3o de sindicatos no Simples Nacional - FETAG-RS","isPartOf":{"@id":"https:\/\/www.fetagrs.org.br\/#website"},"primaryImageOfPage":{"@id":"https:\/\/www.fetagrs.org.br\/?p=53762#primaryimage"},"image":{"@id":"https:\/\/www.fetagrs.org.br\/?p=53762#primaryimage"},"thumbnailUrl":"https:\/\/www.fetagrs.org.br\/wp-content\/uploads\/2026\/03\/FETAG-RS-NOTICIA-1-scaled-e1773324022786.png","datePublished":"2026-03-12T13:36:49+00:00","dateModified":"2026-03-12T14:00:58+00:00","breadcrumb":{"@id":"https:\/\/www.fetagrs.org.br\/?p=53762#breadcrumb"},"inLanguage":"pt-BR","potentialAction":[{"@type":"ReadAction","target":["https:\/\/www.fetagrs.org.br\/?p=53762"]}]},{"@type":"ImageObject","inLanguage":"pt-BR","@id":"https:\/\/www.fetagrs.org.br\/?p=53762#primaryimage","url":"https:\/\/www.fetagrs.org.br\/wp-content\/uploads\/2026\/03\/FETAG-RS-NOTICIA-1-scaled-e1773324022786.png","contentUrl":"https:\/\/www.fetagrs.org.br\/wp-content\/uploads\/2026\/03\/FETAG-RS-NOTICIA-1-scaled-e1773324022786.png","width":850,"height":481},{"@type":"BreadcrumbList","@id":"https:\/\/www.fetagrs.org.br\/?p=53762#breadcrumb","itemListElement":[{"@type":"ListItem","position":1,"name":"In\u00edcio","item":"https:\/\/www.fetagrs.org.br\/"},{"@type":"ListItem","position":2,"name":"Demanda da Fetag-RS avan\u00e7a na C\u00e2mara com aprova\u00e7\u00e3o de projeto sobre inclus\u00e3o de sindicatos no Simples Nacional"}]},{"@type":"WebSite","@id":"https:\/\/www.fetagrs.org.br\/#website","url":"https:\/\/www.fetagrs.org.br\/","name":"FETAG-RS","description":"Federa\u00e7\u00e3o dos Trabalhadores na Agricultura no RS","publisher":{"@id":"https:\/\/www.fetagrs.org.br\/#organization"},"potentialAction":[{"@type":"SearchAction","target":{"@type":"EntryPoint","urlTemplate":"https:\/\/www.fetagrs.org.br\/?s={search_term_string}"},"query-input":{"@type":"PropertyValueSpecification","valueRequired":true,"valueName":"search_term_string"}}],"inLanguage":"pt-BR"},{"@type":"Organization","@id":"https:\/\/www.fetagrs.org.br\/#organization","name":"Federa\u00e7\u00e3o dos Trabalhadores na Agricultura no Rio Grande do Sul","url":"https:\/\/www.fetagrs.org.br\/","logo":{"@type":"ImageObject","inLanguage":"pt-BR","@id":"https:\/\/www.fetagrs.org.br\/#\/schema\/logo\/image\/","url":"http:\/\/fetagrs.org.br\/wp-content\/uploads\/2020\/12\/FETAG-RS.jpg","contentUrl":"http:\/\/fetagrs.org.br\/wp-content\/uploads\/2020\/12\/FETAG-RS.jpg","width":561,"height":598,"caption":"Federa\u00e7\u00e3o dos Trabalhadores na Agricultura no Rio Grande do Sul"},"image":{"@id":"https:\/\/www.fetagrs.org.br\/#\/schema\/logo\/image\/"},"sameAs":["https:\/\/www.facebook.com\/fetagrs","https:\/\/www.instagram.com\/fetagrs\/","https:\/\/www.youtube.com\/c\/TVFETAGRS\/featured"]},{"@type":"Person","@id":"https:\/\/www.fetagrs.org.br\/#\/schema\/person\/414925669ddee89f2bb52fcc97310ea8","name":"Camila dos Santos","image":{"@type":"ImageObject","inLanguage":"pt-BR","@id":"https:\/\/www.fetagrs.org.br\/#\/schema\/person\/image\/","url":"https:\/\/secure.gravatar.com\/avatar\/177064ae07f49fc3b530bc0911ff4424e621528eb067022c8663e5f4c4031fa8?s=96&d=mm&r=g","contentUrl":"https:\/\/secure.gravatar.com\/avatar\/177064ae07f49fc3b530bc0911ff4424e621528eb067022c8663e5f4c4031fa8?s=96&d=mm&r=g","caption":"Camila dos Santos"},"url":"https:\/\/www.fetagrs.org.br\/?author=10"}]}},"_links":{"self":[{"href":"https:\/\/www.fetagrs.org.br\/index.php?rest_route=\/wp\/v2\/posts\/53762","targetHints":{"allow":["GET"]}}],"collection":[{"href":"https:\/\/www.fetagrs.org.br\/index.php?rest_route=\/wp\/v2\/posts"}],"about":[{"href":"https:\/\/www.fetagrs.org.br\/index.php?rest_route=\/wp\/v2\/types\/post"}],"author":[{"embeddable":true,"href":"https:\/\/www.fetagrs.org.br\/index.php?rest_route=\/wp\/v2\/users\/10"}],"replies":[{"embeddable":true,"href":"https:\/\/www.fetagrs.org.br\/index.php?rest_route=%2Fwp%2Fv2%2Fcomments&post=53762"}],"version-history":[{"count":4,"href":"https:\/\/www.fetagrs.org.br\/index.php?rest_route=\/wp\/v2\/posts\/53762\/revisions"}],"predecessor-version":[{"id":53768,"href":"https:\/\/www.fetagrs.org.br\/index.php?rest_route=\/wp\/v2\/posts\/53762\/revisions\/53768"}],"wp:featuredmedia":[{"embeddable":true,"href":"https:\/\/www.fetagrs.org.br\/index.php?rest_route=\/wp\/v2\/media\/53767"}],"wp:attachment":[{"href":"https:\/\/www.fetagrs.org.br\/index.php?rest_route=%2Fwp%2Fv2%2Fmedia&parent=53762"}],"wp:term":[{"taxonomy":"category","embeddable":true,"href":"https:\/\/www.fetagrs.org.br\/index.php?rest_route=%2Fwp%2Fv2%2Fcategories&post=53762"},{"taxonomy":"post_tag","embeddable":true,"href":"https:\/\/www.fetagrs.org.br\/index.php?rest_route=%2Fwp%2Fv2%2Ftags&post=53762"}],"curies":[{"name":"wp","href":"https:\/\/api.w.org\/{rel}","templated":true}]}}