{"id":53755,"date":"2026-03-11T19:52:14","date_gmt":"2026-03-11T22:52:14","guid":{"rendered":"https:\/\/www.fetagrs.org.br\/?p=53755"},"modified":"2026-03-11T19:52:14","modified_gmt":"2026-03-11T22:52:14","slug":"fetag-rs-em-brasilia-para-tratar-do-endividamento-dos-agricultores-e-outras-pautas-do-setor","status":"publish","type":"post","link":"https:\/\/www.fetagrs.org.br\/?p=53755","title":{"rendered":"FETAG-RS em Bras\u00edlia para tratar do endividamento dos agricultores e outras pautas do setor"},"content":{"rendered":"<img loading=\"lazy\" decoding=\"async\" class=\"size-medium wp-image-53757 aligncenter\" src=\"http:\/\/www.fetagrs.org.br\/wp-content\/uploads\/2026\/03\/WhatsApp-Image-2026-03-11-at-09.37.39-300x225.jpeg\" alt=\"\" width=\"300\" height=\"225\" srcset=\"https:\/\/www.fetagrs.org.br\/wp-content\/uploads\/2026\/03\/WhatsApp-Image-2026-03-11-at-09.37.39-300x225.jpeg 300w, https:\/\/www.fetagrs.org.br\/wp-content\/uploads\/2026\/03\/WhatsApp-Image-2026-03-11-at-09.37.39-1024x768.jpeg 1024w, https:\/\/www.fetagrs.org.br\/wp-content\/uploads\/2026\/03\/WhatsApp-Image-2026-03-11-at-09.37.39-768x576.jpeg 768w, https:\/\/www.fetagrs.org.br\/wp-content\/uploads\/2026\/03\/WhatsApp-Image-2026-03-11-at-09.37.39.jpeg 1280w\" sizes=\"auto, (max-width: 300px) 100vw, 300px\" \/>\n<p>A Federa\u00e7\u00e3o dos Trabalhadores na Agricultura no Rio Grande do Sul esteve em Bras\u00edlia acompanhando a comitiva do governador do Rio Grande do Sul, Eduardo Leite, em uma s\u00e9rie de agendas com minist\u00e9rios e lideran\u00e7as do Congresso Nacional para tratar de pautas estrat\u00e9gicas para a agricultura do estado. A entidade esteve representada pelo presidente, Eug\u00eanio Zanetti, que participou das reuni\u00f5es e acompanhou as discuss\u00f5es sobre medidas voltadas ao setor.<\/p>\n<p>Entre os compromissos da agenda, a comitiva participou de reuni\u00e3o no Minist\u00e9rio da Integra\u00e7\u00e3o e do Desenvolvimento Regional, onde foi debatida a revis\u00e3o dos fundos constitucionais e poss\u00edveis alternativas que possam contribuir para o apoio ao Rio Grande do Sul diante das dificuldades enfrentadas pelo setor\u00a0produtivo.<\/p>\n<p>Outro encontro ocorreu no Minist\u00e9rio da Agricultura e Pecu\u00e1ria, com o ministro Carlos F\u00e1varo. Na ocasi\u00e3o, foram tratadas quest\u00f5es relacionadas \u00e0 amplia\u00e7\u00e3o das pol\u00edticas de irriga\u00e7\u00e3o e ao alto n\u00edvel de endividamento enfrentado pelos agricultores no estado.<\/p>\n<p>A agenda tamb\u00e9m incluiu uma reuni\u00e3o com o presidente do Senado Federal e do Congresso Nacional, Davi Alcolumbre. Durante o encontro, foi discutido o PL 5.122\/2023, que trata da renegocia\u00e7\u00e3o das d\u00edvidas da agricultura. Na oportunidade, a FETAG-RS destacou que participou ativamente da constru\u00e7\u00e3o do projeto, contribuindo tecnicamente na sua elabora\u00e7\u00e3o e ajudando a estruturar a proposta a partir das demandas apresentadas pelos agricultores e pecuaristas familiares do Rio Grande do Sul.<\/p>\n<p>Na reuni\u00e3o, o presidente do Senado se comprometeu a convocar, no prazo de at\u00e9 dez dias, as lideran\u00e7as partid\u00e1rias do Congresso Nacional para discutir a proposta e buscar um acordo que permita avan\u00e7ar com a vota\u00e7\u00e3o da mat\u00e9ria. A expectativa \u00e9 que o projeto possa ser apreciado ainda no m\u00eas de mar\u00e7o, trazendo medidas importantes para auxiliar os agricultores ga\u00fachos diante do atual cen\u00e1rio de endividamento.<\/p>\n<p>Durante a agenda em Bras\u00edlia tamb\u00e9m foi levantada a preocupa\u00e7\u00e3o com o aumento no pre\u00e7o do \u00f3leo diesel e poss\u00edveis situa\u00e7\u00f5es de especula\u00e7\u00e3o no mercado, especialmente no Rio Grande do Sul. O tema foi levado para debate com autoridades federais, j\u00e1 que o combust\u00edvel \u00e9 um insumo fundamental para a produ\u00e7\u00e3o agr\u00edcola e o transporte no meio rural.<\/p>\n<p>Para o presidente Eug\u00eanio Zanetti, a agenda em Bras\u00edlia foi importante para refor\u00e7ar as demandas da agricultura familiar e buscar avan\u00e7os nas discuss\u00f5es sobre o endividamento que atinge milhares de produtores no estado.<\/p>\n<p>\u201cSa\u00edmos otimistas dessas agendas em Bras\u00edlia. Depois de muito tempo tratando desse tema e cobrando encaminhamentos, vemos que a pauta come\u00e7a evoluir dentro do Congresso Nacional. A renegocia\u00e7\u00e3o das d\u00edvidas \u00e9 fundamental para que muitos agricultores e agricultoras consigam reorganizar sua situa\u00e7\u00e3o e seguir produzindo no campo\u201d, destacou.<\/p>\n<p>A FETAG-RS segue acompanhando as discuss\u00f5es e refor\u00e7ando a import\u00e2ncia de medidas concretas que garantam condi\u00e7\u00f5es para que os agricultores familiares possam enfrentar as dificuldades atuais e continuar produzindo alimentos e gerando desenvolvimento no campo.<\/p>\n","protected":false},"excerpt":{"rendered":"<p>A Federa\u00e7\u00e3o dos Trabalhadores na Agricultura no Rio Grande do Sul esteve em Bras\u00edlia acompanhando a comitiva do governador do Rio Grande do Sul, Eduardo Leite, em uma s\u00e9rie de agendas com minist\u00e9rios e lideran\u00e7as do Congresso Nacional para tratar de pautas estrat\u00e9gicas para a agricultura do estado. A entidade esteve representada pelo presidente, Eug\u00eanio&#8230;  <a class=\"excerpt-read-more\" href=\"https:\/\/www.fetagrs.org.br\/?p=53755\" title=\"Read FETAG-RS em Bras\u00edlia para tratar do endividamento dos agricultores e outras pautas do setor\">Leia mais &raquo;<\/a><\/p>\n","protected":false},"author":9,"featured_media":53757,"comment_status":"open","ping_status":"open","sticky":false,"template":"","format":"standard","meta":{"footnotes":"","_links_to":"","_links_to_target":""},"categories":[4,3],"tags":[],"class_list":["post-53755","post","type-post","status-publish","format-standard","has-post-thumbnail","hentry","category-destaques","category-noticias"],"yoast_head":"<!-- This site is optimized with the Yoast SEO plugin v26.8 - https:\/\/yoast.com\/product\/yoast-seo-wordpress\/ -->\n<title>FETAG-RS em Bras\u00edlia para tratar do endividamento dos agricultores e outras pautas do setor - FETAG-RS<\/title>\n<meta name=\"robots\" content=\"index, follow, max-snippet:-1, max-image-preview:large, max-video-preview:-1\" \/>\n<link rel=\"canonical\" href=\"https:\/\/www.fetagrs.org.br\/?p=53755\" \/>\n<meta property=\"og:locale\" content=\"pt_BR\" \/>\n<meta property=\"og:type\" content=\"article\" \/>\n<meta property=\"og:title\" content=\"FETAG-RS em Bras\u00edlia para tratar do endividamento dos agricultores e outras pautas do setor - FETAG-RS\" \/>\n<meta property=\"og:description\" content=\"A Federa\u00e7\u00e3o dos Trabalhadores na Agricultura no Rio Grande do Sul esteve em Bras\u00edlia acompanhando a comitiva do governador do Rio Grande do Sul, Eduardo Leite, em uma s\u00e9rie de agendas com minist\u00e9rios e lideran\u00e7as do Congresso Nacional para tratar de pautas estrat\u00e9gicas para a agricultura do estado. A entidade esteve representada pelo presidente, Eug\u00eanio... Leia mais &raquo;\" \/>\n<meta property=\"og:url\" content=\"https:\/\/www.fetagrs.org.br\/?p=53755\" \/>\n<meta property=\"og:site_name\" content=\"FETAG-RS\" \/>\n<meta property=\"article:publisher\" content=\"https:\/\/www.facebook.com\/fetagrs\" \/>\n<meta property=\"article:published_time\" content=\"2026-03-11T22:52:14+00:00\" \/>\n<meta property=\"og:image\" content=\"https:\/\/www.fetagrs.org.br\/wp-content\/uploads\/2026\/03\/WhatsApp-Image-2026-03-11-at-09.37.39.jpeg\" \/>\n\t<meta property=\"og:image:width\" content=\"1280\" \/>\n\t<meta property=\"og:image:height\" content=\"960\" \/>\n\t<meta property=\"og:image:type\" content=\"image\/jpeg\" \/>\n<meta name=\"author\" content=\"Ketruin da Silva\" \/>\n<meta name=\"twitter:card\" content=\"summary_large_image\" \/>\n<script type=\"application\/ld+json\" class=\"yoast-schema-graph\">{\"@context\":\"https:\/\/schema.org\",\"@graph\":[{\"@type\":\"Article\",\"@id\":\"https:\/\/www.fetagrs.org.br\/?p=53755#article\",\"isPartOf\":{\"@id\":\"https:\/\/www.fetagrs.org.br\/?p=53755\"},\"author\":{\"name\":\"Ketruin da Silva\",\"@id\":\"https:\/\/www.fetagrs.org.br\/#\/schema\/person\/7358fd50f533892509a4586972908bcf\"},\"headline\":\"FETAG-RS em Bras\u00edlia para tratar do endividamento dos agricultores e outras pautas do setor\",\"datePublished\":\"2026-03-11T22:52:14+00:00\",\"mainEntityOfPage\":{\"@id\":\"https:\/\/www.fetagrs.org.br\/?p=53755\"},\"wordCount\":539,\"commentCount\":0,\"publisher\":{\"@id\":\"https:\/\/www.fetagrs.org.br\/#organization\"},\"image\":{\"@id\":\"https:\/\/www.fetagrs.org.br\/?p=53755#primaryimage\"},\"thumbnailUrl\":\"https:\/\/www.fetagrs.org.br\/wp-content\/uploads\/2026\/03\/WhatsApp-Image-2026-03-11-at-09.37.39.jpeg\",\"articleSection\":[\"Destaques\",\"Not\u00edcias\"],\"inLanguage\":\"pt-BR\",\"potentialAction\":[{\"@type\":\"CommentAction\",\"name\":\"Comment\",\"target\":[\"https:\/\/www.fetagrs.org.br\/?p=53755#respond\"]}]},{\"@type\":\"WebPage\",\"@id\":\"https:\/\/www.fetagrs.org.br\/?p=53755\",\"url\":\"https:\/\/www.fetagrs.org.br\/?p=53755\",\"name\":\"FETAG-RS em Bras\u00edlia para tratar do endividamento dos agricultores e outras pautas do setor - FETAG-RS\",\"isPartOf\":{\"@id\":\"https:\/\/www.fetagrs.org.br\/#website\"},\"primaryImageOfPage\":{\"@id\":\"https:\/\/www.fetagrs.org.br\/?p=53755#primaryimage\"},\"image\":{\"@id\":\"https:\/\/www.fetagrs.org.br\/?p=53755#primaryimage\"},\"thumbnailUrl\":\"https:\/\/www.fetagrs.org.br\/wp-content\/uploads\/2026\/03\/WhatsApp-Image-2026-03-11-at-09.37.39.jpeg\",\"datePublished\":\"2026-03-11T22:52:14+00:00\",\"breadcrumb\":{\"@id\":\"https:\/\/www.fetagrs.org.br\/?p=53755#breadcrumb\"},\"inLanguage\":\"pt-BR\",\"potentialAction\":[{\"@type\":\"ReadAction\",\"target\":[\"https:\/\/www.fetagrs.org.br\/?p=53755\"]}]},{\"@type\":\"ImageObject\",\"inLanguage\":\"pt-BR\",\"@id\":\"https:\/\/www.fetagrs.org.br\/?p=53755#primaryimage\",\"url\":\"https:\/\/www.fetagrs.org.br\/wp-content\/uploads\/2026\/03\/WhatsApp-Image-2026-03-11-at-09.37.39.jpeg\",\"contentUrl\":\"https:\/\/www.fetagrs.org.br\/wp-content\/uploads\/2026\/03\/WhatsApp-Image-2026-03-11-at-09.37.39.jpeg\",\"width\":1280,\"height\":960},{\"@type\":\"BreadcrumbList\",\"@id\":\"https:\/\/www.fetagrs.org.br\/?p=53755#breadcrumb\",\"itemListElement\":[{\"@type\":\"ListItem\",\"position\":1,\"name\":\"In\u00edcio\",\"item\":\"https:\/\/www.fetagrs.org.br\/\"},{\"@type\":\"ListItem\",\"position\":2,\"name\":\"FETAG-RS em Bras\u00edlia para tratar do endividamento dos agricultores e outras pautas do setor\"}]},{\"@type\":\"WebSite\",\"@id\":\"https:\/\/www.fetagrs.org.br\/#website\",\"url\":\"https:\/\/www.fetagrs.org.br\/\",\"name\":\"FETAG-RS\",\"description\":\"Federa\u00e7\u00e3o dos Trabalhadores na Agricultura no RS\",\"publisher\":{\"@id\":\"https:\/\/www.fetagrs.org.br\/#organization\"},\"potentialAction\":[{\"@type\":\"SearchAction\",\"target\":{\"@type\":\"EntryPoint\",\"urlTemplate\":\"https:\/\/www.fetagrs.org.br\/?s={search_term_string}\"},\"query-input\":{\"@type\":\"PropertyValueSpecification\",\"valueRequired\":true,\"valueName\":\"search_term_string\"}}],\"inLanguage\":\"pt-BR\"},{\"@type\":\"Organization\",\"@id\":\"https:\/\/www.fetagrs.org.br\/#organization\",\"name\":\"Federa\u00e7\u00e3o dos Trabalhadores na Agricultura no Rio Grande do Sul\",\"url\":\"https:\/\/www.fetagrs.org.br\/\",\"logo\":{\"@type\":\"ImageObject\",\"inLanguage\":\"pt-BR\",\"@id\":\"https:\/\/www.fetagrs.org.br\/#\/schema\/logo\/image\/\",\"url\":\"http:\/\/fetagrs.org.br\/wp-content\/uploads\/2020\/12\/FETAG-RS.jpg\",\"contentUrl\":\"http:\/\/fetagrs.org.br\/wp-content\/uploads\/2020\/12\/FETAG-RS.jpg\",\"width\":561,\"height\":598,\"caption\":\"Federa\u00e7\u00e3o dos Trabalhadores na Agricultura no Rio Grande do Sul\"},\"image\":{\"@id\":\"https:\/\/www.fetagrs.org.br\/#\/schema\/logo\/image\/\"},\"sameAs\":[\"https:\/\/www.facebook.com\/fetagrs\",\"https:\/\/www.instagram.com\/fetagrs\/\",\"https:\/\/www.youtube.com\/c\/TVFETAGRS\/featured\"]},{\"@type\":\"Person\",\"@id\":\"https:\/\/www.fetagrs.org.br\/#\/schema\/person\/7358fd50f533892509a4586972908bcf\",\"name\":\"Ketruin da Silva\",\"image\":{\"@type\":\"ImageObject\",\"inLanguage\":\"pt-BR\",\"@id\":\"https:\/\/www.fetagrs.org.br\/#\/schema\/person\/image\/\",\"url\":\"https:\/\/secure.gravatar.com\/avatar\/f19936d1be5cf0fc837c2d51bcd89fccfb9ce7416df42b4ba42dcffb96a7940b?s=96&d=mm&r=g\",\"contentUrl\":\"https:\/\/secure.gravatar.com\/avatar\/f19936d1be5cf0fc837c2d51bcd89fccfb9ce7416df42b4ba42dcffb96a7940b?s=96&d=mm&r=g\",\"caption\":\"Ketruin da Silva\"},\"url\":\"https:\/\/www.fetagrs.org.br\/?author=9\"}]}<\/script>\n<!-- \/ Yoast SEO plugin. -->","yoast_head_json":{"title":"FETAG-RS em Bras\u00edlia para tratar do endividamento dos agricultores e outras pautas do setor - FETAG-RS","robots":{"index":"index","follow":"follow","max-snippet":"max-snippet:-1","max-image-preview":"max-image-preview:large","max-video-preview":"max-video-preview:-1"},"canonical":"https:\/\/www.fetagrs.org.br\/?p=53755","og_locale":"pt_BR","og_type":"article","og_title":"FETAG-RS em Bras\u00edlia para tratar do endividamento dos agricultores e outras pautas do setor - FETAG-RS","og_description":"A Federa\u00e7\u00e3o dos Trabalhadores na Agricultura no Rio Grande do Sul esteve em Bras\u00edlia acompanhando a comitiva do governador do Rio Grande do Sul, Eduardo Leite, em uma s\u00e9rie de agendas com minist\u00e9rios e lideran\u00e7as do Congresso Nacional para tratar de pautas estrat\u00e9gicas para a agricultura do estado. A entidade esteve representada pelo presidente, Eug\u00eanio... Leia mais &raquo;","og_url":"https:\/\/www.fetagrs.org.br\/?p=53755","og_site_name":"FETAG-RS","article_publisher":"https:\/\/www.facebook.com\/fetagrs","article_published_time":"2026-03-11T22:52:14+00:00","og_image":[{"width":1280,"height":960,"url":"https:\/\/www.fetagrs.org.br\/wp-content\/uploads\/2026\/03\/WhatsApp-Image-2026-03-11-at-09.37.39.jpeg","type":"image\/jpeg"}],"author":"Ketruin da Silva","twitter_card":"summary_large_image","schema":{"@context":"https:\/\/schema.org","@graph":[{"@type":"Article","@id":"https:\/\/www.fetagrs.org.br\/?p=53755#article","isPartOf":{"@id":"https:\/\/www.fetagrs.org.br\/?p=53755"},"author":{"name":"Ketruin da Silva","@id":"https:\/\/www.fetagrs.org.br\/#\/schema\/person\/7358fd50f533892509a4586972908bcf"},"headline":"FETAG-RS em Bras\u00edlia para tratar do endividamento dos agricultores e outras pautas do setor","datePublished":"2026-03-11T22:52:14+00:00","mainEntityOfPage":{"@id":"https:\/\/www.fetagrs.org.br\/?p=53755"},"wordCount":539,"commentCount":0,"publisher":{"@id":"https:\/\/www.fetagrs.org.br\/#organization"},"image":{"@id":"https:\/\/www.fetagrs.org.br\/?p=53755#primaryimage"},"thumbnailUrl":"https:\/\/www.fetagrs.org.br\/wp-content\/uploads\/2026\/03\/WhatsApp-Image-2026-03-11-at-09.37.39.jpeg","articleSection":["Destaques","Not\u00edcias"],"inLanguage":"pt-BR","potentialAction":[{"@type":"CommentAction","name":"Comment","target":["https:\/\/www.fetagrs.org.br\/?p=53755#respond"]}]},{"@type":"WebPage","@id":"https:\/\/www.fetagrs.org.br\/?p=53755","url":"https:\/\/www.fetagrs.org.br\/?p=53755","name":"FETAG-RS em Bras\u00edlia para tratar do endividamento dos agricultores e outras pautas do setor - FETAG-RS","isPartOf":{"@id":"https:\/\/www.fetagrs.org.br\/#website"},"primaryImageOfPage":{"@id":"https:\/\/www.fetagrs.org.br\/?p=53755#primaryimage"},"image":{"@id":"https:\/\/www.fetagrs.org.br\/?p=53755#primaryimage"},"thumbnailUrl":"https:\/\/www.fetagrs.org.br\/wp-content\/uploads\/2026\/03\/WhatsApp-Image-2026-03-11-at-09.37.39.jpeg","datePublished":"2026-03-11T22:52:14+00:00","breadcrumb":{"@id":"https:\/\/www.fetagrs.org.br\/?p=53755#breadcrumb"},"inLanguage":"pt-BR","potentialAction":[{"@type":"ReadAction","target":["https:\/\/www.fetagrs.org.br\/?p=53755"]}]},{"@type":"ImageObject","inLanguage":"pt-BR","@id":"https:\/\/www.fetagrs.org.br\/?p=53755#primaryimage","url":"https:\/\/www.fetagrs.org.br\/wp-content\/uploads\/2026\/03\/WhatsApp-Image-2026-03-11-at-09.37.39.jpeg","contentUrl":"https:\/\/www.fetagrs.org.br\/wp-content\/uploads\/2026\/03\/WhatsApp-Image-2026-03-11-at-09.37.39.jpeg","width":1280,"height":960},{"@type":"BreadcrumbList","@id":"https:\/\/www.fetagrs.org.br\/?p=53755#breadcrumb","itemListElement":[{"@type":"ListItem","position":1,"name":"In\u00edcio","item":"https:\/\/www.fetagrs.org.br\/"},{"@type":"ListItem","position":2,"name":"FETAG-RS em Bras\u00edlia para tratar do endividamento dos agricultores e outras pautas do setor"}]},{"@type":"WebSite","@id":"https:\/\/www.fetagrs.org.br\/#website","url":"https:\/\/www.fetagrs.org.br\/","name":"FETAG-RS","description":"Federa\u00e7\u00e3o dos Trabalhadores na Agricultura no RS","publisher":{"@id":"https:\/\/www.fetagrs.org.br\/#organization"},"potentialAction":[{"@type":"SearchAction","target":{"@type":"EntryPoint","urlTemplate":"https:\/\/www.fetagrs.org.br\/?s={search_term_string}"},"query-input":{"@type":"PropertyValueSpecification","valueRequired":true,"valueName":"search_term_string"}}],"inLanguage":"pt-BR"},{"@type":"Organization","@id":"https:\/\/www.fetagrs.org.br\/#organization","name":"Federa\u00e7\u00e3o dos Trabalhadores na Agricultura no Rio Grande do Sul","url":"https:\/\/www.fetagrs.org.br\/","logo":{"@type":"ImageObject","inLanguage":"pt-BR","@id":"https:\/\/www.fetagrs.org.br\/#\/schema\/logo\/image\/","url":"http:\/\/fetagrs.org.br\/wp-content\/uploads\/2020\/12\/FETAG-RS.jpg","contentUrl":"http:\/\/fetagrs.org.br\/wp-content\/uploads\/2020\/12\/FETAG-RS.jpg","width":561,"height":598,"caption":"Federa\u00e7\u00e3o dos Trabalhadores na Agricultura no Rio Grande do Sul"},"image":{"@id":"https:\/\/www.fetagrs.org.br\/#\/schema\/logo\/image\/"},"sameAs":["https:\/\/www.facebook.com\/fetagrs","https:\/\/www.instagram.com\/fetagrs\/","https:\/\/www.youtube.com\/c\/TVFETAGRS\/featured"]},{"@type":"Person","@id":"https:\/\/www.fetagrs.org.br\/#\/schema\/person\/7358fd50f533892509a4586972908bcf","name":"Ketruin da Silva","image":{"@type":"ImageObject","inLanguage":"pt-BR","@id":"https:\/\/www.fetagrs.org.br\/#\/schema\/person\/image\/","url":"https:\/\/secure.gravatar.com\/avatar\/f19936d1be5cf0fc837c2d51bcd89fccfb9ce7416df42b4ba42dcffb96a7940b?s=96&d=mm&r=g","contentUrl":"https:\/\/secure.gravatar.com\/avatar\/f19936d1be5cf0fc837c2d51bcd89fccfb9ce7416df42b4ba42dcffb96a7940b?s=96&d=mm&r=g","caption":"Ketruin da Silva"},"url":"https:\/\/www.fetagrs.org.br\/?author=9"}]}},"_links":{"self":[{"href":"https:\/\/www.fetagrs.org.br\/index.php?rest_route=\/wp\/v2\/posts\/53755","targetHints":{"allow":["GET"]}}],"collection":[{"href":"https:\/\/www.fetagrs.org.br\/index.php?rest_route=\/wp\/v2\/posts"}],"about":[{"href":"https:\/\/www.fetagrs.org.br\/index.php?rest_route=\/wp\/v2\/types\/post"}],"author":[{"embeddable":true,"href":"https:\/\/www.fetagrs.org.br\/index.php?rest_route=\/wp\/v2\/users\/9"}],"replies":[{"embeddable":true,"href":"https:\/\/www.fetagrs.org.br\/index.php?rest_route=%2Fwp%2Fv2%2Fcomments&post=53755"}],"version-history":[{"count":5,"href":"https:\/\/www.fetagrs.org.br\/index.php?rest_route=\/wp\/v2\/posts\/53755\/revisions"}],"predecessor-version":[{"id":53761,"href":"https:\/\/www.fetagrs.org.br\/index.php?rest_route=\/wp\/v2\/posts\/53755\/revisions\/53761"}],"wp:featuredmedia":[{"embeddable":true,"href":"https:\/\/www.fetagrs.org.br\/index.php?rest_route=\/wp\/v2\/media\/53757"}],"wp:attachment":[{"href":"https:\/\/www.fetagrs.org.br\/index.php?rest_route=%2Fwp%2Fv2%2Fmedia&parent=53755"}],"wp:term":[{"taxonomy":"category","embeddable":true,"href":"https:\/\/www.fetagrs.org.br\/index.php?rest_route=%2Fwp%2Fv2%2Fcategories&post=53755"},{"taxonomy":"post_tag","embeddable":true,"href":"https:\/\/www.fetagrs.org.br\/index.php?rest_route=%2Fwp%2Fv2%2Ftags&post=53755"}],"curies":[{"name":"wp","href":"https:\/\/api.w.org\/{rel}","templated":true}]}}