{"id":53651,"date":"2026-02-09T15:34:51","date_gmt":"2026-02-09T18:34:51","guid":{"rendered":"https:\/\/www.fetagrs.org.br\/?p=53651"},"modified":"2026-02-09T15:34:51","modified_gmt":"2026-02-09T18:34:51","slug":"fetag-rs-participa-do-lancamento-da-26a-expodireto-cotrija","status":"publish","type":"post","link":"https:\/\/www.fetagrs.org.br\/?p=53651","title":{"rendered":"FETAG-RS participa do lan\u00e7amento da 26\u00aa Expodireto Cotrija"},"content":{"rendered":"<p>A Federa\u00e7\u00e3o dos Trabalhadores na Agricultura no Rio Grande do Sul (FETAG-RS) participou, nesta segunda-feira (09), do lan\u00e7amento oficial da 26\u00aa Expodireto Cotrijal, realizado em Porto Alegre.<\/p>\n<p>A participa\u00e7\u00e3o da FETAG-RS na Expodireto Cotrijal ocorre de forma estrat\u00e9gica, com destaque para o Pavilh\u00e3o da Agricultura Familiar, espa\u00e7o que valoriza a produ\u00e7\u00e3o de alimentos, a gera\u00e7\u00e3o de renda e o fortalecimento das fam\u00edlias agricultoras. A atua\u00e7\u00e3o da entidade envolve, ainda, o trabalho conjunto com a Regional Alto Jacu\u00ed, regi\u00e3o onde est\u00e1 localizada a feira.<\/p>\n<p>Desde 2008, a FETAG-RS atua de forma conjunta na organiza\u00e7\u00e3o do Pavilh\u00e3o da Agricultura Familiar, acompanhando o crescimento e a consolida\u00e7\u00e3o do espa\u00e7o desde sua cria\u00e7\u00e3o, reafirmando o compromisso hist\u00f3rico da entidade com a valoriza\u00e7\u00e3o da agricultura familiar.<\/p>\n<p>Nesta edi\u00e7\u00e3o, o Pavilh\u00e3o da Agricultura Familiar contar\u00e1 com cerca de 224 expositores, representando 119 munic\u00edpios, promovendo a diversidade da produ\u00e7\u00e3o, a comercializa\u00e7\u00e3o direta e o fortalecimento das agroind\u00fastrias familiares.<\/p>\n<p>Al\u00e9m da presen\u00e7a no pavilh\u00e3o, a feira tamb\u00e9m \u00e9 um ambiente importante para a realiza\u00e7\u00e3o de reuni\u00f5es, di\u00e1logos e articula\u00e7\u00f5es, fortalecendo rela\u00e7\u00f5es e debatendo pautas centrais do meio rural.<\/p>\n<p>Para o vice-presidente da FETAG-RS, Eug\u00eanio Zanetti, a Expodireto Cotrijal \u00e9 um espa\u00e7o fundamental para dar visibilidade \u00e0 agricultura familiar. \u201cA feira \u00e9 uma vitrine importante para mostrar a for\u00e7a da agricultura familiar, valorizar o trabalho das fam\u00edlias agricultoras e fortalecer o di\u00e1logo com diferentes setores, contribuindo para o desenvolvimento do meio rural\u201d, destaca.<\/p>\n<p>A Expodireto Cotrijal acontece de 9 a 13 de mar\u00e7o, em N\u00e3o-Me-Toque, e \u00e9 considerada um dos principais eventos do agroneg\u00f3cio do Brasil e da Am\u00e9rica Latina<\/p>\n","protected":false},"excerpt":{"rendered":"<p>A Federa\u00e7\u00e3o dos Trabalhadores na Agricultura no Rio Grande do Sul (FETAG-RS) participou, nesta segunda-feira (09), do lan\u00e7amento oficial da 26\u00aa Expodireto Cotrijal, realizado em Porto Alegre. A participa\u00e7\u00e3o da FETAG-RS na Expodireto Cotrijal ocorre de forma estrat\u00e9gica, com destaque para o Pavilh\u00e3o da Agricultura Familiar, espa\u00e7o que valoriza a produ\u00e7\u00e3o de alimentos, a gera\u00e7\u00e3o&#8230;  <a class=\"excerpt-read-more\" href=\"https:\/\/www.fetagrs.org.br\/?p=53651\" title=\"Read FETAG-RS participa do lan\u00e7amento da 26\u00aa Expodireto Cotrija\">Leia mais &raquo;<\/a><\/p>\n","protected":false},"author":10,"featured_media":0,"comment_status":"open","ping_status":"open","sticky":false,"template":"","format":"standard","meta":{"footnotes":"","_links_to":"","_links_to_target":""},"categories":[4,3],"tags":[],"class_list":["post-53651","post","type-post","status-publish","format-standard","hentry","category-destaques","category-noticias"],"yoast_head":"<!-- This site is optimized with the Yoast SEO plugin v26.8 - https:\/\/yoast.com\/product\/yoast-seo-wordpress\/ -->\n<title>FETAG-RS participa do lan\u00e7amento da 26\u00aa Expodireto Cotrija - FETAG-RS<\/title>\n<meta name=\"robots\" content=\"index, follow, max-snippet:-1, max-image-preview:large, max-video-preview:-1\" \/>\n<link rel=\"canonical\" href=\"https:\/\/www.fetagrs.org.br\/?p=53651\" \/>\n<meta property=\"og:locale\" content=\"pt_BR\" \/>\n<meta property=\"og:type\" content=\"article\" \/>\n<meta property=\"og:title\" content=\"FETAG-RS participa do lan\u00e7amento da 26\u00aa Expodireto Cotrija - FETAG-RS\" \/>\n<meta property=\"og:description\" content=\"A Federa\u00e7\u00e3o dos Trabalhadores na Agricultura no Rio Grande do Sul (FETAG-RS) participou, nesta segunda-feira (09), do lan\u00e7amento oficial da 26\u00aa Expodireto Cotrijal, realizado em Porto Alegre. A participa\u00e7\u00e3o da FETAG-RS na Expodireto Cotrijal ocorre de forma estrat\u00e9gica, com destaque para o Pavilh\u00e3o da Agricultura Familiar, espa\u00e7o que valoriza a produ\u00e7\u00e3o de alimentos, a gera\u00e7\u00e3o... Leia mais &raquo;\" \/>\n<meta property=\"og:url\" content=\"https:\/\/www.fetagrs.org.br\/?p=53651\" \/>\n<meta property=\"og:site_name\" content=\"FETAG-RS\" \/>\n<meta property=\"article:publisher\" content=\"https:\/\/www.facebook.com\/fetagrs\" \/>\n<meta property=\"article:published_time\" content=\"2026-02-09T18:34:51+00:00\" \/>\n<meta name=\"author\" content=\"Camila dos Santos\" \/>\n<meta name=\"twitter:card\" content=\"summary_large_image\" \/>\n<script type=\"application\/ld+json\" class=\"yoast-schema-graph\">{\"@context\":\"https:\/\/schema.org\",\"@graph\":[{\"@type\":\"Article\",\"@id\":\"https:\/\/www.fetagrs.org.br\/?p=53651#article\",\"isPartOf\":{\"@id\":\"https:\/\/www.fetagrs.org.br\/?p=53651\"},\"author\":{\"name\":\"Camila dos Santos\",\"@id\":\"https:\/\/www.fetagrs.org.br\/#\/schema\/person\/414925669ddee89f2bb52fcc97310ea8\"},\"headline\":\"FETAG-RS participa do lan\u00e7amento da 26\u00aa Expodireto Cotrija\",\"datePublished\":\"2026-02-09T18:34:51+00:00\",\"mainEntityOfPage\":{\"@id\":\"https:\/\/www.fetagrs.org.br\/?p=53651\"},\"wordCount\":299,\"commentCount\":0,\"publisher\":{\"@id\":\"https:\/\/www.fetagrs.org.br\/#organization\"},\"articleSection\":[\"Destaques\",\"Not\u00edcias\"],\"inLanguage\":\"pt-BR\",\"potentialAction\":[{\"@type\":\"CommentAction\",\"name\":\"Comment\",\"target\":[\"https:\/\/www.fetagrs.org.br\/?p=53651#respond\"]}]},{\"@type\":\"WebPage\",\"@id\":\"https:\/\/www.fetagrs.org.br\/?p=53651\",\"url\":\"https:\/\/www.fetagrs.org.br\/?p=53651\",\"name\":\"FETAG-RS participa do lan\u00e7amento da 26\u00aa Expodireto Cotrija - FETAG-RS\",\"isPartOf\":{\"@id\":\"https:\/\/www.fetagrs.org.br\/#website\"},\"datePublished\":\"2026-02-09T18:34:51+00:00\",\"breadcrumb\":{\"@id\":\"https:\/\/www.fetagrs.org.br\/?p=53651#breadcrumb\"},\"inLanguage\":\"pt-BR\",\"potentialAction\":[{\"@type\":\"ReadAction\",\"target\":[\"https:\/\/www.fetagrs.org.br\/?p=53651\"]}]},{\"@type\":\"BreadcrumbList\",\"@id\":\"https:\/\/www.fetagrs.org.br\/?p=53651#breadcrumb\",\"itemListElement\":[{\"@type\":\"ListItem\",\"position\":1,\"name\":\"In\u00edcio\",\"item\":\"https:\/\/www.fetagrs.org.br\/\"},{\"@type\":\"ListItem\",\"position\":2,\"name\":\"FETAG-RS participa do lan\u00e7amento da 26\u00aa Expodireto Cotrija\"}]},{\"@type\":\"WebSite\",\"@id\":\"https:\/\/www.fetagrs.org.br\/#website\",\"url\":\"https:\/\/www.fetagrs.org.br\/\",\"name\":\"FETAG-RS\",\"description\":\"Federa\u00e7\u00e3o dos Trabalhadores na Agricultura no RS\",\"publisher\":{\"@id\":\"https:\/\/www.fetagrs.org.br\/#organization\"},\"potentialAction\":[{\"@type\":\"SearchAction\",\"target\":{\"@type\":\"EntryPoint\",\"urlTemplate\":\"https:\/\/www.fetagrs.org.br\/?s={search_term_string}\"},\"query-input\":{\"@type\":\"PropertyValueSpecification\",\"valueRequired\":true,\"valueName\":\"search_term_string\"}}],\"inLanguage\":\"pt-BR\"},{\"@type\":\"Organization\",\"@id\":\"https:\/\/www.fetagrs.org.br\/#organization\",\"name\":\"Federa\u00e7\u00e3o dos Trabalhadores na Agricultura no Rio Grande do Sul\",\"url\":\"https:\/\/www.fetagrs.org.br\/\",\"logo\":{\"@type\":\"ImageObject\",\"inLanguage\":\"pt-BR\",\"@id\":\"https:\/\/www.fetagrs.org.br\/#\/schema\/logo\/image\/\",\"url\":\"http:\/\/fetagrs.org.br\/wp-content\/uploads\/2020\/12\/FETAG-RS.jpg\",\"contentUrl\":\"http:\/\/fetagrs.org.br\/wp-content\/uploads\/2020\/12\/FETAG-RS.jpg\",\"width\":561,\"height\":598,\"caption\":\"Federa\u00e7\u00e3o dos Trabalhadores na Agricultura no Rio Grande do Sul\"},\"image\":{\"@id\":\"https:\/\/www.fetagrs.org.br\/#\/schema\/logo\/image\/\"},\"sameAs\":[\"https:\/\/www.facebook.com\/fetagrs\",\"https:\/\/www.instagram.com\/fetagrs\/\",\"https:\/\/www.youtube.com\/c\/TVFETAGRS\/featured\"]},{\"@type\":\"Person\",\"@id\":\"https:\/\/www.fetagrs.org.br\/#\/schema\/person\/414925669ddee89f2bb52fcc97310ea8\",\"name\":\"Camila dos Santos\",\"image\":{\"@type\":\"ImageObject\",\"inLanguage\":\"pt-BR\",\"@id\":\"https:\/\/www.fetagrs.org.br\/#\/schema\/person\/image\/\",\"url\":\"https:\/\/secure.gravatar.com\/avatar\/177064ae07f49fc3b530bc0911ff4424e621528eb067022c8663e5f4c4031fa8?s=96&d=mm&r=g\",\"contentUrl\":\"https:\/\/secure.gravatar.com\/avatar\/177064ae07f49fc3b530bc0911ff4424e621528eb067022c8663e5f4c4031fa8?s=96&d=mm&r=g\",\"caption\":\"Camila dos Santos\"},\"url\":\"https:\/\/www.fetagrs.org.br\/?author=10\"}]}<\/script>\n<!-- \/ Yoast SEO plugin. -->","yoast_head_json":{"title":"FETAG-RS participa do lan\u00e7amento da 26\u00aa Expodireto Cotrija - FETAG-RS","robots":{"index":"index","follow":"follow","max-snippet":"max-snippet:-1","max-image-preview":"max-image-preview:large","max-video-preview":"max-video-preview:-1"},"canonical":"https:\/\/www.fetagrs.org.br\/?p=53651","og_locale":"pt_BR","og_type":"article","og_title":"FETAG-RS participa do lan\u00e7amento da 26\u00aa Expodireto Cotrija - FETAG-RS","og_description":"A Federa\u00e7\u00e3o dos Trabalhadores na Agricultura no Rio Grande do Sul (FETAG-RS) participou, nesta segunda-feira (09), do lan\u00e7amento oficial da 26\u00aa Expodireto Cotrijal, realizado em Porto Alegre. A participa\u00e7\u00e3o da FETAG-RS na Expodireto Cotrijal ocorre de forma estrat\u00e9gica, com destaque para o Pavilh\u00e3o da Agricultura Familiar, espa\u00e7o que valoriza a produ\u00e7\u00e3o de alimentos, a gera\u00e7\u00e3o... Leia mais &raquo;","og_url":"https:\/\/www.fetagrs.org.br\/?p=53651","og_site_name":"FETAG-RS","article_publisher":"https:\/\/www.facebook.com\/fetagrs","article_published_time":"2026-02-09T18:34:51+00:00","author":"Camila dos Santos","twitter_card":"summary_large_image","schema":{"@context":"https:\/\/schema.org","@graph":[{"@type":"Article","@id":"https:\/\/www.fetagrs.org.br\/?p=53651#article","isPartOf":{"@id":"https:\/\/www.fetagrs.org.br\/?p=53651"},"author":{"name":"Camila dos Santos","@id":"https:\/\/www.fetagrs.org.br\/#\/schema\/person\/414925669ddee89f2bb52fcc97310ea8"},"headline":"FETAG-RS participa do lan\u00e7amento da 26\u00aa Expodireto Cotrija","datePublished":"2026-02-09T18:34:51+00:00","mainEntityOfPage":{"@id":"https:\/\/www.fetagrs.org.br\/?p=53651"},"wordCount":299,"commentCount":0,"publisher":{"@id":"https:\/\/www.fetagrs.org.br\/#organization"},"articleSection":["Destaques","Not\u00edcias"],"inLanguage":"pt-BR","potentialAction":[{"@type":"CommentAction","name":"Comment","target":["https:\/\/www.fetagrs.org.br\/?p=53651#respond"]}]},{"@type":"WebPage","@id":"https:\/\/www.fetagrs.org.br\/?p=53651","url":"https:\/\/www.fetagrs.org.br\/?p=53651","name":"FETAG-RS participa do lan\u00e7amento da 26\u00aa Expodireto Cotrija - FETAG-RS","isPartOf":{"@id":"https:\/\/www.fetagrs.org.br\/#website"},"datePublished":"2026-02-09T18:34:51+00:00","breadcrumb":{"@id":"https:\/\/www.fetagrs.org.br\/?p=53651#breadcrumb"},"inLanguage":"pt-BR","potentialAction":[{"@type":"ReadAction","target":["https:\/\/www.fetagrs.org.br\/?p=53651"]}]},{"@type":"BreadcrumbList","@id":"https:\/\/www.fetagrs.org.br\/?p=53651#breadcrumb","itemListElement":[{"@type":"ListItem","position":1,"name":"In\u00edcio","item":"https:\/\/www.fetagrs.org.br\/"},{"@type":"ListItem","position":2,"name":"FETAG-RS participa do lan\u00e7amento da 26\u00aa Expodireto Cotrija"}]},{"@type":"WebSite","@id":"https:\/\/www.fetagrs.org.br\/#website","url":"https:\/\/www.fetagrs.org.br\/","name":"FETAG-RS","description":"Federa\u00e7\u00e3o dos Trabalhadores na Agricultura no RS","publisher":{"@id":"https:\/\/www.fetagrs.org.br\/#organization"},"potentialAction":[{"@type":"SearchAction","target":{"@type":"EntryPoint","urlTemplate":"https:\/\/www.fetagrs.org.br\/?s={search_term_string}"},"query-input":{"@type":"PropertyValueSpecification","valueRequired":true,"valueName":"search_term_string"}}],"inLanguage":"pt-BR"},{"@type":"Organization","@id":"https:\/\/www.fetagrs.org.br\/#organization","name":"Federa\u00e7\u00e3o dos Trabalhadores na Agricultura no Rio Grande do Sul","url":"https:\/\/www.fetagrs.org.br\/","logo":{"@type":"ImageObject","inLanguage":"pt-BR","@id":"https:\/\/www.fetagrs.org.br\/#\/schema\/logo\/image\/","url":"http:\/\/fetagrs.org.br\/wp-content\/uploads\/2020\/12\/FETAG-RS.jpg","contentUrl":"http:\/\/fetagrs.org.br\/wp-content\/uploads\/2020\/12\/FETAG-RS.jpg","width":561,"height":598,"caption":"Federa\u00e7\u00e3o dos Trabalhadores na Agricultura no Rio Grande do Sul"},"image":{"@id":"https:\/\/www.fetagrs.org.br\/#\/schema\/logo\/image\/"},"sameAs":["https:\/\/www.facebook.com\/fetagrs","https:\/\/www.instagram.com\/fetagrs\/","https:\/\/www.youtube.com\/c\/TVFETAGRS\/featured"]},{"@type":"Person","@id":"https:\/\/www.fetagrs.org.br\/#\/schema\/person\/414925669ddee89f2bb52fcc97310ea8","name":"Camila dos Santos","image":{"@type":"ImageObject","inLanguage":"pt-BR","@id":"https:\/\/www.fetagrs.org.br\/#\/schema\/person\/image\/","url":"https:\/\/secure.gravatar.com\/avatar\/177064ae07f49fc3b530bc0911ff4424e621528eb067022c8663e5f4c4031fa8?s=96&d=mm&r=g","contentUrl":"https:\/\/secure.gravatar.com\/avatar\/177064ae07f49fc3b530bc0911ff4424e621528eb067022c8663e5f4c4031fa8?s=96&d=mm&r=g","caption":"Camila dos Santos"},"url":"https:\/\/www.fetagrs.org.br\/?author=10"}]}},"_links":{"self":[{"href":"https:\/\/www.fetagrs.org.br\/index.php?rest_route=\/wp\/v2\/posts\/53651","targetHints":{"allow":["GET"]}}],"collection":[{"href":"https:\/\/www.fetagrs.org.br\/index.php?rest_route=\/wp\/v2\/posts"}],"about":[{"href":"https:\/\/www.fetagrs.org.br\/index.php?rest_route=\/wp\/v2\/types\/post"}],"author":[{"embeddable":true,"href":"https:\/\/www.fetagrs.org.br\/index.php?rest_route=\/wp\/v2\/users\/10"}],"replies":[{"embeddable":true,"href":"https:\/\/www.fetagrs.org.br\/index.php?rest_route=%2Fwp%2Fv2%2Fcomments&post=53651"}],"version-history":[{"count":1,"href":"https:\/\/www.fetagrs.org.br\/index.php?rest_route=\/wp\/v2\/posts\/53651\/revisions"}],"predecessor-version":[{"id":53652,"href":"https:\/\/www.fetagrs.org.br\/index.php?rest_route=\/wp\/v2\/posts\/53651\/revisions\/53652"}],"wp:attachment":[{"href":"https:\/\/www.fetagrs.org.br\/index.php?rest_route=%2Fwp%2Fv2%2Fmedia&parent=53651"}],"wp:term":[{"taxonomy":"category","embeddable":true,"href":"https:\/\/www.fetagrs.org.br\/index.php?rest_route=%2Fwp%2Fv2%2Fcategories&post=53651"},{"taxonomy":"post_tag","embeddable":true,"href":"https:\/\/www.fetagrs.org.br\/index.php?rest_route=%2Fwp%2Fv2%2Ftags&post=53651"}],"curies":[{"name":"wp","href":"https:\/\/api.w.org\/{rel}","templated":true}]}}