{"id":53647,"date":"2026-02-05T09:57:14","date_gmt":"2026-02-05T12:57:14","guid":{"rendered":"https:\/\/www.fetagrs.org.br\/?p=53647"},"modified":"2026-02-05T09:57:14","modified_gmt":"2026-02-05T12:57:14","slug":"grupo-de-estudos-fortalece-formacao-politica-e-sindical-de-liderancas-da-fetag-rs","status":"publish","type":"post","link":"https:\/\/www.fetagrs.org.br\/?p=53647","title":{"rendered":"Grupo de Estudos fortalece forma\u00e7\u00e3o pol\u00edtica e sindical de lideran\u00e7as da FETAG-RS"},"content":{"rendered":"<p>&nbsp;<\/p>\n<p>&nbsp;<\/p>\n<img loading=\"lazy\" decoding=\"async\" class=\"size-medium wp-image-53649 aligncenter\" src=\"http:\/\/www.fetagrs.org.br\/wp-content\/uploads\/2026\/02\/WhatsApp-Image-2026-02-05-at-09.36.15-300x169.jpeg\" alt=\"\" width=\"300\" height=\"169\" srcset=\"https:\/\/www.fetagrs.org.br\/wp-content\/uploads\/2026\/02\/WhatsApp-Image-2026-02-05-at-09.36.15-300x169.jpeg 300w, https:\/\/www.fetagrs.org.br\/wp-content\/uploads\/2026\/02\/WhatsApp-Image-2026-02-05-at-09.36.15-1024x576.jpeg 1024w, https:\/\/www.fetagrs.org.br\/wp-content\/uploads\/2026\/02\/WhatsApp-Image-2026-02-05-at-09.36.15-768x432.jpeg 768w, https:\/\/www.fetagrs.org.br\/wp-content\/uploads\/2026\/02\/WhatsApp-Image-2026-02-05-at-09.36.15-1536x864.jpeg 1536w, https:\/\/www.fetagrs.org.br\/wp-content\/uploads\/2026\/02\/WhatsApp-Image-2026-02-05-at-09.36.15.jpeg 1600w\" sizes=\"auto, (max-width: 300px) 100vw, 300px\" \/>\n<p>A Federa\u00e7\u00e3o dos Trabalhadores na Agricultura do Rio Grande do Sul (FETAG-RS), por meio da Comiss\u00e3o Estadual de Jovens e em parceria com o IFSIM, est\u00e1 realizando o Grupo de Estudos de Forma\u00e7\u00e3o Pol\u00edtica, Sindical e Social. Voltado principalmente \u00e0 juventude rural, o grupo tamb\u00e9m \u00e9 aberto a funcion\u00e1rios e lideran\u00e7as sindicais.<\/p>\n<p>Cerca de 100 pessoas participam dos encontros online, realizados quinzenalmente, que constituem um espa\u00e7o permanente de estudo, debate e reflex\u00e3o coletiva sobre os desafios do sindicalismo, da democracia, das pol\u00edticas p\u00fablicas e da agricultura familiar.<\/p>\n<p>O grupo tem como objetivo fortalecer o pensamento cr\u00edtico das lideran\u00e7as sindicais, promover uma lideran\u00e7a democr\u00e1tica e participativa, atualizar os sindicatos frente aos desafios hist\u00f3ricos e contempor\u00e2neos, criar um espa\u00e7o de forma\u00e7\u00e3o cont\u00ednua e valorizar a diversidade do p\u00fablico sindical, incluindo homens, mulheres e jovens.<\/p>\n<p>Para a 1\u00aa Secret\u00e1ria e Coordenadora de Juventude Rural e Educa\u00e7\u00e3o do Campo da FETAG-RS, Camila Rode, o grupo cumpre um papel estrat\u00e9gico na qualifica\u00e7\u00e3o das lideran\u00e7as. \u201cEsse espa\u00e7o de forma\u00e7\u00e3o \u00e9 fundamental para aprofundar o debate pol\u00edtico e fortalecer o pensamento cr\u00edtico das nossas lideran\u00e7as. O estudo coletivo permite compreender melhor a realidade que vivemos, os desafios do sindicalismo e o nosso papel na defesa dos direitos dos trabalhadores e trabalhadoras rurais\u201d, afirma.<\/p>\n<p>Cada encontro tem cerca de duas horas de dura\u00e7\u00e3o e inicia com a exposi\u00e7\u00e3o de um especialista, seguida de debate coletivo e registro das principais reflex\u00f5es. Antes de cada sess\u00e3o, os participantes realizam leitura pr\u00e9via de materiais que servem de base para as discuss\u00f5es. O curso possui carga hor\u00e1ria de 40 horas, com atividades entre os m\u00f3dulos, e certifica\u00e7\u00e3o pelo IFSIM.<\/p>\n<p>Com a iniciativa, a FETAG-RS refor\u00e7a seu compromisso com a qualifica\u00e7\u00e3o de suas lideran\u00e7as e com a constru\u00e7\u00e3o de um movimento sindical preparado para enfrentar os desafios e defender os direitos dos trabalhadores e trabalhadoras rurais.<\/p>\n","protected":false},"excerpt":{"rendered":"<p>&nbsp; &nbsp; A Federa\u00e7\u00e3o dos Trabalhadores na Agricultura do Rio Grande do Sul (FETAG-RS), por meio da Comiss\u00e3o Estadual de Jovens e em parceria com o IFSIM, est\u00e1 realizando o Grupo de Estudos de Forma\u00e7\u00e3o Pol\u00edtica, Sindical e Social. Voltado principalmente \u00e0 juventude rural, o grupo tamb\u00e9m \u00e9 aberto a funcion\u00e1rios e lideran\u00e7as sindicais. Cerca&#8230;  <a class=\"excerpt-read-more\" href=\"https:\/\/www.fetagrs.org.br\/?p=53647\" title=\"Read Grupo de Estudos fortalece forma\u00e7\u00e3o pol\u00edtica e sindical de lideran\u00e7as da FETAG-RS\">Leia mais &raquo;<\/a><\/p>\n","protected":false},"author":10,"featured_media":53649,"comment_status":"open","ping_status":"open","sticky":false,"template":"","format":"standard","meta":{"footnotes":"","_links_to":"","_links_to_target":""},"categories":[4,3],"tags":[],"class_list":["post-53647","post","type-post","status-publish","format-standard","has-post-thumbnail","hentry","category-destaques","category-noticias"],"yoast_head":"<!-- This site is optimized with the Yoast SEO plugin v26.8 - https:\/\/yoast.com\/product\/yoast-seo-wordpress\/ -->\n<title>Grupo de Estudos fortalece forma\u00e7\u00e3o pol\u00edtica e sindical de lideran\u00e7as da FETAG-RS - FETAG-RS<\/title>\n<meta name=\"robots\" content=\"index, follow, max-snippet:-1, max-image-preview:large, max-video-preview:-1\" \/>\n<link rel=\"canonical\" href=\"https:\/\/www.fetagrs.org.br\/?p=53647\" \/>\n<meta property=\"og:locale\" content=\"pt_BR\" \/>\n<meta property=\"og:type\" content=\"article\" \/>\n<meta property=\"og:title\" content=\"Grupo de Estudos fortalece forma\u00e7\u00e3o pol\u00edtica e sindical de lideran\u00e7as da FETAG-RS - FETAG-RS\" \/>\n<meta property=\"og:description\" content=\"&nbsp; &nbsp; A Federa\u00e7\u00e3o dos Trabalhadores na Agricultura do Rio Grande do Sul (FETAG-RS), por meio da Comiss\u00e3o Estadual de Jovens e em parceria com o IFSIM, est\u00e1 realizando o Grupo de Estudos de Forma\u00e7\u00e3o Pol\u00edtica, Sindical e Social. Voltado principalmente \u00e0 juventude rural, o grupo tamb\u00e9m \u00e9 aberto a funcion\u00e1rios e lideran\u00e7as sindicais. Cerca... Leia mais &raquo;\" \/>\n<meta property=\"og:url\" content=\"https:\/\/www.fetagrs.org.br\/?p=53647\" \/>\n<meta property=\"og:site_name\" content=\"FETAG-RS\" \/>\n<meta property=\"article:publisher\" content=\"https:\/\/www.facebook.com\/fetagrs\" \/>\n<meta property=\"article:published_time\" content=\"2026-02-05T12:57:14+00:00\" \/>\n<meta property=\"og:image\" content=\"https:\/\/www.fetagrs.org.br\/wp-content\/uploads\/2026\/02\/WhatsApp-Image-2026-02-05-at-09.36.15.jpeg\" \/>\n\t<meta property=\"og:image:width\" content=\"1600\" \/>\n\t<meta property=\"og:image:height\" content=\"900\" \/>\n\t<meta property=\"og:image:type\" content=\"image\/jpeg\" \/>\n<meta name=\"author\" content=\"Camila dos Santos\" \/>\n<meta name=\"twitter:card\" content=\"summary_large_image\" \/>\n<script type=\"application\/ld+json\" class=\"yoast-schema-graph\">{\"@context\":\"https:\/\/schema.org\",\"@graph\":[{\"@type\":\"Article\",\"@id\":\"https:\/\/www.fetagrs.org.br\/?p=53647#article\",\"isPartOf\":{\"@id\":\"https:\/\/www.fetagrs.org.br\/?p=53647\"},\"author\":{\"name\":\"Camila dos Santos\",\"@id\":\"https:\/\/www.fetagrs.org.br\/#\/schema\/person\/414925669ddee89f2bb52fcc97310ea8\"},\"headline\":\"Grupo de Estudos fortalece forma\u00e7\u00e3o pol\u00edtica e sindical de lideran\u00e7as da FETAG-RS\",\"datePublished\":\"2026-02-05T12:57:14+00:00\",\"mainEntityOfPage\":{\"@id\":\"https:\/\/www.fetagrs.org.br\/?p=53647\"},\"wordCount\":358,\"commentCount\":0,\"publisher\":{\"@id\":\"https:\/\/www.fetagrs.org.br\/#organization\"},\"image\":{\"@id\":\"https:\/\/www.fetagrs.org.br\/?p=53647#primaryimage\"},\"thumbnailUrl\":\"https:\/\/www.fetagrs.org.br\/wp-content\/uploads\/2026\/02\/WhatsApp-Image-2026-02-05-at-09.36.15.jpeg\",\"articleSection\":[\"Destaques\",\"Not\u00edcias\"],\"inLanguage\":\"pt-BR\",\"potentialAction\":[{\"@type\":\"CommentAction\",\"name\":\"Comment\",\"target\":[\"https:\/\/www.fetagrs.org.br\/?p=53647#respond\"]}]},{\"@type\":\"WebPage\",\"@id\":\"https:\/\/www.fetagrs.org.br\/?p=53647\",\"url\":\"https:\/\/www.fetagrs.org.br\/?p=53647\",\"name\":\"Grupo de Estudos fortalece forma\u00e7\u00e3o pol\u00edtica e sindical de lideran\u00e7as da FETAG-RS - FETAG-RS\",\"isPartOf\":{\"@id\":\"https:\/\/www.fetagrs.org.br\/#website\"},\"primaryImageOfPage\":{\"@id\":\"https:\/\/www.fetagrs.org.br\/?p=53647#primaryimage\"},\"image\":{\"@id\":\"https:\/\/www.fetagrs.org.br\/?p=53647#primaryimage\"},\"thumbnailUrl\":\"https:\/\/www.fetagrs.org.br\/wp-content\/uploads\/2026\/02\/WhatsApp-Image-2026-02-05-at-09.36.15.jpeg\",\"datePublished\":\"2026-02-05T12:57:14+00:00\",\"breadcrumb\":{\"@id\":\"https:\/\/www.fetagrs.org.br\/?p=53647#breadcrumb\"},\"inLanguage\":\"pt-BR\",\"potentialAction\":[{\"@type\":\"ReadAction\",\"target\":[\"https:\/\/www.fetagrs.org.br\/?p=53647\"]}]},{\"@type\":\"ImageObject\",\"inLanguage\":\"pt-BR\",\"@id\":\"https:\/\/www.fetagrs.org.br\/?p=53647#primaryimage\",\"url\":\"https:\/\/www.fetagrs.org.br\/wp-content\/uploads\/2026\/02\/WhatsApp-Image-2026-02-05-at-09.36.15.jpeg\",\"contentUrl\":\"https:\/\/www.fetagrs.org.br\/wp-content\/uploads\/2026\/02\/WhatsApp-Image-2026-02-05-at-09.36.15.jpeg\",\"width\":1600,\"height\":900},{\"@type\":\"BreadcrumbList\",\"@id\":\"https:\/\/www.fetagrs.org.br\/?p=53647#breadcrumb\",\"itemListElement\":[{\"@type\":\"ListItem\",\"position\":1,\"name\":\"In\u00edcio\",\"item\":\"https:\/\/www.fetagrs.org.br\/\"},{\"@type\":\"ListItem\",\"position\":2,\"name\":\"Grupo de Estudos fortalece forma\u00e7\u00e3o pol\u00edtica e sindical de lideran\u00e7as da FETAG-RS\"}]},{\"@type\":\"WebSite\",\"@id\":\"https:\/\/www.fetagrs.org.br\/#website\",\"url\":\"https:\/\/www.fetagrs.org.br\/\",\"name\":\"FETAG-RS\",\"description\":\"Federa\u00e7\u00e3o dos Trabalhadores na Agricultura no RS\",\"publisher\":{\"@id\":\"https:\/\/www.fetagrs.org.br\/#organization\"},\"potentialAction\":[{\"@type\":\"SearchAction\",\"target\":{\"@type\":\"EntryPoint\",\"urlTemplate\":\"https:\/\/www.fetagrs.org.br\/?s={search_term_string}\"},\"query-input\":{\"@type\":\"PropertyValueSpecification\",\"valueRequired\":true,\"valueName\":\"search_term_string\"}}],\"inLanguage\":\"pt-BR\"},{\"@type\":\"Organization\",\"@id\":\"https:\/\/www.fetagrs.org.br\/#organization\",\"name\":\"Federa\u00e7\u00e3o dos Trabalhadores na Agricultura no Rio Grande do Sul\",\"url\":\"https:\/\/www.fetagrs.org.br\/\",\"logo\":{\"@type\":\"ImageObject\",\"inLanguage\":\"pt-BR\",\"@id\":\"https:\/\/www.fetagrs.org.br\/#\/schema\/logo\/image\/\",\"url\":\"http:\/\/fetagrs.org.br\/wp-content\/uploads\/2020\/12\/FETAG-RS.jpg\",\"contentUrl\":\"http:\/\/fetagrs.org.br\/wp-content\/uploads\/2020\/12\/FETAG-RS.jpg\",\"width\":561,\"height\":598,\"caption\":\"Federa\u00e7\u00e3o dos Trabalhadores na Agricultura no Rio Grande do Sul\"},\"image\":{\"@id\":\"https:\/\/www.fetagrs.org.br\/#\/schema\/logo\/image\/\"},\"sameAs\":[\"https:\/\/www.facebook.com\/fetagrs\",\"https:\/\/www.instagram.com\/fetagrs\/\",\"https:\/\/www.youtube.com\/c\/TVFETAGRS\/featured\"]},{\"@type\":\"Person\",\"@id\":\"https:\/\/www.fetagrs.org.br\/#\/schema\/person\/414925669ddee89f2bb52fcc97310ea8\",\"name\":\"Camila dos Santos\",\"image\":{\"@type\":\"ImageObject\",\"inLanguage\":\"pt-BR\",\"@id\":\"https:\/\/www.fetagrs.org.br\/#\/schema\/person\/image\/\",\"url\":\"https:\/\/secure.gravatar.com\/avatar\/177064ae07f49fc3b530bc0911ff4424e621528eb067022c8663e5f4c4031fa8?s=96&d=mm&r=g\",\"contentUrl\":\"https:\/\/secure.gravatar.com\/avatar\/177064ae07f49fc3b530bc0911ff4424e621528eb067022c8663e5f4c4031fa8?s=96&d=mm&r=g\",\"caption\":\"Camila dos Santos\"},\"url\":\"https:\/\/www.fetagrs.org.br\/?author=10\"}]}<\/script>\n<!-- \/ Yoast SEO plugin. -->","yoast_head_json":{"title":"Grupo de Estudos fortalece forma\u00e7\u00e3o pol\u00edtica e sindical de lideran\u00e7as da FETAG-RS - FETAG-RS","robots":{"index":"index","follow":"follow","max-snippet":"max-snippet:-1","max-image-preview":"max-image-preview:large","max-video-preview":"max-video-preview:-1"},"canonical":"https:\/\/www.fetagrs.org.br\/?p=53647","og_locale":"pt_BR","og_type":"article","og_title":"Grupo de Estudos fortalece forma\u00e7\u00e3o pol\u00edtica e sindical de lideran\u00e7as da FETAG-RS - FETAG-RS","og_description":"&nbsp; &nbsp; A Federa\u00e7\u00e3o dos Trabalhadores na Agricultura do Rio Grande do Sul (FETAG-RS), por meio da Comiss\u00e3o Estadual de Jovens e em parceria com o IFSIM, est\u00e1 realizando o Grupo de Estudos de Forma\u00e7\u00e3o Pol\u00edtica, Sindical e Social. Voltado principalmente \u00e0 juventude rural, o grupo tamb\u00e9m \u00e9 aberto a funcion\u00e1rios e lideran\u00e7as sindicais. Cerca... Leia mais &raquo;","og_url":"https:\/\/www.fetagrs.org.br\/?p=53647","og_site_name":"FETAG-RS","article_publisher":"https:\/\/www.facebook.com\/fetagrs","article_published_time":"2026-02-05T12:57:14+00:00","og_image":[{"width":1600,"height":900,"url":"https:\/\/www.fetagrs.org.br\/wp-content\/uploads\/2026\/02\/WhatsApp-Image-2026-02-05-at-09.36.15.jpeg","type":"image\/jpeg"}],"author":"Camila dos Santos","twitter_card":"summary_large_image","schema":{"@context":"https:\/\/schema.org","@graph":[{"@type":"Article","@id":"https:\/\/www.fetagrs.org.br\/?p=53647#article","isPartOf":{"@id":"https:\/\/www.fetagrs.org.br\/?p=53647"},"author":{"name":"Camila dos Santos","@id":"https:\/\/www.fetagrs.org.br\/#\/schema\/person\/414925669ddee89f2bb52fcc97310ea8"},"headline":"Grupo de Estudos fortalece forma\u00e7\u00e3o pol\u00edtica e sindical de lideran\u00e7as da FETAG-RS","datePublished":"2026-02-05T12:57:14+00:00","mainEntityOfPage":{"@id":"https:\/\/www.fetagrs.org.br\/?p=53647"},"wordCount":358,"commentCount":0,"publisher":{"@id":"https:\/\/www.fetagrs.org.br\/#organization"},"image":{"@id":"https:\/\/www.fetagrs.org.br\/?p=53647#primaryimage"},"thumbnailUrl":"https:\/\/www.fetagrs.org.br\/wp-content\/uploads\/2026\/02\/WhatsApp-Image-2026-02-05-at-09.36.15.jpeg","articleSection":["Destaques","Not\u00edcias"],"inLanguage":"pt-BR","potentialAction":[{"@type":"CommentAction","name":"Comment","target":["https:\/\/www.fetagrs.org.br\/?p=53647#respond"]}]},{"@type":"WebPage","@id":"https:\/\/www.fetagrs.org.br\/?p=53647","url":"https:\/\/www.fetagrs.org.br\/?p=53647","name":"Grupo de Estudos fortalece forma\u00e7\u00e3o pol\u00edtica e sindical de lideran\u00e7as da FETAG-RS - FETAG-RS","isPartOf":{"@id":"https:\/\/www.fetagrs.org.br\/#website"},"primaryImageOfPage":{"@id":"https:\/\/www.fetagrs.org.br\/?p=53647#primaryimage"},"image":{"@id":"https:\/\/www.fetagrs.org.br\/?p=53647#primaryimage"},"thumbnailUrl":"https:\/\/www.fetagrs.org.br\/wp-content\/uploads\/2026\/02\/WhatsApp-Image-2026-02-05-at-09.36.15.jpeg","datePublished":"2026-02-05T12:57:14+00:00","breadcrumb":{"@id":"https:\/\/www.fetagrs.org.br\/?p=53647#breadcrumb"},"inLanguage":"pt-BR","potentialAction":[{"@type":"ReadAction","target":["https:\/\/www.fetagrs.org.br\/?p=53647"]}]},{"@type":"ImageObject","inLanguage":"pt-BR","@id":"https:\/\/www.fetagrs.org.br\/?p=53647#primaryimage","url":"https:\/\/www.fetagrs.org.br\/wp-content\/uploads\/2026\/02\/WhatsApp-Image-2026-02-05-at-09.36.15.jpeg","contentUrl":"https:\/\/www.fetagrs.org.br\/wp-content\/uploads\/2026\/02\/WhatsApp-Image-2026-02-05-at-09.36.15.jpeg","width":1600,"height":900},{"@type":"BreadcrumbList","@id":"https:\/\/www.fetagrs.org.br\/?p=53647#breadcrumb","itemListElement":[{"@type":"ListItem","position":1,"name":"In\u00edcio","item":"https:\/\/www.fetagrs.org.br\/"},{"@type":"ListItem","position":2,"name":"Grupo de Estudos fortalece forma\u00e7\u00e3o pol\u00edtica e sindical de lideran\u00e7as da FETAG-RS"}]},{"@type":"WebSite","@id":"https:\/\/www.fetagrs.org.br\/#website","url":"https:\/\/www.fetagrs.org.br\/","name":"FETAG-RS","description":"Federa\u00e7\u00e3o dos Trabalhadores na Agricultura no RS","publisher":{"@id":"https:\/\/www.fetagrs.org.br\/#organization"},"potentialAction":[{"@type":"SearchAction","target":{"@type":"EntryPoint","urlTemplate":"https:\/\/www.fetagrs.org.br\/?s={search_term_string}"},"query-input":{"@type":"PropertyValueSpecification","valueRequired":true,"valueName":"search_term_string"}}],"inLanguage":"pt-BR"},{"@type":"Organization","@id":"https:\/\/www.fetagrs.org.br\/#organization","name":"Federa\u00e7\u00e3o dos Trabalhadores na Agricultura no Rio Grande do Sul","url":"https:\/\/www.fetagrs.org.br\/","logo":{"@type":"ImageObject","inLanguage":"pt-BR","@id":"https:\/\/www.fetagrs.org.br\/#\/schema\/logo\/image\/","url":"http:\/\/fetagrs.org.br\/wp-content\/uploads\/2020\/12\/FETAG-RS.jpg","contentUrl":"http:\/\/fetagrs.org.br\/wp-content\/uploads\/2020\/12\/FETAG-RS.jpg","width":561,"height":598,"caption":"Federa\u00e7\u00e3o dos Trabalhadores na Agricultura no Rio Grande do Sul"},"image":{"@id":"https:\/\/www.fetagrs.org.br\/#\/schema\/logo\/image\/"},"sameAs":["https:\/\/www.facebook.com\/fetagrs","https:\/\/www.instagram.com\/fetagrs\/","https:\/\/www.youtube.com\/c\/TVFETAGRS\/featured"]},{"@type":"Person","@id":"https:\/\/www.fetagrs.org.br\/#\/schema\/person\/414925669ddee89f2bb52fcc97310ea8","name":"Camila dos Santos","image":{"@type":"ImageObject","inLanguage":"pt-BR","@id":"https:\/\/www.fetagrs.org.br\/#\/schema\/person\/image\/","url":"https:\/\/secure.gravatar.com\/avatar\/177064ae07f49fc3b530bc0911ff4424e621528eb067022c8663e5f4c4031fa8?s=96&d=mm&r=g","contentUrl":"https:\/\/secure.gravatar.com\/avatar\/177064ae07f49fc3b530bc0911ff4424e621528eb067022c8663e5f4c4031fa8?s=96&d=mm&r=g","caption":"Camila dos Santos"},"url":"https:\/\/www.fetagrs.org.br\/?author=10"}]}},"_links":{"self":[{"href":"https:\/\/www.fetagrs.org.br\/index.php?rest_route=\/wp\/v2\/posts\/53647","targetHints":{"allow":["GET"]}}],"collection":[{"href":"https:\/\/www.fetagrs.org.br\/index.php?rest_route=\/wp\/v2\/posts"}],"about":[{"href":"https:\/\/www.fetagrs.org.br\/index.php?rest_route=\/wp\/v2\/types\/post"}],"author":[{"embeddable":true,"href":"https:\/\/www.fetagrs.org.br\/index.php?rest_route=\/wp\/v2\/users\/10"}],"replies":[{"embeddable":true,"href":"https:\/\/www.fetagrs.org.br\/index.php?rest_route=%2Fwp%2Fv2%2Fcomments&post=53647"}],"version-history":[{"count":1,"href":"https:\/\/www.fetagrs.org.br\/index.php?rest_route=\/wp\/v2\/posts\/53647\/revisions"}],"predecessor-version":[{"id":53650,"href":"https:\/\/www.fetagrs.org.br\/index.php?rest_route=\/wp\/v2\/posts\/53647\/revisions\/53650"}],"wp:featuredmedia":[{"embeddable":true,"href":"https:\/\/www.fetagrs.org.br\/index.php?rest_route=\/wp\/v2\/media\/53649"}],"wp:attachment":[{"href":"https:\/\/www.fetagrs.org.br\/index.php?rest_route=%2Fwp%2Fv2%2Fmedia&parent=53647"}],"wp:term":[{"taxonomy":"category","embeddable":true,"href":"https:\/\/www.fetagrs.org.br\/index.php?rest_route=%2Fwp%2Fv2%2Fcategories&post=53647"},{"taxonomy":"post_tag","embeddable":true,"href":"https:\/\/www.fetagrs.org.br\/index.php?rest_route=%2Fwp%2Fv2%2Ftags&post=53647"}],"curies":[{"name":"wp","href":"https:\/\/api.w.org\/{rel}","templated":true}]}}