{"id":53637,"date":"2026-02-04T09:50:36","date_gmt":"2026-02-04T12:50:36","guid":{"rendered":"https:\/\/www.fetagrs.org.br\/?p=53637"},"modified":"2026-02-04T09:50:36","modified_gmt":"2026-02-04T12:50:36","slug":"12a-feira-estadual-da-agricultura-familiar-sabor-gaucho-movimenta-r-627-mil-em-torres","status":"publish","type":"post","link":"https:\/\/www.fetagrs.org.br\/?p=53637","title":{"rendered":"12\u00aa Feira Estadual da Agricultura Familiar Sabor Ga\u00facho movimenta R$ 627 mil em Torres"},"content":{"rendered":"<img loading=\"lazy\" decoding=\"async\" class=\"size-medium wp-image-53638 aligncenter\" src=\"http:\/\/www.fetagrs.org.br\/wp-content\/uploads\/2026\/02\/WhatsApp-Image-2026-02-04-at-09.48.29-300x225.jpeg\" alt=\"\" width=\"300\" height=\"225\" srcset=\"https:\/\/www.fetagrs.org.br\/wp-content\/uploads\/2026\/02\/WhatsApp-Image-2026-02-04-at-09.48.29-300x225.jpeg 300w, https:\/\/www.fetagrs.org.br\/wp-content\/uploads\/2026\/02\/WhatsApp-Image-2026-02-04-at-09.48.29-1024x768.jpeg 1024w, https:\/\/www.fetagrs.org.br\/wp-content\/uploads\/2026\/02\/WhatsApp-Image-2026-02-04-at-09.48.29-768x576.jpeg 768w, https:\/\/www.fetagrs.org.br\/wp-content\/uploads\/2026\/02\/WhatsApp-Image-2026-02-04-at-09.48.29-1536x1152.jpeg 1536w, https:\/\/www.fetagrs.org.br\/wp-content\/uploads\/2026\/02\/WhatsApp-Image-2026-02-04-at-09.48.29.jpeg 1600w\" sizes=\"auto, (max-width: 300px) 100vw, 300px\" \/>\n<p>Realizada em um dos principais destinos tur\u00edsticos do litoral ga\u00facho durante o per\u00edodo de veraneio, a Feira Estadual da Agricultura Familiar \u2013 Sabor Ga\u00facho cumpre um papel estrat\u00e9gico ao aproximar agricultores familiares de milhares de veranistas e moradores da regi\u00e3o. Em um momento de grande circula\u00e7\u00e3o de pessoas, a feira se consolida como um espa\u00e7o de valoriza\u00e7\u00e3o da produ\u00e7\u00e3o local, gera\u00e7\u00e3o de renda e fortalecimento da agricultura familiar, al\u00e9m de oferecer alimentos de qualidade e identidade regional ao p\u00fablico.<\/p>\n<p>A 12\u00aa Feira Estadual da Agricultura Familiar \u2013 Feira Sabor Ga\u00facho, realizada em Torres, no litoral ga\u00facho, de 28 de janeiro a 2 de fevereiro de 2026, registrou um faturamento total de R$ 627.455,13, destacando-se como um importante espa\u00e7o de comercializa\u00e7\u00e3o da agricultura familiar no Rio Grande do Sul.<\/p>\n<p>Organizada pela FETAG-RS, em parceria com a Prefeitura Municipal de Torres, a Emater e a SDR, a feira contou com o patroc\u00ednio do Sicredi e do Banrisul e reuniu a comunidade em torno de produtos coloniais, alimentos artesanais e itens que valorizam o trabalho das fam\u00edlias agricultoras ga\u00fachas.<\/p>\n<p>O evento contou com a participa\u00e7\u00e3o de 55 agroind\u00fastrias de 40 munic\u00edpios, refor\u00e7ando o alcance e a diversidade da produ\u00e7\u00e3o familiar ga\u00facha.<\/p>\n<p>Para a FETAG-RS, eventos como a feira t\u00eam papel fundamental:<\/p>\n<p>\u201cA feira permite que os agricultores familiares tenham acesso direto aos consumidores, fortalece a economia local e valoriza o trabalho das fam\u00edlias ga\u00fachas. \u00c9 uma oportunidade de gerar renda, trocar experi\u00eancias e mostrar a diversidade da produ\u00e7\u00e3o estadual\u201d, afirma a entidade.<\/p>\n<p>Al\u00e9m do faturamento, o evento promoveu fortalecimento e visibilidade para produtos locais, bem como a troca de experi\u00eancias, contribuindo para o desenvolvimento das comunidades rurais do estado.<\/p>\n","protected":false},"excerpt":{"rendered":"<p>Realizada em um dos principais destinos tur\u00edsticos do litoral ga\u00facho durante o per\u00edodo de veraneio, a Feira Estadual da Agricultura Familiar \u2013 Sabor Ga\u00facho cumpre um papel estrat\u00e9gico ao aproximar agricultores familiares de milhares de veranistas e moradores da regi\u00e3o. Em um momento de grande circula\u00e7\u00e3o de pessoas, a feira se consolida como um espa\u00e7o&#8230;  <a class=\"excerpt-read-more\" href=\"https:\/\/www.fetagrs.org.br\/?p=53637\" title=\"Read 12\u00aa Feira Estadual da Agricultura Familiar Sabor Ga\u00facho movimenta R$ 627 mil em Torres\">Leia mais &raquo;<\/a><\/p>\n","protected":false},"author":10,"featured_media":53638,"comment_status":"open","ping_status":"open","sticky":false,"template":"","format":"standard","meta":{"footnotes":"","_links_to":"","_links_to_target":""},"categories":[4,3],"tags":[],"class_list":["post-53637","post","type-post","status-publish","format-standard","has-post-thumbnail","hentry","category-destaques","category-noticias"],"yoast_head":"<!-- This site is optimized with the Yoast SEO plugin v26.8 - https:\/\/yoast.com\/product\/yoast-seo-wordpress\/ -->\n<title>12\u00aa Feira Estadual da Agricultura Familiar Sabor Ga\u00facho movimenta R$ 627 mil em Torres - FETAG-RS<\/title>\n<meta name=\"robots\" content=\"index, follow, max-snippet:-1, max-image-preview:large, max-video-preview:-1\" \/>\n<link rel=\"canonical\" href=\"https:\/\/www.fetagrs.org.br\/?p=53637\" \/>\n<meta property=\"og:locale\" content=\"pt_BR\" \/>\n<meta property=\"og:type\" content=\"article\" \/>\n<meta property=\"og:title\" content=\"12\u00aa Feira Estadual da Agricultura Familiar Sabor Ga\u00facho movimenta R$ 627 mil em Torres - FETAG-RS\" \/>\n<meta property=\"og:description\" content=\"Realizada em um dos principais destinos tur\u00edsticos do litoral ga\u00facho durante o per\u00edodo de veraneio, a Feira Estadual da Agricultura Familiar \u2013 Sabor Ga\u00facho cumpre um papel estrat\u00e9gico ao aproximar agricultores familiares de milhares de veranistas e moradores da regi\u00e3o. Em um momento de grande circula\u00e7\u00e3o de pessoas, a feira se consolida como um espa\u00e7o... Leia mais &raquo;\" \/>\n<meta property=\"og:url\" content=\"https:\/\/www.fetagrs.org.br\/?p=53637\" \/>\n<meta property=\"og:site_name\" content=\"FETAG-RS\" \/>\n<meta property=\"article:publisher\" content=\"https:\/\/www.facebook.com\/fetagrs\" \/>\n<meta property=\"article:published_time\" content=\"2026-02-04T12:50:36+00:00\" \/>\n<meta property=\"og:image\" content=\"https:\/\/www.fetagrs.org.br\/wp-content\/uploads\/2026\/02\/WhatsApp-Image-2026-02-04-at-09.48.29.jpeg\" \/>\n\t<meta property=\"og:image:width\" content=\"1600\" \/>\n\t<meta property=\"og:image:height\" content=\"1200\" \/>\n\t<meta property=\"og:image:type\" content=\"image\/jpeg\" \/>\n<meta name=\"author\" content=\"Camila dos Santos\" \/>\n<meta name=\"twitter:card\" content=\"summary_large_image\" \/>\n<script type=\"application\/ld+json\" class=\"yoast-schema-graph\">{\"@context\":\"https:\/\/schema.org\",\"@graph\":[{\"@type\":\"Article\",\"@id\":\"https:\/\/www.fetagrs.org.br\/?p=53637#article\",\"isPartOf\":{\"@id\":\"https:\/\/www.fetagrs.org.br\/?p=53637\"},\"author\":{\"name\":\"Camila dos Santos\",\"@id\":\"https:\/\/www.fetagrs.org.br\/#\/schema\/person\/414925669ddee89f2bb52fcc97310ea8\"},\"headline\":\"12\u00aa Feira Estadual da Agricultura Familiar Sabor Ga\u00facho movimenta R$ 627 mil em Torres\",\"datePublished\":\"2026-02-04T12:50:36+00:00\",\"mainEntityOfPage\":{\"@id\":\"https:\/\/www.fetagrs.org.br\/?p=53637\"},\"wordCount\":312,\"commentCount\":0,\"publisher\":{\"@id\":\"https:\/\/www.fetagrs.org.br\/#organization\"},\"image\":{\"@id\":\"https:\/\/www.fetagrs.org.br\/?p=53637#primaryimage\"},\"thumbnailUrl\":\"https:\/\/www.fetagrs.org.br\/wp-content\/uploads\/2026\/02\/WhatsApp-Image-2026-02-04-at-09.48.29.jpeg\",\"articleSection\":[\"Destaques\",\"Not\u00edcias\"],\"inLanguage\":\"pt-BR\",\"potentialAction\":[{\"@type\":\"CommentAction\",\"name\":\"Comment\",\"target\":[\"https:\/\/www.fetagrs.org.br\/?p=53637#respond\"]}]},{\"@type\":\"WebPage\",\"@id\":\"https:\/\/www.fetagrs.org.br\/?p=53637\",\"url\":\"https:\/\/www.fetagrs.org.br\/?p=53637\",\"name\":\"12\u00aa Feira Estadual da Agricultura Familiar Sabor Ga\u00facho movimenta R$ 627 mil em Torres - FETAG-RS\",\"isPartOf\":{\"@id\":\"https:\/\/www.fetagrs.org.br\/#website\"},\"primaryImageOfPage\":{\"@id\":\"https:\/\/www.fetagrs.org.br\/?p=53637#primaryimage\"},\"image\":{\"@id\":\"https:\/\/www.fetagrs.org.br\/?p=53637#primaryimage\"},\"thumbnailUrl\":\"https:\/\/www.fetagrs.org.br\/wp-content\/uploads\/2026\/02\/WhatsApp-Image-2026-02-04-at-09.48.29.jpeg\",\"datePublished\":\"2026-02-04T12:50:36+00:00\",\"breadcrumb\":{\"@id\":\"https:\/\/www.fetagrs.org.br\/?p=53637#breadcrumb\"},\"inLanguage\":\"pt-BR\",\"potentialAction\":[{\"@type\":\"ReadAction\",\"target\":[\"https:\/\/www.fetagrs.org.br\/?p=53637\"]}]},{\"@type\":\"ImageObject\",\"inLanguage\":\"pt-BR\",\"@id\":\"https:\/\/www.fetagrs.org.br\/?p=53637#primaryimage\",\"url\":\"https:\/\/www.fetagrs.org.br\/wp-content\/uploads\/2026\/02\/WhatsApp-Image-2026-02-04-at-09.48.29.jpeg\",\"contentUrl\":\"https:\/\/www.fetagrs.org.br\/wp-content\/uploads\/2026\/02\/WhatsApp-Image-2026-02-04-at-09.48.29.jpeg\",\"width\":1600,\"height\":1200},{\"@type\":\"BreadcrumbList\",\"@id\":\"https:\/\/www.fetagrs.org.br\/?p=53637#breadcrumb\",\"itemListElement\":[{\"@type\":\"ListItem\",\"position\":1,\"name\":\"In\u00edcio\",\"item\":\"https:\/\/www.fetagrs.org.br\/\"},{\"@type\":\"ListItem\",\"position\":2,\"name\":\"12\u00aa Feira Estadual da Agricultura Familiar Sabor Ga\u00facho movimenta R$ 627 mil em Torres\"}]},{\"@type\":\"WebSite\",\"@id\":\"https:\/\/www.fetagrs.org.br\/#website\",\"url\":\"https:\/\/www.fetagrs.org.br\/\",\"name\":\"FETAG-RS\",\"description\":\"Federa\u00e7\u00e3o dos Trabalhadores na Agricultura no RS\",\"publisher\":{\"@id\":\"https:\/\/www.fetagrs.org.br\/#organization\"},\"potentialAction\":[{\"@type\":\"SearchAction\",\"target\":{\"@type\":\"EntryPoint\",\"urlTemplate\":\"https:\/\/www.fetagrs.org.br\/?s={search_term_string}\"},\"query-input\":{\"@type\":\"PropertyValueSpecification\",\"valueRequired\":true,\"valueName\":\"search_term_string\"}}],\"inLanguage\":\"pt-BR\"},{\"@type\":\"Organization\",\"@id\":\"https:\/\/www.fetagrs.org.br\/#organization\",\"name\":\"Federa\u00e7\u00e3o dos Trabalhadores na Agricultura no Rio Grande do Sul\",\"url\":\"https:\/\/www.fetagrs.org.br\/\",\"logo\":{\"@type\":\"ImageObject\",\"inLanguage\":\"pt-BR\",\"@id\":\"https:\/\/www.fetagrs.org.br\/#\/schema\/logo\/image\/\",\"url\":\"http:\/\/fetagrs.org.br\/wp-content\/uploads\/2020\/12\/FETAG-RS.jpg\",\"contentUrl\":\"http:\/\/fetagrs.org.br\/wp-content\/uploads\/2020\/12\/FETAG-RS.jpg\",\"width\":561,\"height\":598,\"caption\":\"Federa\u00e7\u00e3o dos Trabalhadores na Agricultura no Rio Grande do Sul\"},\"image\":{\"@id\":\"https:\/\/www.fetagrs.org.br\/#\/schema\/logo\/image\/\"},\"sameAs\":[\"https:\/\/www.facebook.com\/fetagrs\",\"https:\/\/www.instagram.com\/fetagrs\/\",\"https:\/\/www.youtube.com\/c\/TVFETAGRS\/featured\"]},{\"@type\":\"Person\",\"@id\":\"https:\/\/www.fetagrs.org.br\/#\/schema\/person\/414925669ddee89f2bb52fcc97310ea8\",\"name\":\"Camila dos Santos\",\"image\":{\"@type\":\"ImageObject\",\"inLanguage\":\"pt-BR\",\"@id\":\"https:\/\/www.fetagrs.org.br\/#\/schema\/person\/image\/\",\"url\":\"https:\/\/secure.gravatar.com\/avatar\/177064ae07f49fc3b530bc0911ff4424e621528eb067022c8663e5f4c4031fa8?s=96&d=mm&r=g\",\"contentUrl\":\"https:\/\/secure.gravatar.com\/avatar\/177064ae07f49fc3b530bc0911ff4424e621528eb067022c8663e5f4c4031fa8?s=96&d=mm&r=g\",\"caption\":\"Camila dos Santos\"},\"url\":\"https:\/\/www.fetagrs.org.br\/?author=10\"}]}<\/script>\n<!-- \/ Yoast SEO plugin. -->","yoast_head_json":{"title":"12\u00aa Feira Estadual da Agricultura Familiar Sabor Ga\u00facho movimenta R$ 627 mil em Torres - FETAG-RS","robots":{"index":"index","follow":"follow","max-snippet":"max-snippet:-1","max-image-preview":"max-image-preview:large","max-video-preview":"max-video-preview:-1"},"canonical":"https:\/\/www.fetagrs.org.br\/?p=53637","og_locale":"pt_BR","og_type":"article","og_title":"12\u00aa Feira Estadual da Agricultura Familiar Sabor Ga\u00facho movimenta R$ 627 mil em Torres - FETAG-RS","og_description":"Realizada em um dos principais destinos tur\u00edsticos do litoral ga\u00facho durante o per\u00edodo de veraneio, a Feira Estadual da Agricultura Familiar \u2013 Sabor Ga\u00facho cumpre um papel estrat\u00e9gico ao aproximar agricultores familiares de milhares de veranistas e moradores da regi\u00e3o. Em um momento de grande circula\u00e7\u00e3o de pessoas, a feira se consolida como um espa\u00e7o... Leia mais &raquo;","og_url":"https:\/\/www.fetagrs.org.br\/?p=53637","og_site_name":"FETAG-RS","article_publisher":"https:\/\/www.facebook.com\/fetagrs","article_published_time":"2026-02-04T12:50:36+00:00","og_image":[{"width":1600,"height":1200,"url":"https:\/\/www.fetagrs.org.br\/wp-content\/uploads\/2026\/02\/WhatsApp-Image-2026-02-04-at-09.48.29.jpeg","type":"image\/jpeg"}],"author":"Camila dos Santos","twitter_card":"summary_large_image","schema":{"@context":"https:\/\/schema.org","@graph":[{"@type":"Article","@id":"https:\/\/www.fetagrs.org.br\/?p=53637#article","isPartOf":{"@id":"https:\/\/www.fetagrs.org.br\/?p=53637"},"author":{"name":"Camila dos Santos","@id":"https:\/\/www.fetagrs.org.br\/#\/schema\/person\/414925669ddee89f2bb52fcc97310ea8"},"headline":"12\u00aa Feira Estadual da Agricultura Familiar Sabor Ga\u00facho movimenta R$ 627 mil em Torres","datePublished":"2026-02-04T12:50:36+00:00","mainEntityOfPage":{"@id":"https:\/\/www.fetagrs.org.br\/?p=53637"},"wordCount":312,"commentCount":0,"publisher":{"@id":"https:\/\/www.fetagrs.org.br\/#organization"},"image":{"@id":"https:\/\/www.fetagrs.org.br\/?p=53637#primaryimage"},"thumbnailUrl":"https:\/\/www.fetagrs.org.br\/wp-content\/uploads\/2026\/02\/WhatsApp-Image-2026-02-04-at-09.48.29.jpeg","articleSection":["Destaques","Not\u00edcias"],"inLanguage":"pt-BR","potentialAction":[{"@type":"CommentAction","name":"Comment","target":["https:\/\/www.fetagrs.org.br\/?p=53637#respond"]}]},{"@type":"WebPage","@id":"https:\/\/www.fetagrs.org.br\/?p=53637","url":"https:\/\/www.fetagrs.org.br\/?p=53637","name":"12\u00aa Feira Estadual da Agricultura Familiar Sabor Ga\u00facho movimenta R$ 627 mil em Torres - FETAG-RS","isPartOf":{"@id":"https:\/\/www.fetagrs.org.br\/#website"},"primaryImageOfPage":{"@id":"https:\/\/www.fetagrs.org.br\/?p=53637#primaryimage"},"image":{"@id":"https:\/\/www.fetagrs.org.br\/?p=53637#primaryimage"},"thumbnailUrl":"https:\/\/www.fetagrs.org.br\/wp-content\/uploads\/2026\/02\/WhatsApp-Image-2026-02-04-at-09.48.29.jpeg","datePublished":"2026-02-04T12:50:36+00:00","breadcrumb":{"@id":"https:\/\/www.fetagrs.org.br\/?p=53637#breadcrumb"},"inLanguage":"pt-BR","potentialAction":[{"@type":"ReadAction","target":["https:\/\/www.fetagrs.org.br\/?p=53637"]}]},{"@type":"ImageObject","inLanguage":"pt-BR","@id":"https:\/\/www.fetagrs.org.br\/?p=53637#primaryimage","url":"https:\/\/www.fetagrs.org.br\/wp-content\/uploads\/2026\/02\/WhatsApp-Image-2026-02-04-at-09.48.29.jpeg","contentUrl":"https:\/\/www.fetagrs.org.br\/wp-content\/uploads\/2026\/02\/WhatsApp-Image-2026-02-04-at-09.48.29.jpeg","width":1600,"height":1200},{"@type":"BreadcrumbList","@id":"https:\/\/www.fetagrs.org.br\/?p=53637#breadcrumb","itemListElement":[{"@type":"ListItem","position":1,"name":"In\u00edcio","item":"https:\/\/www.fetagrs.org.br\/"},{"@type":"ListItem","position":2,"name":"12\u00aa Feira Estadual da Agricultura Familiar Sabor Ga\u00facho movimenta R$ 627 mil em Torres"}]},{"@type":"WebSite","@id":"https:\/\/www.fetagrs.org.br\/#website","url":"https:\/\/www.fetagrs.org.br\/","name":"FETAG-RS","description":"Federa\u00e7\u00e3o dos Trabalhadores na Agricultura no RS","publisher":{"@id":"https:\/\/www.fetagrs.org.br\/#organization"},"potentialAction":[{"@type":"SearchAction","target":{"@type":"EntryPoint","urlTemplate":"https:\/\/www.fetagrs.org.br\/?s={search_term_string}"},"query-input":{"@type":"PropertyValueSpecification","valueRequired":true,"valueName":"search_term_string"}}],"inLanguage":"pt-BR"},{"@type":"Organization","@id":"https:\/\/www.fetagrs.org.br\/#organization","name":"Federa\u00e7\u00e3o dos Trabalhadores na Agricultura no Rio Grande do Sul","url":"https:\/\/www.fetagrs.org.br\/","logo":{"@type":"ImageObject","inLanguage":"pt-BR","@id":"https:\/\/www.fetagrs.org.br\/#\/schema\/logo\/image\/","url":"http:\/\/fetagrs.org.br\/wp-content\/uploads\/2020\/12\/FETAG-RS.jpg","contentUrl":"http:\/\/fetagrs.org.br\/wp-content\/uploads\/2020\/12\/FETAG-RS.jpg","width":561,"height":598,"caption":"Federa\u00e7\u00e3o dos Trabalhadores na Agricultura no Rio Grande do Sul"},"image":{"@id":"https:\/\/www.fetagrs.org.br\/#\/schema\/logo\/image\/"},"sameAs":["https:\/\/www.facebook.com\/fetagrs","https:\/\/www.instagram.com\/fetagrs\/","https:\/\/www.youtube.com\/c\/TVFETAGRS\/featured"]},{"@type":"Person","@id":"https:\/\/www.fetagrs.org.br\/#\/schema\/person\/414925669ddee89f2bb52fcc97310ea8","name":"Camila dos Santos","image":{"@type":"ImageObject","inLanguage":"pt-BR","@id":"https:\/\/www.fetagrs.org.br\/#\/schema\/person\/image\/","url":"https:\/\/secure.gravatar.com\/avatar\/177064ae07f49fc3b530bc0911ff4424e621528eb067022c8663e5f4c4031fa8?s=96&d=mm&r=g","contentUrl":"https:\/\/secure.gravatar.com\/avatar\/177064ae07f49fc3b530bc0911ff4424e621528eb067022c8663e5f4c4031fa8?s=96&d=mm&r=g","caption":"Camila dos Santos"},"url":"https:\/\/www.fetagrs.org.br\/?author=10"}]}},"_links":{"self":[{"href":"https:\/\/www.fetagrs.org.br\/index.php?rest_route=\/wp\/v2\/posts\/53637","targetHints":{"allow":["GET"]}}],"collection":[{"href":"https:\/\/www.fetagrs.org.br\/index.php?rest_route=\/wp\/v2\/posts"}],"about":[{"href":"https:\/\/www.fetagrs.org.br\/index.php?rest_route=\/wp\/v2\/types\/post"}],"author":[{"embeddable":true,"href":"https:\/\/www.fetagrs.org.br\/index.php?rest_route=\/wp\/v2\/users\/10"}],"replies":[{"embeddable":true,"href":"https:\/\/www.fetagrs.org.br\/index.php?rest_route=%2Fwp%2Fv2%2Fcomments&post=53637"}],"version-history":[{"count":1,"href":"https:\/\/www.fetagrs.org.br\/index.php?rest_route=\/wp\/v2\/posts\/53637\/revisions"}],"predecessor-version":[{"id":53639,"href":"https:\/\/www.fetagrs.org.br\/index.php?rest_route=\/wp\/v2\/posts\/53637\/revisions\/53639"}],"wp:featuredmedia":[{"embeddable":true,"href":"https:\/\/www.fetagrs.org.br\/index.php?rest_route=\/wp\/v2\/media\/53638"}],"wp:attachment":[{"href":"https:\/\/www.fetagrs.org.br\/index.php?rest_route=%2Fwp%2Fv2%2Fmedia&parent=53637"}],"wp:term":[{"taxonomy":"category","embeddable":true,"href":"https:\/\/www.fetagrs.org.br\/index.php?rest_route=%2Fwp%2Fv2%2Fcategories&post=53637"},{"taxonomy":"post_tag","embeddable":true,"href":"https:\/\/www.fetagrs.org.br\/index.php?rest_route=%2Fwp%2Fv2%2Ftags&post=53637"}],"curies":[{"name":"wp","href":"https:\/\/api.w.org\/{rel}","templated":true}]}}