{"id":53590,"date":"2026-01-07T17:32:59","date_gmt":"2026-01-07T20:32:59","guid":{"rendered":"https:\/\/www.fetagrs.org.br\/?p=53590"},"modified":"2026-01-07T17:34:57","modified_gmt":"2026-01-07T20:34:57","slug":"fetag-rs-firma-parceria-com-a-alper-seguros-para-ampliar-protecao-as-familias-agricultoras","status":"publish","type":"post","link":"https:\/\/www.fetagrs.org.br\/?p=53590","title":{"rendered":"Fetag-RS firma parceria com a Alper Seguros para ampliar prote\u00e7\u00e3o \u00e0s fam\u00edlias agricultoras"},"content":{"rendered":"<p>&nbsp;<\/p>\n<img loading=\"lazy\" decoding=\"async\" class=\"size-medium wp-image-53591 aligncenter\" src=\"http:\/\/www.fetagrs.org.br\/wp-content\/uploads\/2026\/01\/MODELO-POST-2-240x300.png\" alt=\"\" width=\"240\" height=\"300\" srcset=\"https:\/\/www.fetagrs.org.br\/wp-content\/uploads\/2026\/01\/MODELO-POST-2-240x300.png 240w, https:\/\/www.fetagrs.org.br\/wp-content\/uploads\/2026\/01\/MODELO-POST-2-818x1024.png 818w, https:\/\/www.fetagrs.org.br\/wp-content\/uploads\/2026\/01\/MODELO-POST-2-768x961.png 768w, https:\/\/www.fetagrs.org.br\/wp-content\/uploads\/2026\/01\/MODELO-POST-2.png 1079w\" sizes=\"auto, (max-width: 240px) 100vw, 240px\" \/>\n<p><strong>Acordo firmado em novembro garante iniciativa in\u00e9dita da Fetag-RS, com seguro acess\u00edvel para associados dos sindicatos rurais<\/strong><\/p>\n<p>A Federa\u00e7\u00e3o dos Trabalhadores na Agricultura no Rio Grande do Sul (Fetag-RS) firmou, em novembro de 2025, uma parceria com a Alper Seguros para a implementa\u00e7\u00e3o de uma iniciativa in\u00e9dita da Fetag-RS, voltada aos associados dos Sindicatos dos Trabalhadores Rurais do Estado. A a\u00e7\u00e3o amplia a prote\u00e7\u00e3o social das fam\u00edlias agricultoras e garante amparo financeiro em situa\u00e7\u00f5es de acidentes e falecimento.<\/p>\n<p>O seguro \u00e9 garantido pela Prudential, uma das maiores seguradoras do mundo, assegurando solidez e confiabilidade \u00e0 cobertura disponibilizada. A iniciativa integra o conjunto de pol\u00edticas da Fetag-RS voltadas \u00e0 valoriza\u00e7\u00e3o da agricultura familiar e \u00e0 seguran\u00e7a dos trabalhadores e trabalhadoras do campo.<\/p>\n<p><strong>Cobertura abrangente e custo acess\u00edvel<\/strong><\/p>\n<p>O plano oferece indeniza\u00e7\u00e3o de R$ 10 mil em caso de morte acidental, al\u00e9m de assist\u00eancia funeral ou reembolso de at\u00e9 R$ 5 mil. Tamb\u00e9m est\u00e1 previsto um aux\u00edlio cesta b\u00e1sica no valor de R$ 1.300, contribuindo para a manuten\u00e7\u00e3o da renda familiar nos momentos mais delicados.<\/p>\n<p>Como benef\u00edcio adicional, os associados passam a concorrer a sorteios mensais no valor de R$ 5 mil. Todo o conjunto de coberturas ser\u00e1 disponibilizado por um valor simb\u00f3lico de R$ 2,14 mensais, o equivalente a R$ 25,68 ao ano, garantindo amplo acesso ao benef\u00edcio.<\/p>\n<p><strong>Vig\u00eancia, ades\u00e3o e orienta\u00e7\u00f5es<\/strong><\/p>\n<p>A vig\u00eancia do seguro tem in\u00edcio em 1\u00ba de fevereiro, com ap\u00f3lice v\u00e1lida por tr\u00eas anos. A ades\u00e3o estar\u00e1 dispon\u00edvel para todos os associados, sem limite de idade, refor\u00e7ando o car\u00e1ter inclusivo da iniciativa.<\/p>\n<p>Para mais informa\u00e7\u00f5es e esclarecimento de d\u00favidas sobre a ades\u00e3o e as condi\u00e7\u00f5es do seguro, a orienta\u00e7\u00e3o \u00e9 que os associados procurem o Sindicato dos Trabalhadores Rurais de sua base, que ser\u00e1 o canal respons\u00e1vel pelo atendimento e pelos encaminhamentos necess\u00e1rios.<\/p>\n<p>Com a formaliza\u00e7\u00e3o da parceria com a Alper Seguros e a Prudential, a Fetag-RS avan\u00e7a na amplia\u00e7\u00e3o da prote\u00e7\u00e3o social no meio rural, assegurando mais seguran\u00e7a, tranquilidade e dignidade \u00e0s fam\u00edlias agricultoras do Rio Grande do Sul.<\/p>\n<p>&nbsp;<\/p>\n","protected":false},"excerpt":{"rendered":"<p>&nbsp; Acordo firmado em novembro garante iniciativa in\u00e9dita da Fetag-RS, com seguro acess\u00edvel para associados dos sindicatos rurais A Federa\u00e7\u00e3o dos Trabalhadores na Agricultura no Rio Grande do Sul (Fetag-RS) firmou, em novembro de 2025, uma parceria com a Alper Seguros para a implementa\u00e7\u00e3o de uma iniciativa in\u00e9dita da Fetag-RS, voltada aos associados dos Sindicatos&#8230;  <a class=\"excerpt-read-more\" href=\"https:\/\/www.fetagrs.org.br\/?p=53590\" title=\"Read Fetag-RS firma parceria com a Alper Seguros para ampliar prote\u00e7\u00e3o \u00e0s fam\u00edlias agricultoras\">Leia mais &raquo;<\/a><\/p>\n","protected":false},"author":10,"featured_media":53591,"comment_status":"open","ping_status":"open","sticky":false,"template":"","format":"standard","meta":{"footnotes":"","_links_to":"","_links_to_target":""},"categories":[4,3],"tags":[],"class_list":["post-53590","post","type-post","status-publish","format-standard","has-post-thumbnail","hentry","category-destaques","category-noticias"],"yoast_head":"<!-- This site is optimized with the Yoast SEO plugin v26.8 - https:\/\/yoast.com\/product\/yoast-seo-wordpress\/ -->\n<title>Fetag-RS firma parceria com a Alper Seguros para ampliar prote\u00e7\u00e3o \u00e0s fam\u00edlias agricultoras - FETAG-RS<\/title>\n<meta name=\"robots\" content=\"index, follow, max-snippet:-1, max-image-preview:large, max-video-preview:-1\" \/>\n<link rel=\"canonical\" href=\"https:\/\/www.fetagrs.org.br\/?p=53590\" \/>\n<meta property=\"og:locale\" content=\"pt_BR\" \/>\n<meta property=\"og:type\" content=\"article\" \/>\n<meta property=\"og:title\" content=\"Fetag-RS firma parceria com a Alper Seguros para ampliar prote\u00e7\u00e3o \u00e0s fam\u00edlias agricultoras - FETAG-RS\" \/>\n<meta property=\"og:description\" content=\"&nbsp; Acordo firmado em novembro garante iniciativa in\u00e9dita da Fetag-RS, com seguro acess\u00edvel para associados dos sindicatos rurais A Federa\u00e7\u00e3o dos Trabalhadores na Agricultura no Rio Grande do Sul (Fetag-RS) firmou, em novembro de 2025, uma parceria com a Alper Seguros para a implementa\u00e7\u00e3o de uma iniciativa in\u00e9dita da Fetag-RS, voltada aos associados dos Sindicatos... Leia mais &raquo;\" \/>\n<meta property=\"og:url\" content=\"https:\/\/www.fetagrs.org.br\/?p=53590\" \/>\n<meta property=\"og:site_name\" content=\"FETAG-RS\" \/>\n<meta property=\"article:publisher\" content=\"https:\/\/www.facebook.com\/fetagrs\" \/>\n<meta property=\"article:published_time\" content=\"2026-01-07T20:32:59+00:00\" \/>\n<meta property=\"article:modified_time\" content=\"2026-01-07T20:34:57+00:00\" \/>\n<meta property=\"og:image\" content=\"https:\/\/www.fetagrs.org.br\/wp-content\/uploads\/2026\/01\/MODELO-POST-2.png\" \/>\n\t<meta property=\"og:image:width\" content=\"1079\" \/>\n\t<meta property=\"og:image:height\" content=\"1350\" \/>\n\t<meta property=\"og:image:type\" content=\"image\/png\" \/>\n<meta name=\"author\" content=\"Camila dos Santos\" \/>\n<meta name=\"twitter:card\" content=\"summary_large_image\" \/>\n<script type=\"application\/ld+json\" class=\"yoast-schema-graph\">{\"@context\":\"https:\/\/schema.org\",\"@graph\":[{\"@type\":\"Article\",\"@id\":\"https:\/\/www.fetagrs.org.br\/?p=53590#article\",\"isPartOf\":{\"@id\":\"https:\/\/www.fetagrs.org.br\/?p=53590\"},\"author\":{\"name\":\"Camila dos Santos\",\"@id\":\"https:\/\/www.fetagrs.org.br\/#\/schema\/person\/414925669ddee89f2bb52fcc97310ea8\"},\"headline\":\"Fetag-RS firma parceria com a Alper Seguros para ampliar prote\u00e7\u00e3o \u00e0s fam\u00edlias agricultoras\",\"datePublished\":\"2026-01-07T20:32:59+00:00\",\"dateModified\":\"2026-01-07T20:34:57+00:00\",\"mainEntityOfPage\":{\"@id\":\"https:\/\/www.fetagrs.org.br\/?p=53590\"},\"wordCount\":385,\"commentCount\":0,\"publisher\":{\"@id\":\"https:\/\/www.fetagrs.org.br\/#organization\"},\"image\":{\"@id\":\"https:\/\/www.fetagrs.org.br\/?p=53590#primaryimage\"},\"thumbnailUrl\":\"https:\/\/www.fetagrs.org.br\/wp-content\/uploads\/2026\/01\/MODELO-POST-2.png\",\"articleSection\":[\"Destaques\",\"Not\u00edcias\"],\"inLanguage\":\"pt-BR\",\"potentialAction\":[{\"@type\":\"CommentAction\",\"name\":\"Comment\",\"target\":[\"https:\/\/www.fetagrs.org.br\/?p=53590#respond\"]}]},{\"@type\":\"WebPage\",\"@id\":\"https:\/\/www.fetagrs.org.br\/?p=53590\",\"url\":\"https:\/\/www.fetagrs.org.br\/?p=53590\",\"name\":\"Fetag-RS firma parceria com a Alper Seguros para ampliar prote\u00e7\u00e3o \u00e0s fam\u00edlias agricultoras - FETAG-RS\",\"isPartOf\":{\"@id\":\"https:\/\/www.fetagrs.org.br\/#website\"},\"primaryImageOfPage\":{\"@id\":\"https:\/\/www.fetagrs.org.br\/?p=53590#primaryimage\"},\"image\":{\"@id\":\"https:\/\/www.fetagrs.org.br\/?p=53590#primaryimage\"},\"thumbnailUrl\":\"https:\/\/www.fetagrs.org.br\/wp-content\/uploads\/2026\/01\/MODELO-POST-2.png\",\"datePublished\":\"2026-01-07T20:32:59+00:00\",\"dateModified\":\"2026-01-07T20:34:57+00:00\",\"breadcrumb\":{\"@id\":\"https:\/\/www.fetagrs.org.br\/?p=53590#breadcrumb\"},\"inLanguage\":\"pt-BR\",\"potentialAction\":[{\"@type\":\"ReadAction\",\"target\":[\"https:\/\/www.fetagrs.org.br\/?p=53590\"]}]},{\"@type\":\"ImageObject\",\"inLanguage\":\"pt-BR\",\"@id\":\"https:\/\/www.fetagrs.org.br\/?p=53590#primaryimage\",\"url\":\"https:\/\/www.fetagrs.org.br\/wp-content\/uploads\/2026\/01\/MODELO-POST-2.png\",\"contentUrl\":\"https:\/\/www.fetagrs.org.br\/wp-content\/uploads\/2026\/01\/MODELO-POST-2.png\",\"width\":1079,\"height\":1350},{\"@type\":\"BreadcrumbList\",\"@id\":\"https:\/\/www.fetagrs.org.br\/?p=53590#breadcrumb\",\"itemListElement\":[{\"@type\":\"ListItem\",\"position\":1,\"name\":\"In\u00edcio\",\"item\":\"https:\/\/www.fetagrs.org.br\/\"},{\"@type\":\"ListItem\",\"position\":2,\"name\":\"Fetag-RS firma parceria com a Alper Seguros para ampliar prote\u00e7\u00e3o \u00e0s fam\u00edlias agricultoras\"}]},{\"@type\":\"WebSite\",\"@id\":\"https:\/\/www.fetagrs.org.br\/#website\",\"url\":\"https:\/\/www.fetagrs.org.br\/\",\"name\":\"FETAG-RS\",\"description\":\"Federa\u00e7\u00e3o dos Trabalhadores na Agricultura no RS\",\"publisher\":{\"@id\":\"https:\/\/www.fetagrs.org.br\/#organization\"},\"potentialAction\":[{\"@type\":\"SearchAction\",\"target\":{\"@type\":\"EntryPoint\",\"urlTemplate\":\"https:\/\/www.fetagrs.org.br\/?s={search_term_string}\"},\"query-input\":{\"@type\":\"PropertyValueSpecification\",\"valueRequired\":true,\"valueName\":\"search_term_string\"}}],\"inLanguage\":\"pt-BR\"},{\"@type\":\"Organization\",\"@id\":\"https:\/\/www.fetagrs.org.br\/#organization\",\"name\":\"Federa\u00e7\u00e3o dos Trabalhadores na Agricultura no Rio Grande do Sul\",\"url\":\"https:\/\/www.fetagrs.org.br\/\",\"logo\":{\"@type\":\"ImageObject\",\"inLanguage\":\"pt-BR\",\"@id\":\"https:\/\/www.fetagrs.org.br\/#\/schema\/logo\/image\/\",\"url\":\"http:\/\/fetagrs.org.br\/wp-content\/uploads\/2020\/12\/FETAG-RS.jpg\",\"contentUrl\":\"http:\/\/fetagrs.org.br\/wp-content\/uploads\/2020\/12\/FETAG-RS.jpg\",\"width\":561,\"height\":598,\"caption\":\"Federa\u00e7\u00e3o dos Trabalhadores na Agricultura no Rio Grande do Sul\"},\"image\":{\"@id\":\"https:\/\/www.fetagrs.org.br\/#\/schema\/logo\/image\/\"},\"sameAs\":[\"https:\/\/www.facebook.com\/fetagrs\",\"https:\/\/www.instagram.com\/fetagrs\/\",\"https:\/\/www.youtube.com\/c\/TVFETAGRS\/featured\"]},{\"@type\":\"Person\",\"@id\":\"https:\/\/www.fetagrs.org.br\/#\/schema\/person\/414925669ddee89f2bb52fcc97310ea8\",\"name\":\"Camila dos Santos\",\"image\":{\"@type\":\"ImageObject\",\"inLanguage\":\"pt-BR\",\"@id\":\"https:\/\/www.fetagrs.org.br\/#\/schema\/person\/image\/\",\"url\":\"https:\/\/secure.gravatar.com\/avatar\/177064ae07f49fc3b530bc0911ff4424e621528eb067022c8663e5f4c4031fa8?s=96&d=mm&r=g\",\"contentUrl\":\"https:\/\/secure.gravatar.com\/avatar\/177064ae07f49fc3b530bc0911ff4424e621528eb067022c8663e5f4c4031fa8?s=96&d=mm&r=g\",\"caption\":\"Camila dos Santos\"},\"url\":\"https:\/\/www.fetagrs.org.br\/?author=10\"}]}<\/script>\n<!-- \/ Yoast SEO plugin. -->","yoast_head_json":{"title":"Fetag-RS firma parceria com a Alper Seguros para ampliar prote\u00e7\u00e3o \u00e0s fam\u00edlias agricultoras - FETAG-RS","robots":{"index":"index","follow":"follow","max-snippet":"max-snippet:-1","max-image-preview":"max-image-preview:large","max-video-preview":"max-video-preview:-1"},"canonical":"https:\/\/www.fetagrs.org.br\/?p=53590","og_locale":"pt_BR","og_type":"article","og_title":"Fetag-RS firma parceria com a Alper Seguros para ampliar prote\u00e7\u00e3o \u00e0s fam\u00edlias agricultoras - FETAG-RS","og_description":"&nbsp; Acordo firmado em novembro garante iniciativa in\u00e9dita da Fetag-RS, com seguro acess\u00edvel para associados dos sindicatos rurais A Federa\u00e7\u00e3o dos Trabalhadores na Agricultura no Rio Grande do Sul (Fetag-RS) firmou, em novembro de 2025, uma parceria com a Alper Seguros para a implementa\u00e7\u00e3o de uma iniciativa in\u00e9dita da Fetag-RS, voltada aos associados dos Sindicatos... Leia mais &raquo;","og_url":"https:\/\/www.fetagrs.org.br\/?p=53590","og_site_name":"FETAG-RS","article_publisher":"https:\/\/www.facebook.com\/fetagrs","article_published_time":"2026-01-07T20:32:59+00:00","article_modified_time":"2026-01-07T20:34:57+00:00","og_image":[{"width":1079,"height":1350,"url":"https:\/\/www.fetagrs.org.br\/wp-content\/uploads\/2026\/01\/MODELO-POST-2.png","type":"image\/png"}],"author":"Camila dos Santos","twitter_card":"summary_large_image","schema":{"@context":"https:\/\/schema.org","@graph":[{"@type":"Article","@id":"https:\/\/www.fetagrs.org.br\/?p=53590#article","isPartOf":{"@id":"https:\/\/www.fetagrs.org.br\/?p=53590"},"author":{"name":"Camila dos Santos","@id":"https:\/\/www.fetagrs.org.br\/#\/schema\/person\/414925669ddee89f2bb52fcc97310ea8"},"headline":"Fetag-RS firma parceria com a Alper Seguros para ampliar prote\u00e7\u00e3o \u00e0s fam\u00edlias agricultoras","datePublished":"2026-01-07T20:32:59+00:00","dateModified":"2026-01-07T20:34:57+00:00","mainEntityOfPage":{"@id":"https:\/\/www.fetagrs.org.br\/?p=53590"},"wordCount":385,"commentCount":0,"publisher":{"@id":"https:\/\/www.fetagrs.org.br\/#organization"},"image":{"@id":"https:\/\/www.fetagrs.org.br\/?p=53590#primaryimage"},"thumbnailUrl":"https:\/\/www.fetagrs.org.br\/wp-content\/uploads\/2026\/01\/MODELO-POST-2.png","articleSection":["Destaques","Not\u00edcias"],"inLanguage":"pt-BR","potentialAction":[{"@type":"CommentAction","name":"Comment","target":["https:\/\/www.fetagrs.org.br\/?p=53590#respond"]}]},{"@type":"WebPage","@id":"https:\/\/www.fetagrs.org.br\/?p=53590","url":"https:\/\/www.fetagrs.org.br\/?p=53590","name":"Fetag-RS firma parceria com a Alper Seguros para ampliar prote\u00e7\u00e3o \u00e0s fam\u00edlias agricultoras - FETAG-RS","isPartOf":{"@id":"https:\/\/www.fetagrs.org.br\/#website"},"primaryImageOfPage":{"@id":"https:\/\/www.fetagrs.org.br\/?p=53590#primaryimage"},"image":{"@id":"https:\/\/www.fetagrs.org.br\/?p=53590#primaryimage"},"thumbnailUrl":"https:\/\/www.fetagrs.org.br\/wp-content\/uploads\/2026\/01\/MODELO-POST-2.png","datePublished":"2026-01-07T20:32:59+00:00","dateModified":"2026-01-07T20:34:57+00:00","breadcrumb":{"@id":"https:\/\/www.fetagrs.org.br\/?p=53590#breadcrumb"},"inLanguage":"pt-BR","potentialAction":[{"@type":"ReadAction","target":["https:\/\/www.fetagrs.org.br\/?p=53590"]}]},{"@type":"ImageObject","inLanguage":"pt-BR","@id":"https:\/\/www.fetagrs.org.br\/?p=53590#primaryimage","url":"https:\/\/www.fetagrs.org.br\/wp-content\/uploads\/2026\/01\/MODELO-POST-2.png","contentUrl":"https:\/\/www.fetagrs.org.br\/wp-content\/uploads\/2026\/01\/MODELO-POST-2.png","width":1079,"height":1350},{"@type":"BreadcrumbList","@id":"https:\/\/www.fetagrs.org.br\/?p=53590#breadcrumb","itemListElement":[{"@type":"ListItem","position":1,"name":"In\u00edcio","item":"https:\/\/www.fetagrs.org.br\/"},{"@type":"ListItem","position":2,"name":"Fetag-RS firma parceria com a Alper Seguros para ampliar prote\u00e7\u00e3o \u00e0s fam\u00edlias agricultoras"}]},{"@type":"WebSite","@id":"https:\/\/www.fetagrs.org.br\/#website","url":"https:\/\/www.fetagrs.org.br\/","name":"FETAG-RS","description":"Federa\u00e7\u00e3o dos Trabalhadores na Agricultura no RS","publisher":{"@id":"https:\/\/www.fetagrs.org.br\/#organization"},"potentialAction":[{"@type":"SearchAction","target":{"@type":"EntryPoint","urlTemplate":"https:\/\/www.fetagrs.org.br\/?s={search_term_string}"},"query-input":{"@type":"PropertyValueSpecification","valueRequired":true,"valueName":"search_term_string"}}],"inLanguage":"pt-BR"},{"@type":"Organization","@id":"https:\/\/www.fetagrs.org.br\/#organization","name":"Federa\u00e7\u00e3o dos Trabalhadores na Agricultura no Rio Grande do Sul","url":"https:\/\/www.fetagrs.org.br\/","logo":{"@type":"ImageObject","inLanguage":"pt-BR","@id":"https:\/\/www.fetagrs.org.br\/#\/schema\/logo\/image\/","url":"http:\/\/fetagrs.org.br\/wp-content\/uploads\/2020\/12\/FETAG-RS.jpg","contentUrl":"http:\/\/fetagrs.org.br\/wp-content\/uploads\/2020\/12\/FETAG-RS.jpg","width":561,"height":598,"caption":"Federa\u00e7\u00e3o dos Trabalhadores na Agricultura no Rio Grande do Sul"},"image":{"@id":"https:\/\/www.fetagrs.org.br\/#\/schema\/logo\/image\/"},"sameAs":["https:\/\/www.facebook.com\/fetagrs","https:\/\/www.instagram.com\/fetagrs\/","https:\/\/www.youtube.com\/c\/TVFETAGRS\/featured"]},{"@type":"Person","@id":"https:\/\/www.fetagrs.org.br\/#\/schema\/person\/414925669ddee89f2bb52fcc97310ea8","name":"Camila dos Santos","image":{"@type":"ImageObject","inLanguage":"pt-BR","@id":"https:\/\/www.fetagrs.org.br\/#\/schema\/person\/image\/","url":"https:\/\/secure.gravatar.com\/avatar\/177064ae07f49fc3b530bc0911ff4424e621528eb067022c8663e5f4c4031fa8?s=96&d=mm&r=g","contentUrl":"https:\/\/secure.gravatar.com\/avatar\/177064ae07f49fc3b530bc0911ff4424e621528eb067022c8663e5f4c4031fa8?s=96&d=mm&r=g","caption":"Camila dos Santos"},"url":"https:\/\/www.fetagrs.org.br\/?author=10"}]}},"_links":{"self":[{"href":"https:\/\/www.fetagrs.org.br\/index.php?rest_route=\/wp\/v2\/posts\/53590","targetHints":{"allow":["GET"]}}],"collection":[{"href":"https:\/\/www.fetagrs.org.br\/index.php?rest_route=\/wp\/v2\/posts"}],"about":[{"href":"https:\/\/www.fetagrs.org.br\/index.php?rest_route=\/wp\/v2\/types\/post"}],"author":[{"embeddable":true,"href":"https:\/\/www.fetagrs.org.br\/index.php?rest_route=\/wp\/v2\/users\/10"}],"replies":[{"embeddable":true,"href":"https:\/\/www.fetagrs.org.br\/index.php?rest_route=%2Fwp%2Fv2%2Fcomments&post=53590"}],"version-history":[{"count":2,"href":"https:\/\/www.fetagrs.org.br\/index.php?rest_route=\/wp\/v2\/posts\/53590\/revisions"}],"predecessor-version":[{"id":53593,"href":"https:\/\/www.fetagrs.org.br\/index.php?rest_route=\/wp\/v2\/posts\/53590\/revisions\/53593"}],"wp:featuredmedia":[{"embeddable":true,"href":"https:\/\/www.fetagrs.org.br\/index.php?rest_route=\/wp\/v2\/media\/53591"}],"wp:attachment":[{"href":"https:\/\/www.fetagrs.org.br\/index.php?rest_route=%2Fwp%2Fv2%2Fmedia&parent=53590"}],"wp:term":[{"taxonomy":"category","embeddable":true,"href":"https:\/\/www.fetagrs.org.br\/index.php?rest_route=%2Fwp%2Fv2%2Fcategories&post=53590"},{"taxonomy":"post_tag","embeddable":true,"href":"https:\/\/www.fetagrs.org.br\/index.php?rest_route=%2Fwp%2Fv2%2Ftags&post=53590"}],"curies":[{"name":"wp","href":"https:\/\/api.w.org\/{rel}","templated":true}]}}