{"id":53573,"date":"2025-12-18T16:00:55","date_gmt":"2025-12-18T19:00:55","guid":{"rendered":"https:\/\/www.fetagrs.org.br\/?p=53573"},"modified":"2025-12-18T16:00:55","modified_gmt":"2025-12-18T19:00:55","slug":"comissao-estadual-de-mulheres-trabalhadoras-rurais-debate-politicas-publicas-pelo-fim-da-violencia-e-constroi-planejamento-para-2026","status":"publish","type":"post","link":"https:\/\/www.fetagrs.org.br\/?p=53573","title":{"rendered":"Comiss\u00e3o Estadual de Mulheres Trabalhadoras Rurais debate pol\u00edticas p\u00fablicas pelo fim da viol\u00eancia e constr\u00f3i planejamento para 2026"},"content":{"rendered":"<img loading=\"lazy\" decoding=\"async\" class=\"size-medium wp-image-53574 aligncenter\" src=\"http:\/\/www.fetagrs.org.br\/wp-content\/uploads\/2025\/12\/WhatsApp-Image-2025-12-17-at-13.50.35-240x300.jpeg\" alt=\"\" width=\"240\" height=\"300\" srcset=\"https:\/\/www.fetagrs.org.br\/wp-content\/uploads\/2025\/12\/WhatsApp-Image-2025-12-17-at-13.50.35-240x300.jpeg 240w, https:\/\/www.fetagrs.org.br\/wp-content\/uploads\/2025\/12\/WhatsApp-Image-2025-12-17-at-13.50.35-819x1024.jpeg 819w, https:\/\/www.fetagrs.org.br\/wp-content\/uploads\/2025\/12\/WhatsApp-Image-2025-12-17-at-13.50.35-768x960.jpeg 768w, https:\/\/www.fetagrs.org.br\/wp-content\/uploads\/2025\/12\/WhatsApp-Image-2025-12-17-at-13.50.35-1229x1536.jpeg 1229w, https:\/\/www.fetagrs.org.br\/wp-content\/uploads\/2025\/12\/WhatsApp-Image-2025-12-17-at-13.50.35.jpeg 1280w\" sizes=\"auto, (max-width: 240px) 100vw, 240px\" \/>\n<p>Na manh\u00e3 do dia 17, na sede da FETAG-RS, a Comiss\u00e3o Estadual de Mulheres Trabalhadoras Rurais recebeu a secret\u00e1ria estadual de Mulheres do Rio Grande do Sul, F\u00e1bia Richter, para a apresenta\u00e7\u00e3o da nova pol\u00edtica estadual de enfrentamento \u00e0 viol\u00eancia contra as mulheres. O encontro tamb\u00e9m foi espa\u00e7o de debate sobre como o movimento das mulheres trabalhadoras rurais pode se conectar e contribuir com essa pauta, fortalecendo a\u00e7\u00f5es nos territ\u00f3rios.<\/p>\n<p>Na sequ\u00eancia, a comiss\u00e3o recebeu Denise Argemi, respons\u00e1vel pela Campanha Internacional Banco Vermelho Oficial, que apresentou a iniciativa e dialogou sobre possibilidades de colabora\u00e7\u00e3o do movimento na divulga\u00e7\u00e3o e implementa\u00e7\u00e3o da campanha.<\/p>\n<p>No per\u00edodo da tarde, juntamente com representantes das 23 regionais, foi constru\u00eddo o planejamento estrat\u00e9gico de trabalho para o ano de 2026, definindo prioridades e a\u00e7\u00f5es que ir\u00e3o orientar a atua\u00e7\u00e3o da Comiss\u00e3o Estadual no pr\u00f3ximo per\u00edodo.<\/p>\n<p>\u201cPara a coordenadora de Mulheres da FETAG-RS, L\u00e9rida Matilde Pivoto Pavanelo, o encontro reafirma a import\u00e2ncia da organiza\u00e7\u00e3o e da atua\u00e7\u00e3o coletiva das mulheres trabalhadoras rurais. \u2018Esses momentos de forma\u00e7\u00e3o, debate e planejamento s\u00e3o fundamentais para fortalecer a luta das mulheres, garantindo direitos e construindo a\u00e7\u00f5es que dialoguem com a realidade, destacou.\u201d<\/p>\n<p>O encontro foi encerrado na manh\u00e3 do dia 18 de dezembro, com um momento de reflex\u00e3o sobre a import\u00e2ncia do autocuidado na vida das mulheres. A atividade final contou com uma din\u00e2mica de integra\u00e7\u00e3o da comiss\u00e3o, na qual, em vez da troca de presentes, foram constru\u00eddas cartinhas, fortalecendo v\u00ednculos, afeto e o sentimento de coletividade.<\/p>\n<p>&nbsp;<\/p>\n","protected":false},"excerpt":{"rendered":"<p>Na manh\u00e3 do dia 17, na sede da FETAG-RS, a Comiss\u00e3o Estadual de Mulheres Trabalhadoras Rurais recebeu a secret\u00e1ria estadual de Mulheres do Rio Grande do Sul, F\u00e1bia Richter, para a apresenta\u00e7\u00e3o da nova pol\u00edtica estadual de enfrentamento \u00e0 viol\u00eancia contra as mulheres. O encontro tamb\u00e9m foi espa\u00e7o de debate sobre como o movimento das&#8230;  <a class=\"excerpt-read-more\" href=\"https:\/\/www.fetagrs.org.br\/?p=53573\" title=\"Read Comiss\u00e3o Estadual de Mulheres Trabalhadoras Rurais debate pol\u00edticas p\u00fablicas pelo fim da viol\u00eancia e constr\u00f3i planejamento para 2026\">Leia mais &raquo;<\/a><\/p>\n","protected":false},"author":10,"featured_media":53574,"comment_status":"open","ping_status":"open","sticky":false,"template":"","format":"standard","meta":{"footnotes":"","_links_to":"","_links_to_target":""},"categories":[4,3],"tags":[],"class_list":["post-53573","post","type-post","status-publish","format-standard","has-post-thumbnail","hentry","category-destaques","category-noticias"],"yoast_head":"<!-- This site is optimized with the Yoast SEO plugin v26.8 - https:\/\/yoast.com\/product\/yoast-seo-wordpress\/ -->\n<title>Comiss\u00e3o Estadual de Mulheres Trabalhadoras Rurais debate pol\u00edticas p\u00fablicas pelo fim da viol\u00eancia e constr\u00f3i planejamento para 2026 - FETAG-RS<\/title>\n<meta name=\"robots\" content=\"index, follow, max-snippet:-1, max-image-preview:large, max-video-preview:-1\" \/>\n<link rel=\"canonical\" href=\"https:\/\/www.fetagrs.org.br\/?p=53573\" \/>\n<meta property=\"og:locale\" content=\"pt_BR\" \/>\n<meta property=\"og:type\" content=\"article\" \/>\n<meta property=\"og:title\" content=\"Comiss\u00e3o Estadual de Mulheres Trabalhadoras Rurais debate pol\u00edticas p\u00fablicas pelo fim da viol\u00eancia e constr\u00f3i planejamento para 2026 - FETAG-RS\" \/>\n<meta property=\"og:description\" content=\"Na manh\u00e3 do dia 17, na sede da FETAG-RS, a Comiss\u00e3o Estadual de Mulheres Trabalhadoras Rurais recebeu a secret\u00e1ria estadual de Mulheres do Rio Grande do Sul, F\u00e1bia Richter, para a apresenta\u00e7\u00e3o da nova pol\u00edtica estadual de enfrentamento \u00e0 viol\u00eancia contra as mulheres. O encontro tamb\u00e9m foi espa\u00e7o de debate sobre como o movimento das... Leia mais &raquo;\" \/>\n<meta property=\"og:url\" content=\"https:\/\/www.fetagrs.org.br\/?p=53573\" \/>\n<meta property=\"og:site_name\" content=\"FETAG-RS\" \/>\n<meta property=\"article:publisher\" content=\"https:\/\/www.facebook.com\/fetagrs\" \/>\n<meta property=\"article:published_time\" content=\"2025-12-18T19:00:55+00:00\" \/>\n<meta property=\"og:image\" content=\"https:\/\/www.fetagrs.org.br\/wp-content\/uploads\/2025\/12\/WhatsApp-Image-2025-12-17-at-13.50.35.jpeg\" \/>\n\t<meta property=\"og:image:width\" content=\"1280\" \/>\n\t<meta property=\"og:image:height\" content=\"1600\" \/>\n\t<meta property=\"og:image:type\" content=\"image\/jpeg\" \/>\n<meta name=\"author\" content=\"Camila dos Santos\" \/>\n<meta name=\"twitter:card\" content=\"summary_large_image\" \/>\n<script type=\"application\/ld+json\" class=\"yoast-schema-graph\">{\"@context\":\"https:\/\/schema.org\",\"@graph\":[{\"@type\":\"Article\",\"@id\":\"https:\/\/www.fetagrs.org.br\/?p=53573#article\",\"isPartOf\":{\"@id\":\"https:\/\/www.fetagrs.org.br\/?p=53573\"},\"author\":{\"name\":\"Camila dos Santos\",\"@id\":\"https:\/\/www.fetagrs.org.br\/#\/schema\/person\/414925669ddee89f2bb52fcc97310ea8\"},\"headline\":\"Comiss\u00e3o Estadual de Mulheres Trabalhadoras Rurais debate pol\u00edticas p\u00fablicas pelo fim da viol\u00eancia e constr\u00f3i planejamento para 2026\",\"datePublished\":\"2025-12-18T19:00:55+00:00\",\"mainEntityOfPage\":{\"@id\":\"https:\/\/www.fetagrs.org.br\/?p=53573\"},\"wordCount\":303,\"commentCount\":0,\"publisher\":{\"@id\":\"https:\/\/www.fetagrs.org.br\/#organization\"},\"image\":{\"@id\":\"https:\/\/www.fetagrs.org.br\/?p=53573#primaryimage\"},\"thumbnailUrl\":\"https:\/\/www.fetagrs.org.br\/wp-content\/uploads\/2025\/12\/WhatsApp-Image-2025-12-17-at-13.50.35.jpeg\",\"articleSection\":[\"Destaques\",\"Not\u00edcias\"],\"inLanguage\":\"pt-BR\",\"potentialAction\":[{\"@type\":\"CommentAction\",\"name\":\"Comment\",\"target\":[\"https:\/\/www.fetagrs.org.br\/?p=53573#respond\"]}]},{\"@type\":\"WebPage\",\"@id\":\"https:\/\/www.fetagrs.org.br\/?p=53573\",\"url\":\"https:\/\/www.fetagrs.org.br\/?p=53573\",\"name\":\"Comiss\u00e3o Estadual de Mulheres Trabalhadoras Rurais debate pol\u00edticas p\u00fablicas pelo fim da viol\u00eancia e constr\u00f3i planejamento para 2026 - FETAG-RS\",\"isPartOf\":{\"@id\":\"https:\/\/www.fetagrs.org.br\/#website\"},\"primaryImageOfPage\":{\"@id\":\"https:\/\/www.fetagrs.org.br\/?p=53573#primaryimage\"},\"image\":{\"@id\":\"https:\/\/www.fetagrs.org.br\/?p=53573#primaryimage\"},\"thumbnailUrl\":\"https:\/\/www.fetagrs.org.br\/wp-content\/uploads\/2025\/12\/WhatsApp-Image-2025-12-17-at-13.50.35.jpeg\",\"datePublished\":\"2025-12-18T19:00:55+00:00\",\"breadcrumb\":{\"@id\":\"https:\/\/www.fetagrs.org.br\/?p=53573#breadcrumb\"},\"inLanguage\":\"pt-BR\",\"potentialAction\":[{\"@type\":\"ReadAction\",\"target\":[\"https:\/\/www.fetagrs.org.br\/?p=53573\"]}]},{\"@type\":\"ImageObject\",\"inLanguage\":\"pt-BR\",\"@id\":\"https:\/\/www.fetagrs.org.br\/?p=53573#primaryimage\",\"url\":\"https:\/\/www.fetagrs.org.br\/wp-content\/uploads\/2025\/12\/WhatsApp-Image-2025-12-17-at-13.50.35.jpeg\",\"contentUrl\":\"https:\/\/www.fetagrs.org.br\/wp-content\/uploads\/2025\/12\/WhatsApp-Image-2025-12-17-at-13.50.35.jpeg\",\"width\":1280,\"height\":1600},{\"@type\":\"BreadcrumbList\",\"@id\":\"https:\/\/www.fetagrs.org.br\/?p=53573#breadcrumb\",\"itemListElement\":[{\"@type\":\"ListItem\",\"position\":1,\"name\":\"In\u00edcio\",\"item\":\"https:\/\/www.fetagrs.org.br\/\"},{\"@type\":\"ListItem\",\"position\":2,\"name\":\"Comiss\u00e3o Estadual de Mulheres Trabalhadoras Rurais debate pol\u00edticas p\u00fablicas pelo fim da viol\u00eancia e constr\u00f3i planejamento para 2026\"}]},{\"@type\":\"WebSite\",\"@id\":\"https:\/\/www.fetagrs.org.br\/#website\",\"url\":\"https:\/\/www.fetagrs.org.br\/\",\"name\":\"FETAG-RS\",\"description\":\"Federa\u00e7\u00e3o dos Trabalhadores na Agricultura no RS\",\"publisher\":{\"@id\":\"https:\/\/www.fetagrs.org.br\/#organization\"},\"potentialAction\":[{\"@type\":\"SearchAction\",\"target\":{\"@type\":\"EntryPoint\",\"urlTemplate\":\"https:\/\/www.fetagrs.org.br\/?s={search_term_string}\"},\"query-input\":{\"@type\":\"PropertyValueSpecification\",\"valueRequired\":true,\"valueName\":\"search_term_string\"}}],\"inLanguage\":\"pt-BR\"},{\"@type\":\"Organization\",\"@id\":\"https:\/\/www.fetagrs.org.br\/#organization\",\"name\":\"Federa\u00e7\u00e3o dos Trabalhadores na Agricultura no Rio Grande do Sul\",\"url\":\"https:\/\/www.fetagrs.org.br\/\",\"logo\":{\"@type\":\"ImageObject\",\"inLanguage\":\"pt-BR\",\"@id\":\"https:\/\/www.fetagrs.org.br\/#\/schema\/logo\/image\/\",\"url\":\"http:\/\/fetagrs.org.br\/wp-content\/uploads\/2020\/12\/FETAG-RS.jpg\",\"contentUrl\":\"http:\/\/fetagrs.org.br\/wp-content\/uploads\/2020\/12\/FETAG-RS.jpg\",\"width\":561,\"height\":598,\"caption\":\"Federa\u00e7\u00e3o dos Trabalhadores na Agricultura no Rio Grande do Sul\"},\"image\":{\"@id\":\"https:\/\/www.fetagrs.org.br\/#\/schema\/logo\/image\/\"},\"sameAs\":[\"https:\/\/www.facebook.com\/fetagrs\",\"https:\/\/www.instagram.com\/fetagrs\/\",\"https:\/\/www.youtube.com\/c\/TVFETAGRS\/featured\"]},{\"@type\":\"Person\",\"@id\":\"https:\/\/www.fetagrs.org.br\/#\/schema\/person\/414925669ddee89f2bb52fcc97310ea8\",\"name\":\"Camila dos Santos\",\"image\":{\"@type\":\"ImageObject\",\"inLanguage\":\"pt-BR\",\"@id\":\"https:\/\/www.fetagrs.org.br\/#\/schema\/person\/image\/\",\"url\":\"https:\/\/secure.gravatar.com\/avatar\/177064ae07f49fc3b530bc0911ff4424e621528eb067022c8663e5f4c4031fa8?s=96&d=mm&r=g\",\"contentUrl\":\"https:\/\/secure.gravatar.com\/avatar\/177064ae07f49fc3b530bc0911ff4424e621528eb067022c8663e5f4c4031fa8?s=96&d=mm&r=g\",\"caption\":\"Camila dos Santos\"},\"url\":\"https:\/\/www.fetagrs.org.br\/?author=10\"}]}<\/script>\n<!-- \/ Yoast SEO plugin. -->","yoast_head_json":{"title":"Comiss\u00e3o Estadual de Mulheres Trabalhadoras Rurais debate pol\u00edticas p\u00fablicas pelo fim da viol\u00eancia e constr\u00f3i planejamento para 2026 - FETAG-RS","robots":{"index":"index","follow":"follow","max-snippet":"max-snippet:-1","max-image-preview":"max-image-preview:large","max-video-preview":"max-video-preview:-1"},"canonical":"https:\/\/www.fetagrs.org.br\/?p=53573","og_locale":"pt_BR","og_type":"article","og_title":"Comiss\u00e3o Estadual de Mulheres Trabalhadoras Rurais debate pol\u00edticas p\u00fablicas pelo fim da viol\u00eancia e constr\u00f3i planejamento para 2026 - FETAG-RS","og_description":"Na manh\u00e3 do dia 17, na sede da FETAG-RS, a Comiss\u00e3o Estadual de Mulheres Trabalhadoras Rurais recebeu a secret\u00e1ria estadual de Mulheres do Rio Grande do Sul, F\u00e1bia Richter, para a apresenta\u00e7\u00e3o da nova pol\u00edtica estadual de enfrentamento \u00e0 viol\u00eancia contra as mulheres. O encontro tamb\u00e9m foi espa\u00e7o de debate sobre como o movimento das... Leia mais &raquo;","og_url":"https:\/\/www.fetagrs.org.br\/?p=53573","og_site_name":"FETAG-RS","article_publisher":"https:\/\/www.facebook.com\/fetagrs","article_published_time":"2025-12-18T19:00:55+00:00","og_image":[{"width":1280,"height":1600,"url":"https:\/\/www.fetagrs.org.br\/wp-content\/uploads\/2025\/12\/WhatsApp-Image-2025-12-17-at-13.50.35.jpeg","type":"image\/jpeg"}],"author":"Camila dos Santos","twitter_card":"summary_large_image","schema":{"@context":"https:\/\/schema.org","@graph":[{"@type":"Article","@id":"https:\/\/www.fetagrs.org.br\/?p=53573#article","isPartOf":{"@id":"https:\/\/www.fetagrs.org.br\/?p=53573"},"author":{"name":"Camila dos Santos","@id":"https:\/\/www.fetagrs.org.br\/#\/schema\/person\/414925669ddee89f2bb52fcc97310ea8"},"headline":"Comiss\u00e3o Estadual de Mulheres Trabalhadoras Rurais debate pol\u00edticas p\u00fablicas pelo fim da viol\u00eancia e constr\u00f3i planejamento para 2026","datePublished":"2025-12-18T19:00:55+00:00","mainEntityOfPage":{"@id":"https:\/\/www.fetagrs.org.br\/?p=53573"},"wordCount":303,"commentCount":0,"publisher":{"@id":"https:\/\/www.fetagrs.org.br\/#organization"},"image":{"@id":"https:\/\/www.fetagrs.org.br\/?p=53573#primaryimage"},"thumbnailUrl":"https:\/\/www.fetagrs.org.br\/wp-content\/uploads\/2025\/12\/WhatsApp-Image-2025-12-17-at-13.50.35.jpeg","articleSection":["Destaques","Not\u00edcias"],"inLanguage":"pt-BR","potentialAction":[{"@type":"CommentAction","name":"Comment","target":["https:\/\/www.fetagrs.org.br\/?p=53573#respond"]}]},{"@type":"WebPage","@id":"https:\/\/www.fetagrs.org.br\/?p=53573","url":"https:\/\/www.fetagrs.org.br\/?p=53573","name":"Comiss\u00e3o Estadual de Mulheres Trabalhadoras Rurais debate pol\u00edticas p\u00fablicas pelo fim da viol\u00eancia e constr\u00f3i planejamento para 2026 - FETAG-RS","isPartOf":{"@id":"https:\/\/www.fetagrs.org.br\/#website"},"primaryImageOfPage":{"@id":"https:\/\/www.fetagrs.org.br\/?p=53573#primaryimage"},"image":{"@id":"https:\/\/www.fetagrs.org.br\/?p=53573#primaryimage"},"thumbnailUrl":"https:\/\/www.fetagrs.org.br\/wp-content\/uploads\/2025\/12\/WhatsApp-Image-2025-12-17-at-13.50.35.jpeg","datePublished":"2025-12-18T19:00:55+00:00","breadcrumb":{"@id":"https:\/\/www.fetagrs.org.br\/?p=53573#breadcrumb"},"inLanguage":"pt-BR","potentialAction":[{"@type":"ReadAction","target":["https:\/\/www.fetagrs.org.br\/?p=53573"]}]},{"@type":"ImageObject","inLanguage":"pt-BR","@id":"https:\/\/www.fetagrs.org.br\/?p=53573#primaryimage","url":"https:\/\/www.fetagrs.org.br\/wp-content\/uploads\/2025\/12\/WhatsApp-Image-2025-12-17-at-13.50.35.jpeg","contentUrl":"https:\/\/www.fetagrs.org.br\/wp-content\/uploads\/2025\/12\/WhatsApp-Image-2025-12-17-at-13.50.35.jpeg","width":1280,"height":1600},{"@type":"BreadcrumbList","@id":"https:\/\/www.fetagrs.org.br\/?p=53573#breadcrumb","itemListElement":[{"@type":"ListItem","position":1,"name":"In\u00edcio","item":"https:\/\/www.fetagrs.org.br\/"},{"@type":"ListItem","position":2,"name":"Comiss\u00e3o Estadual de Mulheres Trabalhadoras Rurais debate pol\u00edticas p\u00fablicas pelo fim da viol\u00eancia e constr\u00f3i planejamento para 2026"}]},{"@type":"WebSite","@id":"https:\/\/www.fetagrs.org.br\/#website","url":"https:\/\/www.fetagrs.org.br\/","name":"FETAG-RS","description":"Federa\u00e7\u00e3o dos Trabalhadores na Agricultura no RS","publisher":{"@id":"https:\/\/www.fetagrs.org.br\/#organization"},"potentialAction":[{"@type":"SearchAction","target":{"@type":"EntryPoint","urlTemplate":"https:\/\/www.fetagrs.org.br\/?s={search_term_string}"},"query-input":{"@type":"PropertyValueSpecification","valueRequired":true,"valueName":"search_term_string"}}],"inLanguage":"pt-BR"},{"@type":"Organization","@id":"https:\/\/www.fetagrs.org.br\/#organization","name":"Federa\u00e7\u00e3o dos Trabalhadores na Agricultura no Rio Grande do Sul","url":"https:\/\/www.fetagrs.org.br\/","logo":{"@type":"ImageObject","inLanguage":"pt-BR","@id":"https:\/\/www.fetagrs.org.br\/#\/schema\/logo\/image\/","url":"http:\/\/fetagrs.org.br\/wp-content\/uploads\/2020\/12\/FETAG-RS.jpg","contentUrl":"http:\/\/fetagrs.org.br\/wp-content\/uploads\/2020\/12\/FETAG-RS.jpg","width":561,"height":598,"caption":"Federa\u00e7\u00e3o dos Trabalhadores na Agricultura no Rio Grande do Sul"},"image":{"@id":"https:\/\/www.fetagrs.org.br\/#\/schema\/logo\/image\/"},"sameAs":["https:\/\/www.facebook.com\/fetagrs","https:\/\/www.instagram.com\/fetagrs\/","https:\/\/www.youtube.com\/c\/TVFETAGRS\/featured"]},{"@type":"Person","@id":"https:\/\/www.fetagrs.org.br\/#\/schema\/person\/414925669ddee89f2bb52fcc97310ea8","name":"Camila dos Santos","image":{"@type":"ImageObject","inLanguage":"pt-BR","@id":"https:\/\/www.fetagrs.org.br\/#\/schema\/person\/image\/","url":"https:\/\/secure.gravatar.com\/avatar\/177064ae07f49fc3b530bc0911ff4424e621528eb067022c8663e5f4c4031fa8?s=96&d=mm&r=g","contentUrl":"https:\/\/secure.gravatar.com\/avatar\/177064ae07f49fc3b530bc0911ff4424e621528eb067022c8663e5f4c4031fa8?s=96&d=mm&r=g","caption":"Camila dos Santos"},"url":"https:\/\/www.fetagrs.org.br\/?author=10"}]}},"_links":{"self":[{"href":"https:\/\/www.fetagrs.org.br\/index.php?rest_route=\/wp\/v2\/posts\/53573","targetHints":{"allow":["GET"]}}],"collection":[{"href":"https:\/\/www.fetagrs.org.br\/index.php?rest_route=\/wp\/v2\/posts"}],"about":[{"href":"https:\/\/www.fetagrs.org.br\/index.php?rest_route=\/wp\/v2\/types\/post"}],"author":[{"embeddable":true,"href":"https:\/\/www.fetagrs.org.br\/index.php?rest_route=\/wp\/v2\/users\/10"}],"replies":[{"embeddable":true,"href":"https:\/\/www.fetagrs.org.br\/index.php?rest_route=%2Fwp%2Fv2%2Fcomments&post=53573"}],"version-history":[{"count":1,"href":"https:\/\/www.fetagrs.org.br\/index.php?rest_route=\/wp\/v2\/posts\/53573\/revisions"}],"predecessor-version":[{"id":53575,"href":"https:\/\/www.fetagrs.org.br\/index.php?rest_route=\/wp\/v2\/posts\/53573\/revisions\/53575"}],"wp:featuredmedia":[{"embeddable":true,"href":"https:\/\/www.fetagrs.org.br\/index.php?rest_route=\/wp\/v2\/media\/53574"}],"wp:attachment":[{"href":"https:\/\/www.fetagrs.org.br\/index.php?rest_route=%2Fwp%2Fv2%2Fmedia&parent=53573"}],"wp:term":[{"taxonomy":"category","embeddable":true,"href":"https:\/\/www.fetagrs.org.br\/index.php?rest_route=%2Fwp%2Fv2%2Fcategories&post=53573"},{"taxonomy":"post_tag","embeddable":true,"href":"https:\/\/www.fetagrs.org.br\/index.php?rest_route=%2Fwp%2Fv2%2Ftags&post=53573"}],"curies":[{"name":"wp","href":"https:\/\/api.w.org\/{rel}","templated":true}]}}