{"id":53567,"date":"2025-12-17T02:04:32","date_gmt":"2025-12-17T05:04:32","guid":{"rendered":"https:\/\/www.fetagrs.org.br\/?p=53567"},"modified":"2025-12-18T09:11:39","modified_gmt":"2025-12-18T12:11:39","slug":"fetag-rs-reforca-a-preservacao-do-bioma-pampa-no-dia-nacional","status":"publish","type":"post","link":"https:\/\/www.fetagrs.org.br\/?p=53567","title":{"rendered":"FETAG-RS refor\u00e7a a preserva\u00e7\u00e3o do Bioma Pampa no Dia Nacional"},"content":{"rendered":"<img loading=\"lazy\" decoding=\"async\" class=\"size-medium wp-image-53568 aligncenter\" src=\"http:\/\/www.fetagrs.org.br\/wp-content\/uploads\/2025\/12\/Imagem-do-WhatsApp-de-2025-12-16-as-16.41.51_27eb7a4f-300x225.jpg\" alt=\"\" width=\"300\" height=\"225\" \/>\n<p>O Dia Nacional do Bioma Pampa, celebrado em 17 de dezembro, reafirma a necessidade de reconhecer e proteger um dos territ\u00f3rios mais estrat\u00e9gicos para o desenvolvimento rural sustent\u00e1vel do Rio Grande do Sul. O Pampa \u00e9 base da biodiversidade, da produ\u00e7\u00e3o de alimentos e do modo de vida de milhares de fam\u00edlias agricultoras e pecuaristas familiares.<\/p>\n<p>A expressiva redu\u00e7\u00e3o da vegeta\u00e7\u00e3o natural nas \u00faltimas d\u00e9cadas, especialmente dos campos nativos, evidencia os impactos de modelos produtivos que desconsideram pr\u00e1ticas adequadas de manejo e conserva\u00e7\u00e3o. A degrada\u00e7\u00e3o dos campos compromete servi\u00e7os ecossist\u00eamicos essenciais, afeta a biodiversidade e fragiliza a sustentabilidade ambiental e social do Bioma Pampa.<\/p>\n<p>Diante desse cen\u00e1rio, a Federa\u00e7\u00e3o dos Trabalhadores na Agricultura do Rio Grande do Sul (FETAG-RS), integrada ao sistema CONTAG, assume papel estrat\u00e9gico na defesa do bioma ao articular a\u00e7\u00f5es que conciliam produ\u00e7\u00e3o, conserva\u00e7\u00e3o ambiental e perman\u00eancia das fam\u00edlias no campo. Por meio do Projeto Recupera\u00e7\u00e3o de Biomas, a Federa\u00e7\u00e3o atua diretamente na recupera\u00e7\u00e3o e conserva\u00e7\u00e3o dos campos nativos, fortalecendo a agricultura e a pecu\u00e1ria familiar a partir de pr\u00e1ticas produtivas sustent\u00e1veis e do uso respons\u00e1vel dos recursos naturais.<\/p>\n<p>Segundo o tesoureiro da FETAG-RS e coordenador do Projeto Recupera\u00e7\u00e3o de Biomas, Agnaldo Barcelos, a iniciativa demonstra que a preserva\u00e7\u00e3o ambiental e a produ\u00e7\u00e3o rural caminham juntas. \u201cO Projeto Recupera\u00e7\u00e3o de Biomas comprova que a pecu\u00e1ria familiar \u00e9 parte da solu\u00e7\u00e3o ambiental. Quando h\u00e1 orienta\u00e7\u00e3o t\u00e9cnica, pol\u00edticas p\u00fablicas e valoriza\u00e7\u00e3o das fam\u00edlias do campo, \u00e9 poss\u00edvel conservar os campos nativos, produzir alimentos e garantir renda, sem comprometer o futuro do Bioma Pampa\u201d, destaca.<\/p>\n<p>O projeto adota metodologias de restaura\u00e7\u00e3o ecol\u00f3gica adequadas \u00e0s realidades do campo, valorizando o conhecimento t\u00e9cnico e os saberes das fam\u00edlias pecuaristas. Os resultados j\u00e1 alcan\u00e7ados demonstram a efetividade dessa atua\u00e7\u00e3o: 1.414 fam\u00edlias envolvidas e 7.070 \u00e1reas de campo nativo recuperadas, consolidando a pecu\u00e1ria familiar como aliada estrat\u00e9gica na preserva\u00e7\u00e3o do Bioma Pampa.<\/p>\n<p>Para a FETAG-RS, a defesa do Pampa \u00e9 insepar\u00e1vel da defesa das fam\u00edlias que nele vivem e produzem. Preservar o bioma \u00e9 garantir soberania alimentar, justi\u00e7a social e equil\u00edbrio ambiental, assegurando que o desenvolvimento rural ocorra de forma sustent\u00e1vel e com valoriza\u00e7\u00e3o dos modos de vida do campo.<\/p>\n<p>Neste 17 de dezembro, a FETAG-RS reafirma seu compromisso com a constru\u00e7\u00e3o de pol\u00edticas p\u00fablicas e a\u00e7\u00f5es concretas que reconhe\u00e7am a agricultura e a pecu\u00e1ria familiar como protagonistas na conserva\u00e7\u00e3o do Bioma Pampa e na garantia de um futuro sustent\u00e1vel.<\/p>\n","protected":false},"excerpt":{"rendered":"<p>O Dia Nacional do Bioma Pampa, celebrado em 17 de dezembro, reafirma a necessidade de reconhecer e proteger um dos territ\u00f3rios mais estrat\u00e9gicos para o desenvolvimento rural sustent\u00e1vel do Rio Grande do Sul. O Pampa \u00e9 base da biodiversidade, da produ\u00e7\u00e3o de alimentos e do modo de vida de milhares de fam\u00edlias agricultoras e pecuaristas&#8230;  <a class=\"excerpt-read-more\" href=\"https:\/\/www.fetagrs.org.br\/?p=53567\" title=\"Read FETAG-RS refor\u00e7a a preserva\u00e7\u00e3o do Bioma Pampa no Dia Nacional\">Leia mais &raquo;<\/a><\/p>\n","protected":false},"author":10,"featured_media":53568,"comment_status":"open","ping_status":"open","sticky":false,"template":"","format":"standard","meta":{"footnotes":"","_links_to":"","_links_to_target":""},"categories":[4,3],"tags":[],"class_list":["post-53567","post","type-post","status-publish","format-standard","has-post-thumbnail","hentry","category-destaques","category-noticias"],"yoast_head":"<!-- This site is optimized with the Yoast SEO plugin v26.8 - https:\/\/yoast.com\/product\/yoast-seo-wordpress\/ -->\n<title>FETAG-RS refor\u00e7a a preserva\u00e7\u00e3o do Bioma Pampa no Dia Nacional - FETAG-RS<\/title>\n<meta name=\"robots\" content=\"index, follow, max-snippet:-1, max-image-preview:large, max-video-preview:-1\" \/>\n<link rel=\"canonical\" href=\"https:\/\/www.fetagrs.org.br\/?p=53567\" \/>\n<meta property=\"og:locale\" content=\"pt_BR\" \/>\n<meta property=\"og:type\" content=\"article\" \/>\n<meta property=\"og:title\" content=\"FETAG-RS refor\u00e7a a preserva\u00e7\u00e3o do Bioma Pampa no Dia Nacional - FETAG-RS\" \/>\n<meta property=\"og:description\" content=\"O Dia Nacional do Bioma Pampa, celebrado em 17 de dezembro, reafirma a necessidade de reconhecer e proteger um dos territ\u00f3rios mais estrat\u00e9gicos para o desenvolvimento rural sustent\u00e1vel do Rio Grande do Sul. O Pampa \u00e9 base da biodiversidade, da produ\u00e7\u00e3o de alimentos e do modo de vida de milhares de fam\u00edlias agricultoras e pecuaristas... Leia mais &raquo;\" \/>\n<meta property=\"og:url\" content=\"https:\/\/www.fetagrs.org.br\/?p=53567\" \/>\n<meta property=\"og:site_name\" content=\"FETAG-RS\" \/>\n<meta property=\"article:publisher\" content=\"https:\/\/www.facebook.com\/fetagrs\" \/>\n<meta property=\"article:published_time\" content=\"2025-12-17T05:04:32+00:00\" \/>\n<meta property=\"article:modified_time\" content=\"2025-12-18T12:11:39+00:00\" \/>\n<meta property=\"og:image\" content=\"https:\/\/www.fetagrs.org.br\/wp-content\/uploads\/2025\/12\/Imagem-do-WhatsApp-de-2025-12-16-as-16.41.51_27eb7a4f-e1765947823103.jpg\" \/>\n\t<meta property=\"og:image:width\" content=\"850\" \/>\n\t<meta property=\"og:image:height\" content=\"638\" \/>\n\t<meta property=\"og:image:type\" content=\"image\/jpeg\" \/>\n<meta name=\"author\" content=\"Camila dos Santos\" \/>\n<meta name=\"twitter:card\" content=\"summary_large_image\" \/>\n<script type=\"application\/ld+json\" class=\"yoast-schema-graph\">{\"@context\":\"https:\/\/schema.org\",\"@graph\":[{\"@type\":\"Article\",\"@id\":\"https:\/\/www.fetagrs.org.br\/?p=53567#article\",\"isPartOf\":{\"@id\":\"https:\/\/www.fetagrs.org.br\/?p=53567\"},\"author\":{\"name\":\"Camila dos Santos\",\"@id\":\"https:\/\/www.fetagrs.org.br\/#\/schema\/person\/414925669ddee89f2bb52fcc97310ea8\"},\"headline\":\"FETAG-RS refor\u00e7a a preserva\u00e7\u00e3o do Bioma Pampa no Dia Nacional\",\"datePublished\":\"2025-12-17T05:04:32+00:00\",\"dateModified\":\"2025-12-18T12:11:39+00:00\",\"mainEntityOfPage\":{\"@id\":\"https:\/\/www.fetagrs.org.br\/?p=53567\"},\"wordCount\":465,\"commentCount\":0,\"publisher\":{\"@id\":\"https:\/\/www.fetagrs.org.br\/#organization\"},\"image\":{\"@id\":\"https:\/\/www.fetagrs.org.br\/?p=53567#primaryimage\"},\"thumbnailUrl\":\"https:\/\/www.fetagrs.org.br\/wp-content\/uploads\/2025\/12\/Imagem-do-WhatsApp-de-2025-12-16-as-16.41.51_27eb7a4f-e1765947823103.jpg\",\"articleSection\":[\"Destaques\",\"Not\u00edcias\"],\"inLanguage\":\"pt-BR\",\"potentialAction\":[{\"@type\":\"CommentAction\",\"name\":\"Comment\",\"target\":[\"https:\/\/www.fetagrs.org.br\/?p=53567#respond\"]}]},{\"@type\":\"WebPage\",\"@id\":\"https:\/\/www.fetagrs.org.br\/?p=53567\",\"url\":\"https:\/\/www.fetagrs.org.br\/?p=53567\",\"name\":\"FETAG-RS refor\u00e7a a preserva\u00e7\u00e3o do Bioma Pampa no Dia Nacional - FETAG-RS\",\"isPartOf\":{\"@id\":\"https:\/\/www.fetagrs.org.br\/#website\"},\"primaryImageOfPage\":{\"@id\":\"https:\/\/www.fetagrs.org.br\/?p=53567#primaryimage\"},\"image\":{\"@id\":\"https:\/\/www.fetagrs.org.br\/?p=53567#primaryimage\"},\"thumbnailUrl\":\"https:\/\/www.fetagrs.org.br\/wp-content\/uploads\/2025\/12\/Imagem-do-WhatsApp-de-2025-12-16-as-16.41.51_27eb7a4f-e1765947823103.jpg\",\"datePublished\":\"2025-12-17T05:04:32+00:00\",\"dateModified\":\"2025-12-18T12:11:39+00:00\",\"breadcrumb\":{\"@id\":\"https:\/\/www.fetagrs.org.br\/?p=53567#breadcrumb\"},\"inLanguage\":\"pt-BR\",\"potentialAction\":[{\"@type\":\"ReadAction\",\"target\":[\"https:\/\/www.fetagrs.org.br\/?p=53567\"]}]},{\"@type\":\"ImageObject\",\"inLanguage\":\"pt-BR\",\"@id\":\"https:\/\/www.fetagrs.org.br\/?p=53567#primaryimage\",\"url\":\"https:\/\/www.fetagrs.org.br\/wp-content\/uploads\/2025\/12\/Imagem-do-WhatsApp-de-2025-12-16-as-16.41.51_27eb7a4f-e1765947823103.jpg\",\"contentUrl\":\"https:\/\/www.fetagrs.org.br\/wp-content\/uploads\/2025\/12\/Imagem-do-WhatsApp-de-2025-12-16-as-16.41.51_27eb7a4f-e1765947823103.jpg\",\"width\":850,\"height\":638},{\"@type\":\"BreadcrumbList\",\"@id\":\"https:\/\/www.fetagrs.org.br\/?p=53567#breadcrumb\",\"itemListElement\":[{\"@type\":\"ListItem\",\"position\":1,\"name\":\"In\u00edcio\",\"item\":\"https:\/\/www.fetagrs.org.br\/\"},{\"@type\":\"ListItem\",\"position\":2,\"name\":\"FETAG-RS refor\u00e7a a preserva\u00e7\u00e3o do Bioma Pampa no Dia Nacional\"}]},{\"@type\":\"WebSite\",\"@id\":\"https:\/\/www.fetagrs.org.br\/#website\",\"url\":\"https:\/\/www.fetagrs.org.br\/\",\"name\":\"FETAG-RS\",\"description\":\"Federa\u00e7\u00e3o dos Trabalhadores na Agricultura no RS\",\"publisher\":{\"@id\":\"https:\/\/www.fetagrs.org.br\/#organization\"},\"potentialAction\":[{\"@type\":\"SearchAction\",\"target\":{\"@type\":\"EntryPoint\",\"urlTemplate\":\"https:\/\/www.fetagrs.org.br\/?s={search_term_string}\"},\"query-input\":{\"@type\":\"PropertyValueSpecification\",\"valueRequired\":true,\"valueName\":\"search_term_string\"}}],\"inLanguage\":\"pt-BR\"},{\"@type\":\"Organization\",\"@id\":\"https:\/\/www.fetagrs.org.br\/#organization\",\"name\":\"Federa\u00e7\u00e3o dos Trabalhadores na Agricultura no Rio Grande do Sul\",\"url\":\"https:\/\/www.fetagrs.org.br\/\",\"logo\":{\"@type\":\"ImageObject\",\"inLanguage\":\"pt-BR\",\"@id\":\"https:\/\/www.fetagrs.org.br\/#\/schema\/logo\/image\/\",\"url\":\"http:\/\/fetagrs.org.br\/wp-content\/uploads\/2020\/12\/FETAG-RS.jpg\",\"contentUrl\":\"http:\/\/fetagrs.org.br\/wp-content\/uploads\/2020\/12\/FETAG-RS.jpg\",\"width\":561,\"height\":598,\"caption\":\"Federa\u00e7\u00e3o dos Trabalhadores na Agricultura no Rio Grande do Sul\"},\"image\":{\"@id\":\"https:\/\/www.fetagrs.org.br\/#\/schema\/logo\/image\/\"},\"sameAs\":[\"https:\/\/www.facebook.com\/fetagrs\",\"https:\/\/www.instagram.com\/fetagrs\/\",\"https:\/\/www.youtube.com\/c\/TVFETAGRS\/featured\"]},{\"@type\":\"Person\",\"@id\":\"https:\/\/www.fetagrs.org.br\/#\/schema\/person\/414925669ddee89f2bb52fcc97310ea8\",\"name\":\"Camila dos Santos\",\"image\":{\"@type\":\"ImageObject\",\"inLanguage\":\"pt-BR\",\"@id\":\"https:\/\/www.fetagrs.org.br\/#\/schema\/person\/image\/\",\"url\":\"https:\/\/secure.gravatar.com\/avatar\/177064ae07f49fc3b530bc0911ff4424e621528eb067022c8663e5f4c4031fa8?s=96&d=mm&r=g\",\"contentUrl\":\"https:\/\/secure.gravatar.com\/avatar\/177064ae07f49fc3b530bc0911ff4424e621528eb067022c8663e5f4c4031fa8?s=96&d=mm&r=g\",\"caption\":\"Camila dos Santos\"},\"url\":\"https:\/\/www.fetagrs.org.br\/?author=10\"}]}<\/script>\n<!-- \/ Yoast SEO plugin. -->","yoast_head_json":{"title":"FETAG-RS refor\u00e7a a preserva\u00e7\u00e3o do Bioma Pampa no Dia Nacional - FETAG-RS","robots":{"index":"index","follow":"follow","max-snippet":"max-snippet:-1","max-image-preview":"max-image-preview:large","max-video-preview":"max-video-preview:-1"},"canonical":"https:\/\/www.fetagrs.org.br\/?p=53567","og_locale":"pt_BR","og_type":"article","og_title":"FETAG-RS refor\u00e7a a preserva\u00e7\u00e3o do Bioma Pampa no Dia Nacional - FETAG-RS","og_description":"O Dia Nacional do Bioma Pampa, celebrado em 17 de dezembro, reafirma a necessidade de reconhecer e proteger um dos territ\u00f3rios mais estrat\u00e9gicos para o desenvolvimento rural sustent\u00e1vel do Rio Grande do Sul. O Pampa \u00e9 base da biodiversidade, da produ\u00e7\u00e3o de alimentos e do modo de vida de milhares de fam\u00edlias agricultoras e pecuaristas... Leia mais &raquo;","og_url":"https:\/\/www.fetagrs.org.br\/?p=53567","og_site_name":"FETAG-RS","article_publisher":"https:\/\/www.facebook.com\/fetagrs","article_published_time":"2025-12-17T05:04:32+00:00","article_modified_time":"2025-12-18T12:11:39+00:00","og_image":[{"width":850,"height":638,"url":"https:\/\/www.fetagrs.org.br\/wp-content\/uploads\/2025\/12\/Imagem-do-WhatsApp-de-2025-12-16-as-16.41.51_27eb7a4f-e1765947823103.jpg","type":"image\/jpeg"}],"author":"Camila dos Santos","twitter_card":"summary_large_image","schema":{"@context":"https:\/\/schema.org","@graph":[{"@type":"Article","@id":"https:\/\/www.fetagrs.org.br\/?p=53567#article","isPartOf":{"@id":"https:\/\/www.fetagrs.org.br\/?p=53567"},"author":{"name":"Camila dos Santos","@id":"https:\/\/www.fetagrs.org.br\/#\/schema\/person\/414925669ddee89f2bb52fcc97310ea8"},"headline":"FETAG-RS refor\u00e7a a preserva\u00e7\u00e3o do Bioma Pampa no Dia Nacional","datePublished":"2025-12-17T05:04:32+00:00","dateModified":"2025-12-18T12:11:39+00:00","mainEntityOfPage":{"@id":"https:\/\/www.fetagrs.org.br\/?p=53567"},"wordCount":465,"commentCount":0,"publisher":{"@id":"https:\/\/www.fetagrs.org.br\/#organization"},"image":{"@id":"https:\/\/www.fetagrs.org.br\/?p=53567#primaryimage"},"thumbnailUrl":"https:\/\/www.fetagrs.org.br\/wp-content\/uploads\/2025\/12\/Imagem-do-WhatsApp-de-2025-12-16-as-16.41.51_27eb7a4f-e1765947823103.jpg","articleSection":["Destaques","Not\u00edcias"],"inLanguage":"pt-BR","potentialAction":[{"@type":"CommentAction","name":"Comment","target":["https:\/\/www.fetagrs.org.br\/?p=53567#respond"]}]},{"@type":"WebPage","@id":"https:\/\/www.fetagrs.org.br\/?p=53567","url":"https:\/\/www.fetagrs.org.br\/?p=53567","name":"FETAG-RS refor\u00e7a a preserva\u00e7\u00e3o do Bioma Pampa no Dia Nacional - FETAG-RS","isPartOf":{"@id":"https:\/\/www.fetagrs.org.br\/#website"},"primaryImageOfPage":{"@id":"https:\/\/www.fetagrs.org.br\/?p=53567#primaryimage"},"image":{"@id":"https:\/\/www.fetagrs.org.br\/?p=53567#primaryimage"},"thumbnailUrl":"https:\/\/www.fetagrs.org.br\/wp-content\/uploads\/2025\/12\/Imagem-do-WhatsApp-de-2025-12-16-as-16.41.51_27eb7a4f-e1765947823103.jpg","datePublished":"2025-12-17T05:04:32+00:00","dateModified":"2025-12-18T12:11:39+00:00","breadcrumb":{"@id":"https:\/\/www.fetagrs.org.br\/?p=53567#breadcrumb"},"inLanguage":"pt-BR","potentialAction":[{"@type":"ReadAction","target":["https:\/\/www.fetagrs.org.br\/?p=53567"]}]},{"@type":"ImageObject","inLanguage":"pt-BR","@id":"https:\/\/www.fetagrs.org.br\/?p=53567#primaryimage","url":"https:\/\/www.fetagrs.org.br\/wp-content\/uploads\/2025\/12\/Imagem-do-WhatsApp-de-2025-12-16-as-16.41.51_27eb7a4f-e1765947823103.jpg","contentUrl":"https:\/\/www.fetagrs.org.br\/wp-content\/uploads\/2025\/12\/Imagem-do-WhatsApp-de-2025-12-16-as-16.41.51_27eb7a4f-e1765947823103.jpg","width":850,"height":638},{"@type":"BreadcrumbList","@id":"https:\/\/www.fetagrs.org.br\/?p=53567#breadcrumb","itemListElement":[{"@type":"ListItem","position":1,"name":"In\u00edcio","item":"https:\/\/www.fetagrs.org.br\/"},{"@type":"ListItem","position":2,"name":"FETAG-RS refor\u00e7a a preserva\u00e7\u00e3o do Bioma Pampa no Dia Nacional"}]},{"@type":"WebSite","@id":"https:\/\/www.fetagrs.org.br\/#website","url":"https:\/\/www.fetagrs.org.br\/","name":"FETAG-RS","description":"Federa\u00e7\u00e3o dos Trabalhadores na Agricultura no RS","publisher":{"@id":"https:\/\/www.fetagrs.org.br\/#organization"},"potentialAction":[{"@type":"SearchAction","target":{"@type":"EntryPoint","urlTemplate":"https:\/\/www.fetagrs.org.br\/?s={search_term_string}"},"query-input":{"@type":"PropertyValueSpecification","valueRequired":true,"valueName":"search_term_string"}}],"inLanguage":"pt-BR"},{"@type":"Organization","@id":"https:\/\/www.fetagrs.org.br\/#organization","name":"Federa\u00e7\u00e3o dos Trabalhadores na Agricultura no Rio Grande do Sul","url":"https:\/\/www.fetagrs.org.br\/","logo":{"@type":"ImageObject","inLanguage":"pt-BR","@id":"https:\/\/www.fetagrs.org.br\/#\/schema\/logo\/image\/","url":"http:\/\/fetagrs.org.br\/wp-content\/uploads\/2020\/12\/FETAG-RS.jpg","contentUrl":"http:\/\/fetagrs.org.br\/wp-content\/uploads\/2020\/12\/FETAG-RS.jpg","width":561,"height":598,"caption":"Federa\u00e7\u00e3o dos Trabalhadores na Agricultura no Rio Grande do Sul"},"image":{"@id":"https:\/\/www.fetagrs.org.br\/#\/schema\/logo\/image\/"},"sameAs":["https:\/\/www.facebook.com\/fetagrs","https:\/\/www.instagram.com\/fetagrs\/","https:\/\/www.youtube.com\/c\/TVFETAGRS\/featured"]},{"@type":"Person","@id":"https:\/\/www.fetagrs.org.br\/#\/schema\/person\/414925669ddee89f2bb52fcc97310ea8","name":"Camila dos Santos","image":{"@type":"ImageObject","inLanguage":"pt-BR","@id":"https:\/\/www.fetagrs.org.br\/#\/schema\/person\/image\/","url":"https:\/\/secure.gravatar.com\/avatar\/177064ae07f49fc3b530bc0911ff4424e621528eb067022c8663e5f4c4031fa8?s=96&d=mm&r=g","contentUrl":"https:\/\/secure.gravatar.com\/avatar\/177064ae07f49fc3b530bc0911ff4424e621528eb067022c8663e5f4c4031fa8?s=96&d=mm&r=g","caption":"Camila dos Santos"},"url":"https:\/\/www.fetagrs.org.br\/?author=10"}]}},"_links":{"self":[{"href":"https:\/\/www.fetagrs.org.br\/index.php?rest_route=\/wp\/v2\/posts\/53567","targetHints":{"allow":["GET"]}}],"collection":[{"href":"https:\/\/www.fetagrs.org.br\/index.php?rest_route=\/wp\/v2\/posts"}],"about":[{"href":"https:\/\/www.fetagrs.org.br\/index.php?rest_route=\/wp\/v2\/types\/post"}],"author":[{"embeddable":true,"href":"https:\/\/www.fetagrs.org.br\/index.php?rest_route=\/wp\/v2\/users\/10"}],"replies":[{"embeddable":true,"href":"https:\/\/www.fetagrs.org.br\/index.php?rest_route=%2Fwp%2Fv2%2Fcomments&post=53567"}],"version-history":[{"count":3,"href":"https:\/\/www.fetagrs.org.br\/index.php?rest_route=\/wp\/v2\/posts\/53567\/revisions"}],"predecessor-version":[{"id":53571,"href":"https:\/\/www.fetagrs.org.br\/index.php?rest_route=\/wp\/v2\/posts\/53567\/revisions\/53571"}],"wp:featuredmedia":[{"embeddable":true,"href":"https:\/\/www.fetagrs.org.br\/index.php?rest_route=\/wp\/v2\/media\/53568"}],"wp:attachment":[{"href":"https:\/\/www.fetagrs.org.br\/index.php?rest_route=%2Fwp%2Fv2%2Fmedia&parent=53567"}],"wp:term":[{"taxonomy":"category","embeddable":true,"href":"https:\/\/www.fetagrs.org.br\/index.php?rest_route=%2Fwp%2Fv2%2Fcategories&post=53567"},{"taxonomy":"post_tag","embeddable":true,"href":"https:\/\/www.fetagrs.org.br\/index.php?rest_route=%2Fwp%2Fv2%2Ftags&post=53567"}],"curies":[{"name":"wp","href":"https:\/\/api.w.org\/{rel}","templated":true}]}}