{"id":53377,"date":"2025-10-01T08:15:43","date_gmt":"2025-10-01T11:15:43","guid":{"rendered":"https:\/\/www.fetagrs.org.br\/?p=53377"},"modified":"2025-10-01T08:15:43","modified_gmt":"2025-10-01T11:15:43","slug":"dia-internacional-da-pessoa-idosa","status":"publish","type":"post","link":"https:\/\/www.fetagrs.org.br\/?p=53377","title":{"rendered":"Dia Internacional da Pessoa Idosa"},"content":{"rendered":"<p>&nbsp;<\/p>\n<img loading=\"lazy\" decoding=\"async\" class=\"size-medium wp-image-53378 aligncenter\" src=\"http:\/\/www.fetagrs.org.br\/wp-content\/uploads\/2025\/10\/Imagem-do-WhatsApp-de-2025-10-01-as-08.11.57_93c620cd-240x300.jpg\" alt=\"\" width=\"240\" height=\"300\" \/>\n<p>Neste 1\u00ba de outubro, Dia Internacional da Pessoa Idosa, a Fetag-RS refor\u00e7a a import\u00e2ncia de valorizar quem dedicou sua vida ao trabalho, \u00e0 fam\u00edlia e ao desenvolvimento da sociedade.<\/p>\n<p>As pessoas idosas carregam consigo hist\u00f3rias, saberes e experi\u00eancias que precisam ser reconhecidos e respeitados. No campo, especialmente, s\u00e3o guardi\u00e3s da mem\u00f3ria da agricultura e pecu\u00e1ria familiar, respons\u00e1veis por transmitir tradi\u00e7\u00f5es, culturas e valores que fortalecem nossas comunidades.<\/p>\n<p>Celebrar esta data \u00e9 tamb\u00e9m reafirmar a necessidade de pol\u00edticas p\u00fablicas que assegurem dignidade, qualidade de vida e inclus\u00e3o social, garantindo o direito ao envelhecimento ativo, saud\u00e1vel e participativo.<\/p>\n<p>A Fetag-RS, por meio de sua Coordenadoria de Mulheres e Aposentados, segue comprometida em lutar por melhorias para a popula\u00e7\u00e3o idosa, defendendo direitos e ampliando espa\u00e7os de di\u00e1logo e conviv\u00eancia.<\/p>\n<p>Hoje, homenageamos cada pessoa idosa que, com dedica\u00e7\u00e3o e coragem, construiu caminhos que hoje seguimos. Respeitar e valorizar os idosos \u00e9 um dever coletivo e um compromisso de toda a sociedade.<\/p>\n","protected":false},"excerpt":{"rendered":"<p>&nbsp; Neste 1\u00ba de outubro, Dia Internacional da Pessoa Idosa, a Fetag-RS refor\u00e7a a import\u00e2ncia de valorizar quem dedicou sua vida ao trabalho, \u00e0 fam\u00edlia e ao desenvolvimento da sociedade. As pessoas idosas carregam consigo hist\u00f3rias, saberes e experi\u00eancias que precisam ser reconhecidos e respeitados. No campo, especialmente, s\u00e3o guardi\u00e3s da mem\u00f3ria da agricultura e&#8230;  <a class=\"excerpt-read-more\" href=\"https:\/\/www.fetagrs.org.br\/?p=53377\" title=\"Read Dia Internacional da Pessoa Idosa\">Leia mais &raquo;<\/a><\/p>\n","protected":false},"author":10,"featured_media":53378,"comment_status":"open","ping_status":"open","sticky":false,"template":"","format":"standard","meta":{"footnotes":"","_links_to":"","_links_to_target":""},"categories":[4,3],"tags":[],"class_list":["post-53377","post","type-post","status-publish","format-standard","has-post-thumbnail","hentry","category-destaques","category-noticias"],"yoast_head":"<!-- This site is optimized with the Yoast SEO plugin v26.8 - https:\/\/yoast.com\/product\/yoast-seo-wordpress\/ -->\n<title>Dia Internacional da Pessoa Idosa - FETAG-RS<\/title>\n<meta name=\"robots\" content=\"index, follow, max-snippet:-1, max-image-preview:large, max-video-preview:-1\" \/>\n<link rel=\"canonical\" href=\"https:\/\/www.fetagrs.org.br\/?p=53377\" \/>\n<meta property=\"og:locale\" content=\"pt_BR\" \/>\n<meta property=\"og:type\" content=\"article\" \/>\n<meta property=\"og:title\" content=\"Dia Internacional da Pessoa Idosa - FETAG-RS\" \/>\n<meta property=\"og:description\" content=\"&nbsp; Neste 1\u00ba de outubro, Dia Internacional da Pessoa Idosa, a Fetag-RS refor\u00e7a a import\u00e2ncia de valorizar quem dedicou sua vida ao trabalho, \u00e0 fam\u00edlia e ao desenvolvimento da sociedade. As pessoas idosas carregam consigo hist\u00f3rias, saberes e experi\u00eancias que precisam ser reconhecidos e respeitados. No campo, especialmente, s\u00e3o guardi\u00e3s da mem\u00f3ria da agricultura e... Leia mais &raquo;\" \/>\n<meta property=\"og:url\" content=\"https:\/\/www.fetagrs.org.br\/?p=53377\" \/>\n<meta property=\"og:site_name\" content=\"FETAG-RS\" \/>\n<meta property=\"article:publisher\" content=\"https:\/\/www.facebook.com\/fetagrs\" \/>\n<meta property=\"article:published_time\" content=\"2025-10-01T11:15:43+00:00\" \/>\n<meta property=\"og:image\" content=\"https:\/\/www.fetagrs.org.br\/wp-content\/uploads\/2025\/10\/Imagem-do-WhatsApp-de-2025-10-01-as-08.11.57_93c620cd-e1759317289646.jpg\" \/>\n\t<meta property=\"og:image:width\" content=\"890\" \/>\n\t<meta property=\"og:image:height\" content=\"1113\" \/>\n\t<meta property=\"og:image:type\" content=\"image\/jpeg\" \/>\n<meta name=\"author\" content=\"Camila dos Santos\" \/>\n<meta name=\"twitter:card\" content=\"summary_large_image\" \/>\n<script type=\"application\/ld+json\" class=\"yoast-schema-graph\">{\"@context\":\"https:\/\/schema.org\",\"@graph\":[{\"@type\":\"Article\",\"@id\":\"https:\/\/www.fetagrs.org.br\/?p=53377#article\",\"isPartOf\":{\"@id\":\"https:\/\/www.fetagrs.org.br\/?p=53377\"},\"author\":{\"name\":\"Camila dos Santos\",\"@id\":\"https:\/\/www.fetagrs.org.br\/#\/schema\/person\/414925669ddee89f2bb52fcc97310ea8\"},\"headline\":\"Dia Internacional da Pessoa Idosa\",\"datePublished\":\"2025-10-01T11:15:43+00:00\",\"mainEntityOfPage\":{\"@id\":\"https:\/\/www.fetagrs.org.br\/?p=53377\"},\"wordCount\":180,\"commentCount\":0,\"publisher\":{\"@id\":\"https:\/\/www.fetagrs.org.br\/#organization\"},\"image\":{\"@id\":\"https:\/\/www.fetagrs.org.br\/?p=53377#primaryimage\"},\"thumbnailUrl\":\"https:\/\/www.fetagrs.org.br\/wp-content\/uploads\/2025\/10\/Imagem-do-WhatsApp-de-2025-10-01-as-08.11.57_93c620cd-e1759317289646.jpg\",\"articleSection\":[\"Destaques\",\"Not\u00edcias\"],\"inLanguage\":\"pt-BR\",\"potentialAction\":[{\"@type\":\"CommentAction\",\"name\":\"Comment\",\"target\":[\"https:\/\/www.fetagrs.org.br\/?p=53377#respond\"]}]},{\"@type\":\"WebPage\",\"@id\":\"https:\/\/www.fetagrs.org.br\/?p=53377\",\"url\":\"https:\/\/www.fetagrs.org.br\/?p=53377\",\"name\":\"Dia Internacional da Pessoa Idosa - FETAG-RS\",\"isPartOf\":{\"@id\":\"https:\/\/www.fetagrs.org.br\/#website\"},\"primaryImageOfPage\":{\"@id\":\"https:\/\/www.fetagrs.org.br\/?p=53377#primaryimage\"},\"image\":{\"@id\":\"https:\/\/www.fetagrs.org.br\/?p=53377#primaryimage\"},\"thumbnailUrl\":\"https:\/\/www.fetagrs.org.br\/wp-content\/uploads\/2025\/10\/Imagem-do-WhatsApp-de-2025-10-01-as-08.11.57_93c620cd-e1759317289646.jpg\",\"datePublished\":\"2025-10-01T11:15:43+00:00\",\"breadcrumb\":{\"@id\":\"https:\/\/www.fetagrs.org.br\/?p=53377#breadcrumb\"},\"inLanguage\":\"pt-BR\",\"potentialAction\":[{\"@type\":\"ReadAction\",\"target\":[\"https:\/\/www.fetagrs.org.br\/?p=53377\"]}]},{\"@type\":\"ImageObject\",\"inLanguage\":\"pt-BR\",\"@id\":\"https:\/\/www.fetagrs.org.br\/?p=53377#primaryimage\",\"url\":\"https:\/\/www.fetagrs.org.br\/wp-content\/uploads\/2025\/10\/Imagem-do-WhatsApp-de-2025-10-01-as-08.11.57_93c620cd-e1759317289646.jpg\",\"contentUrl\":\"https:\/\/www.fetagrs.org.br\/wp-content\/uploads\/2025\/10\/Imagem-do-WhatsApp-de-2025-10-01-as-08.11.57_93c620cd-e1759317289646.jpg\",\"width\":890,\"height\":1113},{\"@type\":\"BreadcrumbList\",\"@id\":\"https:\/\/www.fetagrs.org.br\/?p=53377#breadcrumb\",\"itemListElement\":[{\"@type\":\"ListItem\",\"position\":1,\"name\":\"In\u00edcio\",\"item\":\"https:\/\/www.fetagrs.org.br\/\"},{\"@type\":\"ListItem\",\"position\":2,\"name\":\"Dia Internacional da Pessoa Idosa\"}]},{\"@type\":\"WebSite\",\"@id\":\"https:\/\/www.fetagrs.org.br\/#website\",\"url\":\"https:\/\/www.fetagrs.org.br\/\",\"name\":\"FETAG-RS\",\"description\":\"Federa\u00e7\u00e3o dos Trabalhadores na Agricultura no RS\",\"publisher\":{\"@id\":\"https:\/\/www.fetagrs.org.br\/#organization\"},\"potentialAction\":[{\"@type\":\"SearchAction\",\"target\":{\"@type\":\"EntryPoint\",\"urlTemplate\":\"https:\/\/www.fetagrs.org.br\/?s={search_term_string}\"},\"query-input\":{\"@type\":\"PropertyValueSpecification\",\"valueRequired\":true,\"valueName\":\"search_term_string\"}}],\"inLanguage\":\"pt-BR\"},{\"@type\":\"Organization\",\"@id\":\"https:\/\/www.fetagrs.org.br\/#organization\",\"name\":\"Federa\u00e7\u00e3o dos Trabalhadores na Agricultura no Rio Grande do Sul\",\"url\":\"https:\/\/www.fetagrs.org.br\/\",\"logo\":{\"@type\":\"ImageObject\",\"inLanguage\":\"pt-BR\",\"@id\":\"https:\/\/www.fetagrs.org.br\/#\/schema\/logo\/image\/\",\"url\":\"http:\/\/fetagrs.org.br\/wp-content\/uploads\/2020\/12\/FETAG-RS.jpg\",\"contentUrl\":\"http:\/\/fetagrs.org.br\/wp-content\/uploads\/2020\/12\/FETAG-RS.jpg\",\"width\":561,\"height\":598,\"caption\":\"Federa\u00e7\u00e3o dos Trabalhadores na Agricultura no Rio Grande do Sul\"},\"image\":{\"@id\":\"https:\/\/www.fetagrs.org.br\/#\/schema\/logo\/image\/\"},\"sameAs\":[\"https:\/\/www.facebook.com\/fetagrs\",\"https:\/\/www.instagram.com\/fetagrs\/\",\"https:\/\/www.youtube.com\/c\/TVFETAGRS\/featured\"]},{\"@type\":\"Person\",\"@id\":\"https:\/\/www.fetagrs.org.br\/#\/schema\/person\/414925669ddee89f2bb52fcc97310ea8\",\"name\":\"Camila dos Santos\",\"image\":{\"@type\":\"ImageObject\",\"inLanguage\":\"pt-BR\",\"@id\":\"https:\/\/www.fetagrs.org.br\/#\/schema\/person\/image\/\",\"url\":\"https:\/\/secure.gravatar.com\/avatar\/177064ae07f49fc3b530bc0911ff4424e621528eb067022c8663e5f4c4031fa8?s=96&d=mm&r=g\",\"contentUrl\":\"https:\/\/secure.gravatar.com\/avatar\/177064ae07f49fc3b530bc0911ff4424e621528eb067022c8663e5f4c4031fa8?s=96&d=mm&r=g\",\"caption\":\"Camila dos Santos\"},\"url\":\"https:\/\/www.fetagrs.org.br\/?author=10\"}]}<\/script>\n<!-- \/ Yoast SEO plugin. -->","yoast_head_json":{"title":"Dia Internacional da Pessoa Idosa - FETAG-RS","robots":{"index":"index","follow":"follow","max-snippet":"max-snippet:-1","max-image-preview":"max-image-preview:large","max-video-preview":"max-video-preview:-1"},"canonical":"https:\/\/www.fetagrs.org.br\/?p=53377","og_locale":"pt_BR","og_type":"article","og_title":"Dia Internacional da Pessoa Idosa - FETAG-RS","og_description":"&nbsp; Neste 1\u00ba de outubro, Dia Internacional da Pessoa Idosa, a Fetag-RS refor\u00e7a a import\u00e2ncia de valorizar quem dedicou sua vida ao trabalho, \u00e0 fam\u00edlia e ao desenvolvimento da sociedade. As pessoas idosas carregam consigo hist\u00f3rias, saberes e experi\u00eancias que precisam ser reconhecidos e respeitados. No campo, especialmente, s\u00e3o guardi\u00e3s da mem\u00f3ria da agricultura e... Leia mais &raquo;","og_url":"https:\/\/www.fetagrs.org.br\/?p=53377","og_site_name":"FETAG-RS","article_publisher":"https:\/\/www.facebook.com\/fetagrs","article_published_time":"2025-10-01T11:15:43+00:00","og_image":[{"width":890,"height":1113,"url":"https:\/\/www.fetagrs.org.br\/wp-content\/uploads\/2025\/10\/Imagem-do-WhatsApp-de-2025-10-01-as-08.11.57_93c620cd-e1759317289646.jpg","type":"image\/jpeg"}],"author":"Camila dos Santos","twitter_card":"summary_large_image","schema":{"@context":"https:\/\/schema.org","@graph":[{"@type":"Article","@id":"https:\/\/www.fetagrs.org.br\/?p=53377#article","isPartOf":{"@id":"https:\/\/www.fetagrs.org.br\/?p=53377"},"author":{"name":"Camila dos Santos","@id":"https:\/\/www.fetagrs.org.br\/#\/schema\/person\/414925669ddee89f2bb52fcc97310ea8"},"headline":"Dia Internacional da Pessoa Idosa","datePublished":"2025-10-01T11:15:43+00:00","mainEntityOfPage":{"@id":"https:\/\/www.fetagrs.org.br\/?p=53377"},"wordCount":180,"commentCount":0,"publisher":{"@id":"https:\/\/www.fetagrs.org.br\/#organization"},"image":{"@id":"https:\/\/www.fetagrs.org.br\/?p=53377#primaryimage"},"thumbnailUrl":"https:\/\/www.fetagrs.org.br\/wp-content\/uploads\/2025\/10\/Imagem-do-WhatsApp-de-2025-10-01-as-08.11.57_93c620cd-e1759317289646.jpg","articleSection":["Destaques","Not\u00edcias"],"inLanguage":"pt-BR","potentialAction":[{"@type":"CommentAction","name":"Comment","target":["https:\/\/www.fetagrs.org.br\/?p=53377#respond"]}]},{"@type":"WebPage","@id":"https:\/\/www.fetagrs.org.br\/?p=53377","url":"https:\/\/www.fetagrs.org.br\/?p=53377","name":"Dia Internacional da Pessoa Idosa - FETAG-RS","isPartOf":{"@id":"https:\/\/www.fetagrs.org.br\/#website"},"primaryImageOfPage":{"@id":"https:\/\/www.fetagrs.org.br\/?p=53377#primaryimage"},"image":{"@id":"https:\/\/www.fetagrs.org.br\/?p=53377#primaryimage"},"thumbnailUrl":"https:\/\/www.fetagrs.org.br\/wp-content\/uploads\/2025\/10\/Imagem-do-WhatsApp-de-2025-10-01-as-08.11.57_93c620cd-e1759317289646.jpg","datePublished":"2025-10-01T11:15:43+00:00","breadcrumb":{"@id":"https:\/\/www.fetagrs.org.br\/?p=53377#breadcrumb"},"inLanguage":"pt-BR","potentialAction":[{"@type":"ReadAction","target":["https:\/\/www.fetagrs.org.br\/?p=53377"]}]},{"@type":"ImageObject","inLanguage":"pt-BR","@id":"https:\/\/www.fetagrs.org.br\/?p=53377#primaryimage","url":"https:\/\/www.fetagrs.org.br\/wp-content\/uploads\/2025\/10\/Imagem-do-WhatsApp-de-2025-10-01-as-08.11.57_93c620cd-e1759317289646.jpg","contentUrl":"https:\/\/www.fetagrs.org.br\/wp-content\/uploads\/2025\/10\/Imagem-do-WhatsApp-de-2025-10-01-as-08.11.57_93c620cd-e1759317289646.jpg","width":890,"height":1113},{"@type":"BreadcrumbList","@id":"https:\/\/www.fetagrs.org.br\/?p=53377#breadcrumb","itemListElement":[{"@type":"ListItem","position":1,"name":"In\u00edcio","item":"https:\/\/www.fetagrs.org.br\/"},{"@type":"ListItem","position":2,"name":"Dia Internacional da Pessoa Idosa"}]},{"@type":"WebSite","@id":"https:\/\/www.fetagrs.org.br\/#website","url":"https:\/\/www.fetagrs.org.br\/","name":"FETAG-RS","description":"Federa\u00e7\u00e3o dos Trabalhadores na Agricultura no RS","publisher":{"@id":"https:\/\/www.fetagrs.org.br\/#organization"},"potentialAction":[{"@type":"SearchAction","target":{"@type":"EntryPoint","urlTemplate":"https:\/\/www.fetagrs.org.br\/?s={search_term_string}"},"query-input":{"@type":"PropertyValueSpecification","valueRequired":true,"valueName":"search_term_string"}}],"inLanguage":"pt-BR"},{"@type":"Organization","@id":"https:\/\/www.fetagrs.org.br\/#organization","name":"Federa\u00e7\u00e3o dos Trabalhadores na Agricultura no Rio Grande do Sul","url":"https:\/\/www.fetagrs.org.br\/","logo":{"@type":"ImageObject","inLanguage":"pt-BR","@id":"https:\/\/www.fetagrs.org.br\/#\/schema\/logo\/image\/","url":"http:\/\/fetagrs.org.br\/wp-content\/uploads\/2020\/12\/FETAG-RS.jpg","contentUrl":"http:\/\/fetagrs.org.br\/wp-content\/uploads\/2020\/12\/FETAG-RS.jpg","width":561,"height":598,"caption":"Federa\u00e7\u00e3o dos Trabalhadores na Agricultura no Rio Grande do Sul"},"image":{"@id":"https:\/\/www.fetagrs.org.br\/#\/schema\/logo\/image\/"},"sameAs":["https:\/\/www.facebook.com\/fetagrs","https:\/\/www.instagram.com\/fetagrs\/","https:\/\/www.youtube.com\/c\/TVFETAGRS\/featured"]},{"@type":"Person","@id":"https:\/\/www.fetagrs.org.br\/#\/schema\/person\/414925669ddee89f2bb52fcc97310ea8","name":"Camila dos Santos","image":{"@type":"ImageObject","inLanguage":"pt-BR","@id":"https:\/\/www.fetagrs.org.br\/#\/schema\/person\/image\/","url":"https:\/\/secure.gravatar.com\/avatar\/177064ae07f49fc3b530bc0911ff4424e621528eb067022c8663e5f4c4031fa8?s=96&d=mm&r=g","contentUrl":"https:\/\/secure.gravatar.com\/avatar\/177064ae07f49fc3b530bc0911ff4424e621528eb067022c8663e5f4c4031fa8?s=96&d=mm&r=g","caption":"Camila dos Santos"},"url":"https:\/\/www.fetagrs.org.br\/?author=10"}]}},"_links":{"self":[{"href":"https:\/\/www.fetagrs.org.br\/index.php?rest_route=\/wp\/v2\/posts\/53377","targetHints":{"allow":["GET"]}}],"collection":[{"href":"https:\/\/www.fetagrs.org.br\/index.php?rest_route=\/wp\/v2\/posts"}],"about":[{"href":"https:\/\/www.fetagrs.org.br\/index.php?rest_route=\/wp\/v2\/types\/post"}],"author":[{"embeddable":true,"href":"https:\/\/www.fetagrs.org.br\/index.php?rest_route=\/wp\/v2\/users\/10"}],"replies":[{"embeddable":true,"href":"https:\/\/www.fetagrs.org.br\/index.php?rest_route=%2Fwp%2Fv2%2Fcomments&post=53377"}],"version-history":[{"count":1,"href":"https:\/\/www.fetagrs.org.br\/index.php?rest_route=\/wp\/v2\/posts\/53377\/revisions"}],"predecessor-version":[{"id":53380,"href":"https:\/\/www.fetagrs.org.br\/index.php?rest_route=\/wp\/v2\/posts\/53377\/revisions\/53380"}],"wp:featuredmedia":[{"embeddable":true,"href":"https:\/\/www.fetagrs.org.br\/index.php?rest_route=\/wp\/v2\/media\/53378"}],"wp:attachment":[{"href":"https:\/\/www.fetagrs.org.br\/index.php?rest_route=%2Fwp%2Fv2%2Fmedia&parent=53377"}],"wp:term":[{"taxonomy":"category","embeddable":true,"href":"https:\/\/www.fetagrs.org.br\/index.php?rest_route=%2Fwp%2Fv2%2Fcategories&post=53377"},{"taxonomy":"post_tag","embeddable":true,"href":"https:\/\/www.fetagrs.org.br\/index.php?rest_route=%2Fwp%2Fv2%2Ftags&post=53377"}],"curies":[{"name":"wp","href":"https:\/\/api.w.org\/{rel}","templated":true}]}}