{"id":53219,"date":"2025-06-23T16:54:44","date_gmt":"2025-06-23T19:54:44","guid":{"rendered":"https:\/\/www.fetagrs.org.br\/?p=53219"},"modified":"2025-06-23T16:54:44","modified_gmt":"2025-06-23T19:54:44","slug":"aviso-de-pauta-fetag-rs-acompanha-relatoria-do-projeto-de-securitizacao-na-camara-dos-deputados","status":"publish","type":"post","link":"https:\/\/www.fetagrs.org.br\/?p=53219","title":{"rendered":"AVISO DE PAUTA \u2013 FETAG-RS acompanha relatoria do Projeto de Securitiza\u00e7\u00e3o na C\u00e2mara dos Deputados"},"content":{"rendered":"<img loading=\"lazy\" decoding=\"async\" class=\"size-medium wp-image-53221 aligncenter\" src=\"http:\/\/www.fetagrs.org.br\/wp-content\/uploads\/2025\/06\/Hoje-no-Jornal-Exemplo-1-300x251.png\" alt=\"\" width=\"300\" height=\"251\" srcset=\"https:\/\/www.fetagrs.org.br\/wp-content\/uploads\/2025\/06\/Hoje-no-Jornal-Exemplo-1-300x251.png 300w, https:\/\/www.fetagrs.org.br\/wp-content\/uploads\/2025\/06\/Hoje-no-Jornal-Exemplo-1-768x644.png 768w, https:\/\/www.fetagrs.org.br\/wp-content\/uploads\/2025\/06\/Hoje-no-Jornal-Exemplo-1.png 940w\" sizes=\"auto, (max-width: 300px) 100vw, 300px\" \/>\n<p>A Federa\u00e7\u00e3o dos Trabalhadores na Agricultura no Rio Grande do Sul (FETAG-RS) informa que o deputado federal Afonso Hamm assumiu a relatoria do Projeto de Lei da Securitiza\u00e7\u00e3o na C\u00e2mara dos Deputados. A entidade est\u00e1 contribuindo tecnicamente com a elabora\u00e7\u00e3o do relat\u00f3rio, buscando uma solu\u00e7\u00e3o efetiva para o endividamento que afeta agricultores e pecuaristas familiares no estado.<\/p>\n<p>Segundo o presidente da FETAG-RS, Carlos Joel da Silva, o projeto representa uma alternativa concreta para oferecer f\u00f4lego financeiro ao setor. No entanto, a Federa\u00e7\u00e3o refor\u00e7a que \u00e9 fundamental um entendimento entre o Legislativo e o Executivo para garantir a viabilidade e a implementa\u00e7\u00e3o da proposta.<\/p>\n<p>Com esse objetivo, o secret\u00e1rio executivo da FETAG-RS, Kaliton Prestes, estar\u00e1 em Bras\u00edlia nos dias 24, 25 e 26 de junho, acompanhando de perto a tramita\u00e7\u00e3o do projeto e participando ativamente da constru\u00e7\u00e3o do relat\u00f3rio. A agenda tamb\u00e9m contempla articula\u00e7\u00f5es durante a semana decisiva de negocia\u00e7\u00f5es do Plano Safra 2025\/2026, com foco na defesa das pautas priorit\u00e1rias da agricultura e pecu\u00e1ria familiar do Rio Grande do Sul.<\/p>\n","protected":false},"excerpt":{"rendered":"<p>A Federa\u00e7\u00e3o dos Trabalhadores na Agricultura no Rio Grande do Sul (FETAG-RS) informa que o deputado federal Afonso Hamm assumiu a relatoria do Projeto de Lei da Securitiza\u00e7\u00e3o na C\u00e2mara dos Deputados. A entidade est\u00e1 contribuindo tecnicamente com a elabora\u00e7\u00e3o do relat\u00f3rio, buscando uma solu\u00e7\u00e3o efetiva para o endividamento que afeta agricultores e pecuaristas familiares&#8230;  <a class=\"excerpt-read-more\" href=\"https:\/\/www.fetagrs.org.br\/?p=53219\" title=\"Read AVISO DE PAUTA \u2013 FETAG-RS acompanha relatoria do Projeto de Securitiza\u00e7\u00e3o na C\u00e2mara dos Deputados\">Leia mais &raquo;<\/a><\/p>\n","protected":false},"author":10,"featured_media":53221,"comment_status":"open","ping_status":"open","sticky":false,"template":"","format":"standard","meta":{"footnotes":"","_links_to":"","_links_to_target":""},"categories":[4,3],"tags":[],"class_list":["post-53219","post","type-post","status-publish","format-standard","has-post-thumbnail","hentry","category-destaques","category-noticias"],"yoast_head":"<!-- This site is optimized with the Yoast SEO plugin v26.8 - https:\/\/yoast.com\/product\/yoast-seo-wordpress\/ -->\n<title>AVISO DE PAUTA \u2013 FETAG-RS acompanha relatoria do Projeto de Securitiza\u00e7\u00e3o na C\u00e2mara dos Deputados - FETAG-RS<\/title>\n<meta name=\"robots\" content=\"index, follow, max-snippet:-1, max-image-preview:large, max-video-preview:-1\" \/>\n<link rel=\"canonical\" href=\"https:\/\/www.fetagrs.org.br\/?p=53219\" \/>\n<meta property=\"og:locale\" content=\"pt_BR\" \/>\n<meta property=\"og:type\" content=\"article\" \/>\n<meta property=\"og:title\" content=\"AVISO DE PAUTA \u2013 FETAG-RS acompanha relatoria do Projeto de Securitiza\u00e7\u00e3o na C\u00e2mara dos Deputados - FETAG-RS\" \/>\n<meta property=\"og:description\" content=\"A Federa\u00e7\u00e3o dos Trabalhadores na Agricultura no Rio Grande do Sul (FETAG-RS) informa que o deputado federal Afonso Hamm assumiu a relatoria do Projeto de Lei da Securitiza\u00e7\u00e3o na C\u00e2mara dos Deputados. A entidade est\u00e1 contribuindo tecnicamente com a elabora\u00e7\u00e3o do relat\u00f3rio, buscando uma solu\u00e7\u00e3o efetiva para o endividamento que afeta agricultores e pecuaristas familiares... Leia mais &raquo;\" \/>\n<meta property=\"og:url\" content=\"https:\/\/www.fetagrs.org.br\/?p=53219\" \/>\n<meta property=\"og:site_name\" content=\"FETAG-RS\" \/>\n<meta property=\"article:publisher\" content=\"https:\/\/www.facebook.com\/fetagrs\" \/>\n<meta property=\"article:published_time\" content=\"2025-06-23T19:54:44+00:00\" \/>\n<meta property=\"og:image\" content=\"https:\/\/www.fetagrs.org.br\/wp-content\/uploads\/2025\/06\/Hoje-no-Jornal-Exemplo-1.png\" \/>\n\t<meta property=\"og:image:width\" content=\"940\" \/>\n\t<meta property=\"og:image:height\" content=\"788\" \/>\n\t<meta property=\"og:image:type\" content=\"image\/png\" \/>\n<meta name=\"author\" content=\"Camila dos Santos\" \/>\n<meta name=\"twitter:card\" content=\"summary_large_image\" \/>\n<script type=\"application\/ld+json\" class=\"yoast-schema-graph\">{\"@context\":\"https:\/\/schema.org\",\"@graph\":[{\"@type\":\"Article\",\"@id\":\"https:\/\/www.fetagrs.org.br\/?p=53219#article\",\"isPartOf\":{\"@id\":\"https:\/\/www.fetagrs.org.br\/?p=53219\"},\"author\":{\"name\":\"Camila dos Santos\",\"@id\":\"https:\/\/www.fetagrs.org.br\/#\/schema\/person\/414925669ddee89f2bb52fcc97310ea8\"},\"headline\":\"AVISO DE PAUTA \u2013 FETAG-RS acompanha relatoria do Projeto de Securitiza\u00e7\u00e3o na C\u00e2mara dos Deputados\",\"datePublished\":\"2025-06-23T19:54:44+00:00\",\"mainEntityOfPage\":{\"@id\":\"https:\/\/www.fetagrs.org.br\/?p=53219\"},\"wordCount\":201,\"commentCount\":0,\"publisher\":{\"@id\":\"https:\/\/www.fetagrs.org.br\/#organization\"},\"image\":{\"@id\":\"https:\/\/www.fetagrs.org.br\/?p=53219#primaryimage\"},\"thumbnailUrl\":\"https:\/\/www.fetagrs.org.br\/wp-content\/uploads\/2025\/06\/Hoje-no-Jornal-Exemplo-1.png\",\"articleSection\":[\"Destaques\",\"Not\u00edcias\"],\"inLanguage\":\"pt-BR\",\"potentialAction\":[{\"@type\":\"CommentAction\",\"name\":\"Comment\",\"target\":[\"https:\/\/www.fetagrs.org.br\/?p=53219#respond\"]}]},{\"@type\":\"WebPage\",\"@id\":\"https:\/\/www.fetagrs.org.br\/?p=53219\",\"url\":\"https:\/\/www.fetagrs.org.br\/?p=53219\",\"name\":\"AVISO DE PAUTA \u2013 FETAG-RS acompanha relatoria do Projeto de Securitiza\u00e7\u00e3o na C\u00e2mara dos Deputados - FETAG-RS\",\"isPartOf\":{\"@id\":\"https:\/\/www.fetagrs.org.br\/#website\"},\"primaryImageOfPage\":{\"@id\":\"https:\/\/www.fetagrs.org.br\/?p=53219#primaryimage\"},\"image\":{\"@id\":\"https:\/\/www.fetagrs.org.br\/?p=53219#primaryimage\"},\"thumbnailUrl\":\"https:\/\/www.fetagrs.org.br\/wp-content\/uploads\/2025\/06\/Hoje-no-Jornal-Exemplo-1.png\",\"datePublished\":\"2025-06-23T19:54:44+00:00\",\"breadcrumb\":{\"@id\":\"https:\/\/www.fetagrs.org.br\/?p=53219#breadcrumb\"},\"inLanguage\":\"pt-BR\",\"potentialAction\":[{\"@type\":\"ReadAction\",\"target\":[\"https:\/\/www.fetagrs.org.br\/?p=53219\"]}]},{\"@type\":\"ImageObject\",\"inLanguage\":\"pt-BR\",\"@id\":\"https:\/\/www.fetagrs.org.br\/?p=53219#primaryimage\",\"url\":\"https:\/\/www.fetagrs.org.br\/wp-content\/uploads\/2025\/06\/Hoje-no-Jornal-Exemplo-1.png\",\"contentUrl\":\"https:\/\/www.fetagrs.org.br\/wp-content\/uploads\/2025\/06\/Hoje-no-Jornal-Exemplo-1.png\",\"width\":940,\"height\":788},{\"@type\":\"BreadcrumbList\",\"@id\":\"https:\/\/www.fetagrs.org.br\/?p=53219#breadcrumb\",\"itemListElement\":[{\"@type\":\"ListItem\",\"position\":1,\"name\":\"In\u00edcio\",\"item\":\"https:\/\/www.fetagrs.org.br\/\"},{\"@type\":\"ListItem\",\"position\":2,\"name\":\"AVISO DE PAUTA \u2013 FETAG-RS acompanha relatoria do Projeto de Securitiza\u00e7\u00e3o na C\u00e2mara dos Deputados\"}]},{\"@type\":\"WebSite\",\"@id\":\"https:\/\/www.fetagrs.org.br\/#website\",\"url\":\"https:\/\/www.fetagrs.org.br\/\",\"name\":\"FETAG-RS\",\"description\":\"Federa\u00e7\u00e3o dos Trabalhadores na Agricultura no RS\",\"publisher\":{\"@id\":\"https:\/\/www.fetagrs.org.br\/#organization\"},\"potentialAction\":[{\"@type\":\"SearchAction\",\"target\":{\"@type\":\"EntryPoint\",\"urlTemplate\":\"https:\/\/www.fetagrs.org.br\/?s={search_term_string}\"},\"query-input\":{\"@type\":\"PropertyValueSpecification\",\"valueRequired\":true,\"valueName\":\"search_term_string\"}}],\"inLanguage\":\"pt-BR\"},{\"@type\":\"Organization\",\"@id\":\"https:\/\/www.fetagrs.org.br\/#organization\",\"name\":\"Federa\u00e7\u00e3o dos Trabalhadores na Agricultura no Rio Grande do Sul\",\"url\":\"https:\/\/www.fetagrs.org.br\/\",\"logo\":{\"@type\":\"ImageObject\",\"inLanguage\":\"pt-BR\",\"@id\":\"https:\/\/www.fetagrs.org.br\/#\/schema\/logo\/image\/\",\"url\":\"http:\/\/fetagrs.org.br\/wp-content\/uploads\/2020\/12\/FETAG-RS.jpg\",\"contentUrl\":\"http:\/\/fetagrs.org.br\/wp-content\/uploads\/2020\/12\/FETAG-RS.jpg\",\"width\":561,\"height\":598,\"caption\":\"Federa\u00e7\u00e3o dos Trabalhadores na Agricultura no Rio Grande do Sul\"},\"image\":{\"@id\":\"https:\/\/www.fetagrs.org.br\/#\/schema\/logo\/image\/\"},\"sameAs\":[\"https:\/\/www.facebook.com\/fetagrs\",\"https:\/\/www.instagram.com\/fetagrs\/\",\"https:\/\/www.youtube.com\/c\/TVFETAGRS\/featured\"]},{\"@type\":\"Person\",\"@id\":\"https:\/\/www.fetagrs.org.br\/#\/schema\/person\/414925669ddee89f2bb52fcc97310ea8\",\"name\":\"Camila dos Santos\",\"image\":{\"@type\":\"ImageObject\",\"inLanguage\":\"pt-BR\",\"@id\":\"https:\/\/www.fetagrs.org.br\/#\/schema\/person\/image\/\",\"url\":\"https:\/\/secure.gravatar.com\/avatar\/177064ae07f49fc3b530bc0911ff4424e621528eb067022c8663e5f4c4031fa8?s=96&d=mm&r=g\",\"contentUrl\":\"https:\/\/secure.gravatar.com\/avatar\/177064ae07f49fc3b530bc0911ff4424e621528eb067022c8663e5f4c4031fa8?s=96&d=mm&r=g\",\"caption\":\"Camila dos Santos\"},\"url\":\"https:\/\/www.fetagrs.org.br\/?author=10\"}]}<\/script>\n<!-- \/ Yoast SEO plugin. -->","yoast_head_json":{"title":"AVISO DE PAUTA \u2013 FETAG-RS acompanha relatoria do Projeto de Securitiza\u00e7\u00e3o na C\u00e2mara dos Deputados - FETAG-RS","robots":{"index":"index","follow":"follow","max-snippet":"max-snippet:-1","max-image-preview":"max-image-preview:large","max-video-preview":"max-video-preview:-1"},"canonical":"https:\/\/www.fetagrs.org.br\/?p=53219","og_locale":"pt_BR","og_type":"article","og_title":"AVISO DE PAUTA \u2013 FETAG-RS acompanha relatoria do Projeto de Securitiza\u00e7\u00e3o na C\u00e2mara dos Deputados - FETAG-RS","og_description":"A Federa\u00e7\u00e3o dos Trabalhadores na Agricultura no Rio Grande do Sul (FETAG-RS) informa que o deputado federal Afonso Hamm assumiu a relatoria do Projeto de Lei da Securitiza\u00e7\u00e3o na C\u00e2mara dos Deputados. A entidade est\u00e1 contribuindo tecnicamente com a elabora\u00e7\u00e3o do relat\u00f3rio, buscando uma solu\u00e7\u00e3o efetiva para o endividamento que afeta agricultores e pecuaristas familiares... Leia mais &raquo;","og_url":"https:\/\/www.fetagrs.org.br\/?p=53219","og_site_name":"FETAG-RS","article_publisher":"https:\/\/www.facebook.com\/fetagrs","article_published_time":"2025-06-23T19:54:44+00:00","og_image":[{"width":940,"height":788,"url":"https:\/\/www.fetagrs.org.br\/wp-content\/uploads\/2025\/06\/Hoje-no-Jornal-Exemplo-1.png","type":"image\/png"}],"author":"Camila dos Santos","twitter_card":"summary_large_image","schema":{"@context":"https:\/\/schema.org","@graph":[{"@type":"Article","@id":"https:\/\/www.fetagrs.org.br\/?p=53219#article","isPartOf":{"@id":"https:\/\/www.fetagrs.org.br\/?p=53219"},"author":{"name":"Camila dos Santos","@id":"https:\/\/www.fetagrs.org.br\/#\/schema\/person\/414925669ddee89f2bb52fcc97310ea8"},"headline":"AVISO DE PAUTA \u2013 FETAG-RS acompanha relatoria do Projeto de Securitiza\u00e7\u00e3o na C\u00e2mara dos Deputados","datePublished":"2025-06-23T19:54:44+00:00","mainEntityOfPage":{"@id":"https:\/\/www.fetagrs.org.br\/?p=53219"},"wordCount":201,"commentCount":0,"publisher":{"@id":"https:\/\/www.fetagrs.org.br\/#organization"},"image":{"@id":"https:\/\/www.fetagrs.org.br\/?p=53219#primaryimage"},"thumbnailUrl":"https:\/\/www.fetagrs.org.br\/wp-content\/uploads\/2025\/06\/Hoje-no-Jornal-Exemplo-1.png","articleSection":["Destaques","Not\u00edcias"],"inLanguage":"pt-BR","potentialAction":[{"@type":"CommentAction","name":"Comment","target":["https:\/\/www.fetagrs.org.br\/?p=53219#respond"]}]},{"@type":"WebPage","@id":"https:\/\/www.fetagrs.org.br\/?p=53219","url":"https:\/\/www.fetagrs.org.br\/?p=53219","name":"AVISO DE PAUTA \u2013 FETAG-RS acompanha relatoria do Projeto de Securitiza\u00e7\u00e3o na C\u00e2mara dos Deputados - FETAG-RS","isPartOf":{"@id":"https:\/\/www.fetagrs.org.br\/#website"},"primaryImageOfPage":{"@id":"https:\/\/www.fetagrs.org.br\/?p=53219#primaryimage"},"image":{"@id":"https:\/\/www.fetagrs.org.br\/?p=53219#primaryimage"},"thumbnailUrl":"https:\/\/www.fetagrs.org.br\/wp-content\/uploads\/2025\/06\/Hoje-no-Jornal-Exemplo-1.png","datePublished":"2025-06-23T19:54:44+00:00","breadcrumb":{"@id":"https:\/\/www.fetagrs.org.br\/?p=53219#breadcrumb"},"inLanguage":"pt-BR","potentialAction":[{"@type":"ReadAction","target":["https:\/\/www.fetagrs.org.br\/?p=53219"]}]},{"@type":"ImageObject","inLanguage":"pt-BR","@id":"https:\/\/www.fetagrs.org.br\/?p=53219#primaryimage","url":"https:\/\/www.fetagrs.org.br\/wp-content\/uploads\/2025\/06\/Hoje-no-Jornal-Exemplo-1.png","contentUrl":"https:\/\/www.fetagrs.org.br\/wp-content\/uploads\/2025\/06\/Hoje-no-Jornal-Exemplo-1.png","width":940,"height":788},{"@type":"BreadcrumbList","@id":"https:\/\/www.fetagrs.org.br\/?p=53219#breadcrumb","itemListElement":[{"@type":"ListItem","position":1,"name":"In\u00edcio","item":"https:\/\/www.fetagrs.org.br\/"},{"@type":"ListItem","position":2,"name":"AVISO DE PAUTA \u2013 FETAG-RS acompanha relatoria do Projeto de Securitiza\u00e7\u00e3o na C\u00e2mara dos Deputados"}]},{"@type":"WebSite","@id":"https:\/\/www.fetagrs.org.br\/#website","url":"https:\/\/www.fetagrs.org.br\/","name":"FETAG-RS","description":"Federa\u00e7\u00e3o dos Trabalhadores na Agricultura no RS","publisher":{"@id":"https:\/\/www.fetagrs.org.br\/#organization"},"potentialAction":[{"@type":"SearchAction","target":{"@type":"EntryPoint","urlTemplate":"https:\/\/www.fetagrs.org.br\/?s={search_term_string}"},"query-input":{"@type":"PropertyValueSpecification","valueRequired":true,"valueName":"search_term_string"}}],"inLanguage":"pt-BR"},{"@type":"Organization","@id":"https:\/\/www.fetagrs.org.br\/#organization","name":"Federa\u00e7\u00e3o dos Trabalhadores na Agricultura no Rio Grande do Sul","url":"https:\/\/www.fetagrs.org.br\/","logo":{"@type":"ImageObject","inLanguage":"pt-BR","@id":"https:\/\/www.fetagrs.org.br\/#\/schema\/logo\/image\/","url":"http:\/\/fetagrs.org.br\/wp-content\/uploads\/2020\/12\/FETAG-RS.jpg","contentUrl":"http:\/\/fetagrs.org.br\/wp-content\/uploads\/2020\/12\/FETAG-RS.jpg","width":561,"height":598,"caption":"Federa\u00e7\u00e3o dos Trabalhadores na Agricultura no Rio Grande do Sul"},"image":{"@id":"https:\/\/www.fetagrs.org.br\/#\/schema\/logo\/image\/"},"sameAs":["https:\/\/www.facebook.com\/fetagrs","https:\/\/www.instagram.com\/fetagrs\/","https:\/\/www.youtube.com\/c\/TVFETAGRS\/featured"]},{"@type":"Person","@id":"https:\/\/www.fetagrs.org.br\/#\/schema\/person\/414925669ddee89f2bb52fcc97310ea8","name":"Camila dos Santos","image":{"@type":"ImageObject","inLanguage":"pt-BR","@id":"https:\/\/www.fetagrs.org.br\/#\/schema\/person\/image\/","url":"https:\/\/secure.gravatar.com\/avatar\/177064ae07f49fc3b530bc0911ff4424e621528eb067022c8663e5f4c4031fa8?s=96&d=mm&r=g","contentUrl":"https:\/\/secure.gravatar.com\/avatar\/177064ae07f49fc3b530bc0911ff4424e621528eb067022c8663e5f4c4031fa8?s=96&d=mm&r=g","caption":"Camila dos Santos"},"url":"https:\/\/www.fetagrs.org.br\/?author=10"}]}},"_links":{"self":[{"href":"https:\/\/www.fetagrs.org.br\/index.php?rest_route=\/wp\/v2\/posts\/53219","targetHints":{"allow":["GET"]}}],"collection":[{"href":"https:\/\/www.fetagrs.org.br\/index.php?rest_route=\/wp\/v2\/posts"}],"about":[{"href":"https:\/\/www.fetagrs.org.br\/index.php?rest_route=\/wp\/v2\/types\/post"}],"author":[{"embeddable":true,"href":"https:\/\/www.fetagrs.org.br\/index.php?rest_route=\/wp\/v2\/users\/10"}],"replies":[{"embeddable":true,"href":"https:\/\/www.fetagrs.org.br\/index.php?rest_route=%2Fwp%2Fv2%2Fcomments&post=53219"}],"version-history":[{"count":1,"href":"https:\/\/www.fetagrs.org.br\/index.php?rest_route=\/wp\/v2\/posts\/53219\/revisions"}],"predecessor-version":[{"id":53222,"href":"https:\/\/www.fetagrs.org.br\/index.php?rest_route=\/wp\/v2\/posts\/53219\/revisions\/53222"}],"wp:featuredmedia":[{"embeddable":true,"href":"https:\/\/www.fetagrs.org.br\/index.php?rest_route=\/wp\/v2\/media\/53221"}],"wp:attachment":[{"href":"https:\/\/www.fetagrs.org.br\/index.php?rest_route=%2Fwp%2Fv2%2Fmedia&parent=53219"}],"wp:term":[{"taxonomy":"category","embeddable":true,"href":"https:\/\/www.fetagrs.org.br\/index.php?rest_route=%2Fwp%2Fv2%2Fcategories&post=53219"},{"taxonomy":"post_tag","embeddable":true,"href":"https:\/\/www.fetagrs.org.br\/index.php?rest_route=%2Fwp%2Fv2%2Ftags&post=53219"}],"curies":[{"name":"wp","href":"https:\/\/api.w.org\/{rel}","templated":true}]}}