{"id":53192,"date":"2025-06-06T17:51:45","date_gmt":"2025-06-06T20:51:45","guid":{"rendered":"https:\/\/www.fetagrs.org.br\/?p=53192"},"modified":"2025-06-06T17:52:03","modified_gmt":"2025-06-06T20:52:03","slug":"fetag-rs-encontro-de-jovens-trabalhadores-e-trabalhadoras-rurais-projetam-acoes-e-cobram-politicas-publicas-no-campo","status":"publish","type":"post","link":"https:\/\/www.fetagrs.org.br\/?p=53192","title":{"rendered":"FETAG-RS: encontro de jovens trabalhadores e trabalhadoras rurais projetam a\u00e7\u00f5es e cobram pol\u00edticas p\u00fablicas no campo"},"content":{"rendered":"<p>&nbsp;<\/p>\n<img loading=\"lazy\" decoding=\"async\" class=\"size-medium wp-image-53193 aligncenter\" src=\"http:\/\/www.fetagrs.org.br\/wp-content\/uploads\/2025\/06\/WhatsApp-Image-2025-06-06-at-10.11.30-300x225.jpeg\" alt=\"\" width=\"300\" height=\"225\" \/>\n<p>A Comiss\u00e3o Estadual de Jovens Trabalhadores e Trabalhadoras Rurais da FETAG-RS se reuniu nos dias 5 e 6 de junho, no audit\u00f3rio da federa\u00e7\u00e3o, com o objetivo de planejar e articular as principais a\u00e7\u00f5es para o segundo semestre de 2025. O encontro contou com a presen\u00e7a de coordenadores e coordenadoras regionais de juventude, assessoria, diretoria da Federa\u00e7\u00e3o, setor de comunica\u00e7\u00e3o, IFSIM, representantes da pol\u00edtica agr\u00edcola e da secretaria executiva.<\/p>\n<p>Durante os dois dias de atividades, foram debatidas iniciativas estrat\u00e9gicas voltadas \u00e0 valoriza\u00e7\u00e3o e ao protagonismo da juventude rural. Entre os principais pontos da pauta estiveram o roteiro nas regionais, a a\u00e7\u00e3o da FETAG-RS na Expointer, o Dia Estadual da Juventude Rural, o planejamento dos encontros regionais de jovens e o mapeamento dos dirigentes jovens.<\/p>\n<p>Tamb\u00e9m foram discutidos o plano de comunica\u00e7\u00e3o da juventude rural, o Projeto Nacional de Cr\u00e9dito Fundi\u00e1rio (PNCF Juventude), o Manifesto e o Pacto pela Juventude Rural, al\u00e9m de propostas de forma\u00e7\u00e3o e a\u00e7\u00f5es no \u00e2mbito do projeto Biomas II \u2013 Educa\u00e7\u00e3o do Campo.<\/p>\n<p>A programa\u00e7\u00e3o incluiu momentos de acolhida, constru\u00e7\u00e3o coletiva e planejamento estrat\u00e9gico. Destaque para a elabora\u00e7\u00e3o do Manifesto da Juventude Rural, que ser\u00e1 base para futuras a\u00e7\u00f5es da comiss\u00e3o, e para a defini\u00e7\u00e3o das estrat\u00e9gias do Dia Estadual da Juventude Rural.<\/p>\n<p>A 1\u00aa Secret\u00e1ria e Coordenadora Estadual de Juventude da FETAG-RS, Camila Rode, destacou a import\u00e2ncia do momento:<\/p>\n<p>\u201cNosso foco \u00e9 garantir que a juventude rural seja ouvida e tenha espa\u00e7o para construir o presente e o futuro do campo. O m\u00eas de julho ser\u00e1 intenso, com uma agenda cheia de atividades que ser\u00e3o promovidas pela FETAG-RS, atrav\u00e9s das Comiss\u00f5es Regionais de Jovens e Regionais Sindicais, articuladas com os sindicatos e os poderes locais, em comemora\u00e7\u00e3o ao Dia Estadual da Juventude Rural.\u201d<\/p>\n<p>Al\u00e9m de fortalecer a organiza\u00e7\u00e3o da juventude rural, a reuni\u00e3o tamb\u00e9m reafirmou o compromisso da FETAG-RS na luta por pol\u00edticas p\u00fablicas mais acess\u00edveis, efetivas e pensadas a partir da realidade dos jovens do campo. O grupo defende que o acesso \u00e0 terra, \u00e0 educa\u00e7\u00e3o, ao cr\u00e9dito e \u00e0 sucess\u00e3o rural deve ser garantido por meio de programas espec\u00edficos e do fortalecimento das representa\u00e7\u00f5es juvenis nos espa\u00e7os de decis\u00e3o.<\/p>\n<p>Outro ponto importante foi o mapeamento dos jovens dirigentes sindicais e a articula\u00e7\u00e3o para sua maior participa\u00e7\u00e3o nas pautas da juventude. A reuni\u00e3o tamb\u00e9m definiu diretrizes para a participa\u00e7\u00e3o da juventude nas comiss\u00f5es tem\u00e1ticas da FETAG-RS.<\/p>\n<p>Ao final do encontro, os participantes refor\u00e7aram a import\u00e2ncia de seguir mobilizados e organizados para garantir o protagonismo da juventude rural e lutar pela perman\u00eancia dos jovens no campo com dignidade, oportunidades e reconhecimento.<\/p>\n","protected":false},"excerpt":{"rendered":"<p>&nbsp; A Comiss\u00e3o Estadual de Jovens Trabalhadores e Trabalhadoras Rurais da FETAG-RS se reuniu nos dias 5 e 6 de junho, no audit\u00f3rio da federa\u00e7\u00e3o, com o objetivo de planejar e articular as principais a\u00e7\u00f5es para o segundo semestre de 2025. O encontro contou com a presen\u00e7a de coordenadores e coordenadoras regionais de juventude, assessoria,&#8230;  <a class=\"excerpt-read-more\" href=\"https:\/\/www.fetagrs.org.br\/?p=53192\" title=\"Read FETAG-RS: encontro de jovens trabalhadores e trabalhadoras rurais projetam a\u00e7\u00f5es e cobram pol\u00edticas p\u00fablicas no campo\">Leia mais &raquo;<\/a><\/p>\n","protected":false},"author":10,"featured_media":53193,"comment_status":"open","ping_status":"open","sticky":false,"template":"","format":"standard","meta":{"footnotes":"","_links_to":"","_links_to_target":""},"categories":[4,3],"tags":[],"class_list":["post-53192","post","type-post","status-publish","format-standard","has-post-thumbnail","hentry","category-destaques","category-noticias"],"yoast_head":"<!-- This site is optimized with the Yoast SEO plugin v26.8 - https:\/\/yoast.com\/product\/yoast-seo-wordpress\/ -->\n<title>FETAG-RS: encontro de jovens trabalhadores e trabalhadoras rurais projetam a\u00e7\u00f5es e cobram pol\u00edticas p\u00fablicas no campo - FETAG-RS<\/title>\n<meta name=\"robots\" content=\"index, follow, max-snippet:-1, max-image-preview:large, max-video-preview:-1\" \/>\n<link rel=\"canonical\" href=\"https:\/\/www.fetagrs.org.br\/?p=53192\" \/>\n<meta property=\"og:locale\" content=\"pt_BR\" \/>\n<meta property=\"og:type\" content=\"article\" \/>\n<meta property=\"og:title\" content=\"FETAG-RS: encontro de jovens trabalhadores e trabalhadoras rurais projetam a\u00e7\u00f5es e cobram pol\u00edticas p\u00fablicas no campo - FETAG-RS\" \/>\n<meta property=\"og:description\" content=\"&nbsp; A Comiss\u00e3o Estadual de Jovens Trabalhadores e Trabalhadoras Rurais da FETAG-RS se reuniu nos dias 5 e 6 de junho, no audit\u00f3rio da federa\u00e7\u00e3o, com o objetivo de planejar e articular as principais a\u00e7\u00f5es para o segundo semestre de 2025. O encontro contou com a presen\u00e7a de coordenadores e coordenadoras regionais de juventude, assessoria,... Leia mais &raquo;\" \/>\n<meta property=\"og:url\" content=\"https:\/\/www.fetagrs.org.br\/?p=53192\" \/>\n<meta property=\"og:site_name\" content=\"FETAG-RS\" \/>\n<meta property=\"article:publisher\" content=\"https:\/\/www.facebook.com\/fetagrs\" \/>\n<meta property=\"article:published_time\" content=\"2025-06-06T20:51:45+00:00\" \/>\n<meta property=\"article:modified_time\" content=\"2025-06-06T20:52:03+00:00\" \/>\n<meta property=\"og:image\" content=\"https:\/\/www.fetagrs.org.br\/wp-content\/uploads\/2025\/06\/WhatsApp-Image-2025-06-06-at-10.11.30-scaled-e1749243091749.jpeg\" \/>\n\t<meta property=\"og:image:width\" content=\"820\" \/>\n\t<meta property=\"og:image:height\" content=\"615\" \/>\n\t<meta property=\"og:image:type\" content=\"image\/jpeg\" \/>\n<meta name=\"author\" content=\"Camila dos Santos\" \/>\n<meta name=\"twitter:card\" content=\"summary_large_image\" \/>\n<script type=\"application\/ld+json\" class=\"yoast-schema-graph\">{\"@context\":\"https:\/\/schema.org\",\"@graph\":[{\"@type\":\"Article\",\"@id\":\"https:\/\/www.fetagrs.org.br\/?p=53192#article\",\"isPartOf\":{\"@id\":\"https:\/\/www.fetagrs.org.br\/?p=53192\"},\"author\":{\"name\":\"Camila dos Santos\",\"@id\":\"https:\/\/www.fetagrs.org.br\/#\/schema\/person\/414925669ddee89f2bb52fcc97310ea8\"},\"headline\":\"FETAG-RS: encontro de jovens trabalhadores e trabalhadoras rurais projetam a\u00e7\u00f5es e cobram pol\u00edticas p\u00fablicas no campo\",\"datePublished\":\"2025-06-06T20:51:45+00:00\",\"dateModified\":\"2025-06-06T20:52:03+00:00\",\"mainEntityOfPage\":{\"@id\":\"https:\/\/www.fetagrs.org.br\/?p=53192\"},\"wordCount\":496,\"commentCount\":0,\"publisher\":{\"@id\":\"https:\/\/www.fetagrs.org.br\/#organization\"},\"image\":{\"@id\":\"https:\/\/www.fetagrs.org.br\/?p=53192#primaryimage\"},\"thumbnailUrl\":\"https:\/\/www.fetagrs.org.br\/wp-content\/uploads\/2025\/06\/WhatsApp-Image-2025-06-06-at-10.11.30-scaled-e1749243091749.jpeg\",\"articleSection\":[\"Destaques\",\"Not\u00edcias\"],\"inLanguage\":\"pt-BR\",\"potentialAction\":[{\"@type\":\"CommentAction\",\"name\":\"Comment\",\"target\":[\"https:\/\/www.fetagrs.org.br\/?p=53192#respond\"]}]},{\"@type\":\"WebPage\",\"@id\":\"https:\/\/www.fetagrs.org.br\/?p=53192\",\"url\":\"https:\/\/www.fetagrs.org.br\/?p=53192\",\"name\":\"FETAG-RS: encontro de jovens trabalhadores e trabalhadoras rurais projetam a\u00e7\u00f5es e cobram pol\u00edticas p\u00fablicas no campo - FETAG-RS\",\"isPartOf\":{\"@id\":\"https:\/\/www.fetagrs.org.br\/#website\"},\"primaryImageOfPage\":{\"@id\":\"https:\/\/www.fetagrs.org.br\/?p=53192#primaryimage\"},\"image\":{\"@id\":\"https:\/\/www.fetagrs.org.br\/?p=53192#primaryimage\"},\"thumbnailUrl\":\"https:\/\/www.fetagrs.org.br\/wp-content\/uploads\/2025\/06\/WhatsApp-Image-2025-06-06-at-10.11.30-scaled-e1749243091749.jpeg\",\"datePublished\":\"2025-06-06T20:51:45+00:00\",\"dateModified\":\"2025-06-06T20:52:03+00:00\",\"breadcrumb\":{\"@id\":\"https:\/\/www.fetagrs.org.br\/?p=53192#breadcrumb\"},\"inLanguage\":\"pt-BR\",\"potentialAction\":[{\"@type\":\"ReadAction\",\"target\":[\"https:\/\/www.fetagrs.org.br\/?p=53192\"]}]},{\"@type\":\"ImageObject\",\"inLanguage\":\"pt-BR\",\"@id\":\"https:\/\/www.fetagrs.org.br\/?p=53192#primaryimage\",\"url\":\"https:\/\/www.fetagrs.org.br\/wp-content\/uploads\/2025\/06\/WhatsApp-Image-2025-06-06-at-10.11.30-scaled-e1749243091749.jpeg\",\"contentUrl\":\"https:\/\/www.fetagrs.org.br\/wp-content\/uploads\/2025\/06\/WhatsApp-Image-2025-06-06-at-10.11.30-scaled-e1749243091749.jpeg\",\"width\":820,\"height\":615},{\"@type\":\"BreadcrumbList\",\"@id\":\"https:\/\/www.fetagrs.org.br\/?p=53192#breadcrumb\",\"itemListElement\":[{\"@type\":\"ListItem\",\"position\":1,\"name\":\"In\u00edcio\",\"item\":\"https:\/\/www.fetagrs.org.br\/\"},{\"@type\":\"ListItem\",\"position\":2,\"name\":\"FETAG-RS: encontro de jovens trabalhadores e trabalhadoras rurais projetam a\u00e7\u00f5es e cobram pol\u00edticas p\u00fablicas no campo\"}]},{\"@type\":\"WebSite\",\"@id\":\"https:\/\/www.fetagrs.org.br\/#website\",\"url\":\"https:\/\/www.fetagrs.org.br\/\",\"name\":\"FETAG-RS\",\"description\":\"Federa\u00e7\u00e3o dos Trabalhadores na Agricultura no RS\",\"publisher\":{\"@id\":\"https:\/\/www.fetagrs.org.br\/#organization\"},\"potentialAction\":[{\"@type\":\"SearchAction\",\"target\":{\"@type\":\"EntryPoint\",\"urlTemplate\":\"https:\/\/www.fetagrs.org.br\/?s={search_term_string}\"},\"query-input\":{\"@type\":\"PropertyValueSpecification\",\"valueRequired\":true,\"valueName\":\"search_term_string\"}}],\"inLanguage\":\"pt-BR\"},{\"@type\":\"Organization\",\"@id\":\"https:\/\/www.fetagrs.org.br\/#organization\",\"name\":\"Federa\u00e7\u00e3o dos Trabalhadores na Agricultura no Rio Grande do Sul\",\"url\":\"https:\/\/www.fetagrs.org.br\/\",\"logo\":{\"@type\":\"ImageObject\",\"inLanguage\":\"pt-BR\",\"@id\":\"https:\/\/www.fetagrs.org.br\/#\/schema\/logo\/image\/\",\"url\":\"http:\/\/fetagrs.org.br\/wp-content\/uploads\/2020\/12\/FETAG-RS.jpg\",\"contentUrl\":\"http:\/\/fetagrs.org.br\/wp-content\/uploads\/2020\/12\/FETAG-RS.jpg\",\"width\":561,\"height\":598,\"caption\":\"Federa\u00e7\u00e3o dos Trabalhadores na Agricultura no Rio Grande do Sul\"},\"image\":{\"@id\":\"https:\/\/www.fetagrs.org.br\/#\/schema\/logo\/image\/\"},\"sameAs\":[\"https:\/\/www.facebook.com\/fetagrs\",\"https:\/\/www.instagram.com\/fetagrs\/\",\"https:\/\/www.youtube.com\/c\/TVFETAGRS\/featured\"]},{\"@type\":\"Person\",\"@id\":\"https:\/\/www.fetagrs.org.br\/#\/schema\/person\/414925669ddee89f2bb52fcc97310ea8\",\"name\":\"Camila dos Santos\",\"image\":{\"@type\":\"ImageObject\",\"inLanguage\":\"pt-BR\",\"@id\":\"https:\/\/www.fetagrs.org.br\/#\/schema\/person\/image\/\",\"url\":\"https:\/\/secure.gravatar.com\/avatar\/177064ae07f49fc3b530bc0911ff4424e621528eb067022c8663e5f4c4031fa8?s=96&d=mm&r=g\",\"contentUrl\":\"https:\/\/secure.gravatar.com\/avatar\/177064ae07f49fc3b530bc0911ff4424e621528eb067022c8663e5f4c4031fa8?s=96&d=mm&r=g\",\"caption\":\"Camila dos Santos\"},\"url\":\"https:\/\/www.fetagrs.org.br\/?author=10\"}]}<\/script>\n<!-- \/ Yoast SEO plugin. -->","yoast_head_json":{"title":"FETAG-RS: encontro de jovens trabalhadores e trabalhadoras rurais projetam a\u00e7\u00f5es e cobram pol\u00edticas p\u00fablicas no campo - FETAG-RS","robots":{"index":"index","follow":"follow","max-snippet":"max-snippet:-1","max-image-preview":"max-image-preview:large","max-video-preview":"max-video-preview:-1"},"canonical":"https:\/\/www.fetagrs.org.br\/?p=53192","og_locale":"pt_BR","og_type":"article","og_title":"FETAG-RS: encontro de jovens trabalhadores e trabalhadoras rurais projetam a\u00e7\u00f5es e cobram pol\u00edticas p\u00fablicas no campo - FETAG-RS","og_description":"&nbsp; A Comiss\u00e3o Estadual de Jovens Trabalhadores e Trabalhadoras Rurais da FETAG-RS se reuniu nos dias 5 e 6 de junho, no audit\u00f3rio da federa\u00e7\u00e3o, com o objetivo de planejar e articular as principais a\u00e7\u00f5es para o segundo semestre de 2025. O encontro contou com a presen\u00e7a de coordenadores e coordenadoras regionais de juventude, assessoria,... Leia mais &raquo;","og_url":"https:\/\/www.fetagrs.org.br\/?p=53192","og_site_name":"FETAG-RS","article_publisher":"https:\/\/www.facebook.com\/fetagrs","article_published_time":"2025-06-06T20:51:45+00:00","article_modified_time":"2025-06-06T20:52:03+00:00","og_image":[{"width":820,"height":615,"url":"https:\/\/www.fetagrs.org.br\/wp-content\/uploads\/2025\/06\/WhatsApp-Image-2025-06-06-at-10.11.30-scaled-e1749243091749.jpeg","type":"image\/jpeg"}],"author":"Camila dos Santos","twitter_card":"summary_large_image","schema":{"@context":"https:\/\/schema.org","@graph":[{"@type":"Article","@id":"https:\/\/www.fetagrs.org.br\/?p=53192#article","isPartOf":{"@id":"https:\/\/www.fetagrs.org.br\/?p=53192"},"author":{"name":"Camila dos Santos","@id":"https:\/\/www.fetagrs.org.br\/#\/schema\/person\/414925669ddee89f2bb52fcc97310ea8"},"headline":"FETAG-RS: encontro de jovens trabalhadores e trabalhadoras rurais projetam a\u00e7\u00f5es e cobram pol\u00edticas p\u00fablicas no campo","datePublished":"2025-06-06T20:51:45+00:00","dateModified":"2025-06-06T20:52:03+00:00","mainEntityOfPage":{"@id":"https:\/\/www.fetagrs.org.br\/?p=53192"},"wordCount":496,"commentCount":0,"publisher":{"@id":"https:\/\/www.fetagrs.org.br\/#organization"},"image":{"@id":"https:\/\/www.fetagrs.org.br\/?p=53192#primaryimage"},"thumbnailUrl":"https:\/\/www.fetagrs.org.br\/wp-content\/uploads\/2025\/06\/WhatsApp-Image-2025-06-06-at-10.11.30-scaled-e1749243091749.jpeg","articleSection":["Destaques","Not\u00edcias"],"inLanguage":"pt-BR","potentialAction":[{"@type":"CommentAction","name":"Comment","target":["https:\/\/www.fetagrs.org.br\/?p=53192#respond"]}]},{"@type":"WebPage","@id":"https:\/\/www.fetagrs.org.br\/?p=53192","url":"https:\/\/www.fetagrs.org.br\/?p=53192","name":"FETAG-RS: encontro de jovens trabalhadores e trabalhadoras rurais projetam a\u00e7\u00f5es e cobram pol\u00edticas p\u00fablicas no campo - FETAG-RS","isPartOf":{"@id":"https:\/\/www.fetagrs.org.br\/#website"},"primaryImageOfPage":{"@id":"https:\/\/www.fetagrs.org.br\/?p=53192#primaryimage"},"image":{"@id":"https:\/\/www.fetagrs.org.br\/?p=53192#primaryimage"},"thumbnailUrl":"https:\/\/www.fetagrs.org.br\/wp-content\/uploads\/2025\/06\/WhatsApp-Image-2025-06-06-at-10.11.30-scaled-e1749243091749.jpeg","datePublished":"2025-06-06T20:51:45+00:00","dateModified":"2025-06-06T20:52:03+00:00","breadcrumb":{"@id":"https:\/\/www.fetagrs.org.br\/?p=53192#breadcrumb"},"inLanguage":"pt-BR","potentialAction":[{"@type":"ReadAction","target":["https:\/\/www.fetagrs.org.br\/?p=53192"]}]},{"@type":"ImageObject","inLanguage":"pt-BR","@id":"https:\/\/www.fetagrs.org.br\/?p=53192#primaryimage","url":"https:\/\/www.fetagrs.org.br\/wp-content\/uploads\/2025\/06\/WhatsApp-Image-2025-06-06-at-10.11.30-scaled-e1749243091749.jpeg","contentUrl":"https:\/\/www.fetagrs.org.br\/wp-content\/uploads\/2025\/06\/WhatsApp-Image-2025-06-06-at-10.11.30-scaled-e1749243091749.jpeg","width":820,"height":615},{"@type":"BreadcrumbList","@id":"https:\/\/www.fetagrs.org.br\/?p=53192#breadcrumb","itemListElement":[{"@type":"ListItem","position":1,"name":"In\u00edcio","item":"https:\/\/www.fetagrs.org.br\/"},{"@type":"ListItem","position":2,"name":"FETAG-RS: encontro de jovens trabalhadores e trabalhadoras rurais projetam a\u00e7\u00f5es e cobram pol\u00edticas p\u00fablicas no campo"}]},{"@type":"WebSite","@id":"https:\/\/www.fetagrs.org.br\/#website","url":"https:\/\/www.fetagrs.org.br\/","name":"FETAG-RS","description":"Federa\u00e7\u00e3o dos Trabalhadores na Agricultura no RS","publisher":{"@id":"https:\/\/www.fetagrs.org.br\/#organization"},"potentialAction":[{"@type":"SearchAction","target":{"@type":"EntryPoint","urlTemplate":"https:\/\/www.fetagrs.org.br\/?s={search_term_string}"},"query-input":{"@type":"PropertyValueSpecification","valueRequired":true,"valueName":"search_term_string"}}],"inLanguage":"pt-BR"},{"@type":"Organization","@id":"https:\/\/www.fetagrs.org.br\/#organization","name":"Federa\u00e7\u00e3o dos Trabalhadores na Agricultura no Rio Grande do Sul","url":"https:\/\/www.fetagrs.org.br\/","logo":{"@type":"ImageObject","inLanguage":"pt-BR","@id":"https:\/\/www.fetagrs.org.br\/#\/schema\/logo\/image\/","url":"http:\/\/fetagrs.org.br\/wp-content\/uploads\/2020\/12\/FETAG-RS.jpg","contentUrl":"http:\/\/fetagrs.org.br\/wp-content\/uploads\/2020\/12\/FETAG-RS.jpg","width":561,"height":598,"caption":"Federa\u00e7\u00e3o dos Trabalhadores na Agricultura no Rio Grande do Sul"},"image":{"@id":"https:\/\/www.fetagrs.org.br\/#\/schema\/logo\/image\/"},"sameAs":["https:\/\/www.facebook.com\/fetagrs","https:\/\/www.instagram.com\/fetagrs\/","https:\/\/www.youtube.com\/c\/TVFETAGRS\/featured"]},{"@type":"Person","@id":"https:\/\/www.fetagrs.org.br\/#\/schema\/person\/414925669ddee89f2bb52fcc97310ea8","name":"Camila dos Santos","image":{"@type":"ImageObject","inLanguage":"pt-BR","@id":"https:\/\/www.fetagrs.org.br\/#\/schema\/person\/image\/","url":"https:\/\/secure.gravatar.com\/avatar\/177064ae07f49fc3b530bc0911ff4424e621528eb067022c8663e5f4c4031fa8?s=96&d=mm&r=g","contentUrl":"https:\/\/secure.gravatar.com\/avatar\/177064ae07f49fc3b530bc0911ff4424e621528eb067022c8663e5f4c4031fa8?s=96&d=mm&r=g","caption":"Camila dos Santos"},"url":"https:\/\/www.fetagrs.org.br\/?author=10"}]}},"_links":{"self":[{"href":"https:\/\/www.fetagrs.org.br\/index.php?rest_route=\/wp\/v2\/posts\/53192","targetHints":{"allow":["GET"]}}],"collection":[{"href":"https:\/\/www.fetagrs.org.br\/index.php?rest_route=\/wp\/v2\/posts"}],"about":[{"href":"https:\/\/www.fetagrs.org.br\/index.php?rest_route=\/wp\/v2\/types\/post"}],"author":[{"embeddable":true,"href":"https:\/\/www.fetagrs.org.br\/index.php?rest_route=\/wp\/v2\/users\/10"}],"replies":[{"embeddable":true,"href":"https:\/\/www.fetagrs.org.br\/index.php?rest_route=%2Fwp%2Fv2%2Fcomments&post=53192"}],"version-history":[{"count":1,"href":"https:\/\/www.fetagrs.org.br\/index.php?rest_route=\/wp\/v2\/posts\/53192\/revisions"}],"predecessor-version":[{"id":53194,"href":"https:\/\/www.fetagrs.org.br\/index.php?rest_route=\/wp\/v2\/posts\/53192\/revisions\/53194"}],"wp:featuredmedia":[{"embeddable":true,"href":"https:\/\/www.fetagrs.org.br\/index.php?rest_route=\/wp\/v2\/media\/53193"}],"wp:attachment":[{"href":"https:\/\/www.fetagrs.org.br\/index.php?rest_route=%2Fwp%2Fv2%2Fmedia&parent=53192"}],"wp:term":[{"taxonomy":"category","embeddable":true,"href":"https:\/\/www.fetagrs.org.br\/index.php?rest_route=%2Fwp%2Fv2%2Fcategories&post=53192"},{"taxonomy":"post_tag","embeddable":true,"href":"https:\/\/www.fetagrs.org.br\/index.php?rest_route=%2Fwp%2Fv2%2Ftags&post=53192"}],"curies":[{"name":"wp","href":"https:\/\/api.w.org\/{rel}","templated":true}]}}