{"id":53025,"date":"2025-04-24T10:38:08","date_gmt":"2025-04-24T13:38:08","guid":{"rendered":"https:\/\/www.fetagrs.org.br\/?p=53025"},"modified":"2025-04-24T10:38:08","modified_gmt":"2025-04-24T13:38:08","slug":"fetag-rs-reforca-cobranca-por-solucoes-concretas-ao-endividamento-de-agricultores-e-pecuaristas-familiares","status":"publish","type":"post","link":"https:\/\/www.fetagrs.org.br\/?p=53025","title":{"rendered":"FETAG-RS refor\u00e7a cobran\u00e7a por solu\u00e7\u00f5es concretas ao endividamento de agricultores e pecuaristas familiares"},"content":{"rendered":"<img loading=\"lazy\" decoding=\"async\" class=\"size-medium wp-image-53026 aligncenter\" src=\"http:\/\/www.fetagrs.org.br\/wp-content\/uploads\/2025\/04\/d1bc5499-4dbe-449d-9c3a-3d3b727ff8b9-300x134.jpeg\" alt=\"\" width=\"300\" height=\"134\" srcset=\"https:\/\/www.fetagrs.org.br\/wp-content\/uploads\/2025\/04\/d1bc5499-4dbe-449d-9c3a-3d3b727ff8b9-300x134.jpeg 300w, https:\/\/www.fetagrs.org.br\/wp-content\/uploads\/2025\/04\/d1bc5499-4dbe-449d-9c3a-3d3b727ff8b9-1024x457.jpeg 1024w, https:\/\/www.fetagrs.org.br\/wp-content\/uploads\/2025\/04\/d1bc5499-4dbe-449d-9c3a-3d3b727ff8b9-768x343.jpeg 768w, https:\/\/www.fetagrs.org.br\/wp-content\/uploads\/2025\/04\/d1bc5499-4dbe-449d-9c3a-3d3b727ff8b9.jpeg 1280w\" sizes=\"auto, (max-width: 300px) 100vw, 300px\" \/>\n<p>Dando continuidade \u00e0s tratativas iniciadas em Bras\u00edlia, a Federa\u00e7\u00e3o dos Trabalhadores na Agricultura no Rio Grande do Sul (FETAG-RS) participou, na tarde desta quarta-feira (23\/04), de uma reuni\u00e3o remota com os Minist\u00e9rios da Fazenda, da Agricultura e Pecu\u00e1ria, e do Desenvolvimento Agr\u00e1rio e Agricultura Familiar, para aprofundar as discuss\u00f5es sobre a proposta de securitiza\u00e7\u00e3o das d\u00edvidas dos agricultores e pecuaristas familiares do estado. A Federa\u00e7\u00e3o foi representada pelo secret\u00e1rio executivo Kaliton Prestes.<\/p>\n<p>A agenda integrou o encaminhamento definido na semana passada, que previa a realiza\u00e7\u00e3o de uma reuni\u00e3o t\u00e9cnica. O objetivo foi avan\u00e7ar nos detalhes operacionais da proposta, considerada essencial para garantir condi\u00e7\u00f5es reais de recupera\u00e7\u00e3o \u00e0s fam\u00edlias do campo, fortemente impactadas por quatro estiagens consecutivas e pela enchente hist\u00f3rica de 2024.<\/p>\n<p>Apesar da aus\u00eancia dos agentes financeiros nesta etapa, o encontro permitiu o aprofundamento das discuss\u00f5es t\u00e9cnicas entre os \u00f3rg\u00e3os federais e as entidades representativas. Durante a reuni\u00e3o foi encaminhado a amplia\u00e7\u00e3o da possibilidade de renegocia\u00e7\u00e3o das d\u00edvidas de custeio e investimento aos produtores enquadrados no Pronaf, Pronamp e Demais pelo Manual de Cr\u00e9dito Rural. Ser\u00e1 votada uma resolu\u00e7\u00e3o no Conselho Monet\u00e1rio Nacional tratando deste tema. Mais tarde, no mesmo dia, ocorreu uma segunda agenda com a participa\u00e7\u00e3o dos senadores Luis Carlos Heinze e Hamilton Mour\u00e3o, que se reuniram com o ministro da Fazenda, Fernando Haddad, para refor\u00e7ar a proposta de securitiza\u00e7\u00e3o em 20 anos \u2014 considerada priorit\u00e1ria pelas entidades rurais.<\/p>\n<p>Contudo, segundo os parlamentares, o ministro sinalizou que a proposta n\u00e3o ser\u00e1 acatada nos moldes apresentados, sob o argumento de que os bancos j\u00e1 est\u00e3o autorizados a prorrogar custeios por at\u00e9 quatro anos e investimentos por mais um ano no final dos contratos, conforme o Manual de Cr\u00e9dito Rural. Ainda segundo o governo, a proposta de cr\u00e9dito de R$ 27 bilh\u00f5es defendida pelos senadores tamb\u00e9m foi considerada invi\u00e1vel, al\u00e9m de precisar ter abrang\u00eancia nacional e n\u00e3o apenas regional.<\/p>\n<p>Diante disso, o presidente da FETAG-RS, Carlos Joel da Silva, demonstrou insatisfa\u00e7\u00e3o com a postura do governo:<br \/>\n\u201cO que vemos \u00e9 que o governo segue sentado sobre a mesma proposta, achando que vai resolver o problema do endividamento agr\u00edcola apenas com o Manual de Cr\u00e9dito Rural. Para n\u00f3s, isso \u00e9 insuficiente. Essas reuni\u00f5es para marcar mais reuni\u00f5es n\u00e3o servem mais. Precisamos de respeito com os agricultores e pecuaristas familiares, que enfrentam uma situa\u00e7\u00e3o grav\u00edssima. No dia 29, vamos reunir os 312 sindicatos filiados \u00e0 FETAG-RS em Assembleia, e vamos definir quando e onde retomaremos as mobiliza\u00e7\u00f5es. A luta continua.\u201d<\/p>\n<p>A FETAG-RS reafirma que o tempo de reuni\u00f5es inconclusivas acabou. Os agricultores e pecuaristas familiares do Rio Grande do Sul enfrentam uma realidade dura, marcada por perdas sucessivas, e n\u00e3o podem mais esperar. O que o campo precisa agora s\u00e3o solu\u00e7\u00f5es urgentes, concretas e eficazes. Reuni\u00e3o por reuni\u00e3o, sem respostas reais, \u00e9 desrespeito com quem produz o alimento do pa\u00eds.<\/p>\n","protected":false},"excerpt":{"rendered":"<p>Dando continuidade \u00e0s tratativas iniciadas em Bras\u00edlia, a Federa\u00e7\u00e3o dos Trabalhadores na Agricultura no Rio Grande do Sul (FETAG-RS) participou, na tarde desta quarta-feira (23\/04), de uma reuni\u00e3o remota com os Minist\u00e9rios da Fazenda, da Agricultura e Pecu\u00e1ria, e do Desenvolvimento Agr\u00e1rio e Agricultura Familiar, para aprofundar as discuss\u00f5es sobre a proposta de securitiza\u00e7\u00e3o das&#8230;  <a class=\"excerpt-read-more\" href=\"https:\/\/www.fetagrs.org.br\/?p=53025\" title=\"Read FETAG-RS refor\u00e7a cobran\u00e7a por solu\u00e7\u00f5es concretas ao endividamento de agricultores e pecuaristas familiares\">Leia mais &raquo;<\/a><\/p>\n","protected":false},"author":9,"featured_media":53026,"comment_status":"open","ping_status":"open","sticky":false,"template":"","format":"standard","meta":{"footnotes":"","_links_to":"","_links_to_target":""},"categories":[4,3],"tags":[],"class_list":["post-53025","post","type-post","status-publish","format-standard","has-post-thumbnail","hentry","category-destaques","category-noticias"],"yoast_head":"<!-- This site is optimized with the Yoast SEO plugin v26.8 - https:\/\/yoast.com\/product\/yoast-seo-wordpress\/ -->\n<title>FETAG-RS refor\u00e7a cobran\u00e7a por solu\u00e7\u00f5es concretas ao endividamento de agricultores e pecuaristas familiares - FETAG-RS<\/title>\n<meta name=\"robots\" content=\"index, follow, max-snippet:-1, max-image-preview:large, max-video-preview:-1\" \/>\n<link rel=\"canonical\" href=\"https:\/\/www.fetagrs.org.br\/?p=53025\" \/>\n<meta property=\"og:locale\" content=\"pt_BR\" \/>\n<meta property=\"og:type\" content=\"article\" \/>\n<meta property=\"og:title\" content=\"FETAG-RS refor\u00e7a cobran\u00e7a por solu\u00e7\u00f5es concretas ao endividamento de agricultores e pecuaristas familiares - FETAG-RS\" \/>\n<meta property=\"og:description\" content=\"Dando continuidade \u00e0s tratativas iniciadas em Bras\u00edlia, a Federa\u00e7\u00e3o dos Trabalhadores na Agricultura no Rio Grande do Sul (FETAG-RS) participou, na tarde desta quarta-feira (23\/04), de uma reuni\u00e3o remota com os Minist\u00e9rios da Fazenda, da Agricultura e Pecu\u00e1ria, e do Desenvolvimento Agr\u00e1rio e Agricultura Familiar, para aprofundar as discuss\u00f5es sobre a proposta de securitiza\u00e7\u00e3o das... Leia mais &raquo;\" \/>\n<meta property=\"og:url\" content=\"https:\/\/www.fetagrs.org.br\/?p=53025\" \/>\n<meta property=\"og:site_name\" content=\"FETAG-RS\" \/>\n<meta property=\"article:publisher\" content=\"https:\/\/www.facebook.com\/fetagrs\" \/>\n<meta property=\"article:published_time\" content=\"2025-04-24T13:38:08+00:00\" \/>\n<meta property=\"og:image\" content=\"https:\/\/www.fetagrs.org.br\/wp-content\/uploads\/2025\/04\/d1bc5499-4dbe-449d-9c3a-3d3b727ff8b9.jpeg\" \/>\n\t<meta property=\"og:image:width\" content=\"1280\" \/>\n\t<meta property=\"og:image:height\" content=\"571\" \/>\n\t<meta property=\"og:image:type\" content=\"image\/jpeg\" \/>\n<meta name=\"author\" content=\"Ketruin da Silva\" \/>\n<meta name=\"twitter:card\" content=\"summary_large_image\" \/>\n<script type=\"application\/ld+json\" class=\"yoast-schema-graph\">{\"@context\":\"https:\/\/schema.org\",\"@graph\":[{\"@type\":\"Article\",\"@id\":\"https:\/\/www.fetagrs.org.br\/?p=53025#article\",\"isPartOf\":{\"@id\":\"https:\/\/www.fetagrs.org.br\/?p=53025\"},\"author\":{\"name\":\"Ketruin da Silva\",\"@id\":\"https:\/\/www.fetagrs.org.br\/#\/schema\/person\/7358fd50f533892509a4586972908bcf\"},\"headline\":\"FETAG-RS refor\u00e7a cobran\u00e7a por solu\u00e7\u00f5es concretas ao endividamento de agricultores e pecuaristas familiares\",\"datePublished\":\"2025-04-24T13:38:08+00:00\",\"mainEntityOfPage\":{\"@id\":\"https:\/\/www.fetagrs.org.br\/?p=53025\"},\"wordCount\":536,\"commentCount\":0,\"publisher\":{\"@id\":\"https:\/\/www.fetagrs.org.br\/#organization\"},\"image\":{\"@id\":\"https:\/\/www.fetagrs.org.br\/?p=53025#primaryimage\"},\"thumbnailUrl\":\"https:\/\/www.fetagrs.org.br\/wp-content\/uploads\/2025\/04\/d1bc5499-4dbe-449d-9c3a-3d3b727ff8b9.jpeg\",\"articleSection\":[\"Destaques\",\"Not\u00edcias\"],\"inLanguage\":\"pt-BR\",\"potentialAction\":[{\"@type\":\"CommentAction\",\"name\":\"Comment\",\"target\":[\"https:\/\/www.fetagrs.org.br\/?p=53025#respond\"]}]},{\"@type\":\"WebPage\",\"@id\":\"https:\/\/www.fetagrs.org.br\/?p=53025\",\"url\":\"https:\/\/www.fetagrs.org.br\/?p=53025\",\"name\":\"FETAG-RS refor\u00e7a cobran\u00e7a por solu\u00e7\u00f5es concretas ao endividamento de agricultores e pecuaristas familiares - FETAG-RS\",\"isPartOf\":{\"@id\":\"https:\/\/www.fetagrs.org.br\/#website\"},\"primaryImageOfPage\":{\"@id\":\"https:\/\/www.fetagrs.org.br\/?p=53025#primaryimage\"},\"image\":{\"@id\":\"https:\/\/www.fetagrs.org.br\/?p=53025#primaryimage\"},\"thumbnailUrl\":\"https:\/\/www.fetagrs.org.br\/wp-content\/uploads\/2025\/04\/d1bc5499-4dbe-449d-9c3a-3d3b727ff8b9.jpeg\",\"datePublished\":\"2025-04-24T13:38:08+00:00\",\"breadcrumb\":{\"@id\":\"https:\/\/www.fetagrs.org.br\/?p=53025#breadcrumb\"},\"inLanguage\":\"pt-BR\",\"potentialAction\":[{\"@type\":\"ReadAction\",\"target\":[\"https:\/\/www.fetagrs.org.br\/?p=53025\"]}]},{\"@type\":\"ImageObject\",\"inLanguage\":\"pt-BR\",\"@id\":\"https:\/\/www.fetagrs.org.br\/?p=53025#primaryimage\",\"url\":\"https:\/\/www.fetagrs.org.br\/wp-content\/uploads\/2025\/04\/d1bc5499-4dbe-449d-9c3a-3d3b727ff8b9.jpeg\",\"contentUrl\":\"https:\/\/www.fetagrs.org.br\/wp-content\/uploads\/2025\/04\/d1bc5499-4dbe-449d-9c3a-3d3b727ff8b9.jpeg\",\"width\":1280,\"height\":571},{\"@type\":\"BreadcrumbList\",\"@id\":\"https:\/\/www.fetagrs.org.br\/?p=53025#breadcrumb\",\"itemListElement\":[{\"@type\":\"ListItem\",\"position\":1,\"name\":\"In\u00edcio\",\"item\":\"https:\/\/www.fetagrs.org.br\/\"},{\"@type\":\"ListItem\",\"position\":2,\"name\":\"FETAG-RS refor\u00e7a cobran\u00e7a por solu\u00e7\u00f5es concretas ao endividamento de agricultores e pecuaristas familiares\"}]},{\"@type\":\"WebSite\",\"@id\":\"https:\/\/www.fetagrs.org.br\/#website\",\"url\":\"https:\/\/www.fetagrs.org.br\/\",\"name\":\"FETAG-RS\",\"description\":\"Federa\u00e7\u00e3o dos Trabalhadores na Agricultura no RS\",\"publisher\":{\"@id\":\"https:\/\/www.fetagrs.org.br\/#organization\"},\"potentialAction\":[{\"@type\":\"SearchAction\",\"target\":{\"@type\":\"EntryPoint\",\"urlTemplate\":\"https:\/\/www.fetagrs.org.br\/?s={search_term_string}\"},\"query-input\":{\"@type\":\"PropertyValueSpecification\",\"valueRequired\":true,\"valueName\":\"search_term_string\"}}],\"inLanguage\":\"pt-BR\"},{\"@type\":\"Organization\",\"@id\":\"https:\/\/www.fetagrs.org.br\/#organization\",\"name\":\"Federa\u00e7\u00e3o dos Trabalhadores na Agricultura no Rio Grande do Sul\",\"url\":\"https:\/\/www.fetagrs.org.br\/\",\"logo\":{\"@type\":\"ImageObject\",\"inLanguage\":\"pt-BR\",\"@id\":\"https:\/\/www.fetagrs.org.br\/#\/schema\/logo\/image\/\",\"url\":\"http:\/\/fetagrs.org.br\/wp-content\/uploads\/2020\/12\/FETAG-RS.jpg\",\"contentUrl\":\"http:\/\/fetagrs.org.br\/wp-content\/uploads\/2020\/12\/FETAG-RS.jpg\",\"width\":561,\"height\":598,\"caption\":\"Federa\u00e7\u00e3o dos Trabalhadores na Agricultura no Rio Grande do Sul\"},\"image\":{\"@id\":\"https:\/\/www.fetagrs.org.br\/#\/schema\/logo\/image\/\"},\"sameAs\":[\"https:\/\/www.facebook.com\/fetagrs\",\"https:\/\/www.instagram.com\/fetagrs\/\",\"https:\/\/www.youtube.com\/c\/TVFETAGRS\/featured\"]},{\"@type\":\"Person\",\"@id\":\"https:\/\/www.fetagrs.org.br\/#\/schema\/person\/7358fd50f533892509a4586972908bcf\",\"name\":\"Ketruin da Silva\",\"image\":{\"@type\":\"ImageObject\",\"inLanguage\":\"pt-BR\",\"@id\":\"https:\/\/www.fetagrs.org.br\/#\/schema\/person\/image\/\",\"url\":\"https:\/\/secure.gravatar.com\/avatar\/f19936d1be5cf0fc837c2d51bcd89fccfb9ce7416df42b4ba42dcffb96a7940b?s=96&d=mm&r=g\",\"contentUrl\":\"https:\/\/secure.gravatar.com\/avatar\/f19936d1be5cf0fc837c2d51bcd89fccfb9ce7416df42b4ba42dcffb96a7940b?s=96&d=mm&r=g\",\"caption\":\"Ketruin da Silva\"},\"url\":\"https:\/\/www.fetagrs.org.br\/?author=9\"}]}<\/script>\n<!-- \/ Yoast SEO plugin. -->","yoast_head_json":{"title":"FETAG-RS refor\u00e7a cobran\u00e7a por solu\u00e7\u00f5es concretas ao endividamento de agricultores e pecuaristas familiares - FETAG-RS","robots":{"index":"index","follow":"follow","max-snippet":"max-snippet:-1","max-image-preview":"max-image-preview:large","max-video-preview":"max-video-preview:-1"},"canonical":"https:\/\/www.fetagrs.org.br\/?p=53025","og_locale":"pt_BR","og_type":"article","og_title":"FETAG-RS refor\u00e7a cobran\u00e7a por solu\u00e7\u00f5es concretas ao endividamento de agricultores e pecuaristas familiares - FETAG-RS","og_description":"Dando continuidade \u00e0s tratativas iniciadas em Bras\u00edlia, a Federa\u00e7\u00e3o dos Trabalhadores na Agricultura no Rio Grande do Sul (FETAG-RS) participou, na tarde desta quarta-feira (23\/04), de uma reuni\u00e3o remota com os Minist\u00e9rios da Fazenda, da Agricultura e Pecu\u00e1ria, e do Desenvolvimento Agr\u00e1rio e Agricultura Familiar, para aprofundar as discuss\u00f5es sobre a proposta de securitiza\u00e7\u00e3o das... Leia mais &raquo;","og_url":"https:\/\/www.fetagrs.org.br\/?p=53025","og_site_name":"FETAG-RS","article_publisher":"https:\/\/www.facebook.com\/fetagrs","article_published_time":"2025-04-24T13:38:08+00:00","og_image":[{"width":1280,"height":571,"url":"https:\/\/www.fetagrs.org.br\/wp-content\/uploads\/2025\/04\/d1bc5499-4dbe-449d-9c3a-3d3b727ff8b9.jpeg","type":"image\/jpeg"}],"author":"Ketruin da Silva","twitter_card":"summary_large_image","schema":{"@context":"https:\/\/schema.org","@graph":[{"@type":"Article","@id":"https:\/\/www.fetagrs.org.br\/?p=53025#article","isPartOf":{"@id":"https:\/\/www.fetagrs.org.br\/?p=53025"},"author":{"name":"Ketruin da Silva","@id":"https:\/\/www.fetagrs.org.br\/#\/schema\/person\/7358fd50f533892509a4586972908bcf"},"headline":"FETAG-RS refor\u00e7a cobran\u00e7a por solu\u00e7\u00f5es concretas ao endividamento de agricultores e pecuaristas familiares","datePublished":"2025-04-24T13:38:08+00:00","mainEntityOfPage":{"@id":"https:\/\/www.fetagrs.org.br\/?p=53025"},"wordCount":536,"commentCount":0,"publisher":{"@id":"https:\/\/www.fetagrs.org.br\/#organization"},"image":{"@id":"https:\/\/www.fetagrs.org.br\/?p=53025#primaryimage"},"thumbnailUrl":"https:\/\/www.fetagrs.org.br\/wp-content\/uploads\/2025\/04\/d1bc5499-4dbe-449d-9c3a-3d3b727ff8b9.jpeg","articleSection":["Destaques","Not\u00edcias"],"inLanguage":"pt-BR","potentialAction":[{"@type":"CommentAction","name":"Comment","target":["https:\/\/www.fetagrs.org.br\/?p=53025#respond"]}]},{"@type":"WebPage","@id":"https:\/\/www.fetagrs.org.br\/?p=53025","url":"https:\/\/www.fetagrs.org.br\/?p=53025","name":"FETAG-RS refor\u00e7a cobran\u00e7a por solu\u00e7\u00f5es concretas ao endividamento de agricultores e pecuaristas familiares - FETAG-RS","isPartOf":{"@id":"https:\/\/www.fetagrs.org.br\/#website"},"primaryImageOfPage":{"@id":"https:\/\/www.fetagrs.org.br\/?p=53025#primaryimage"},"image":{"@id":"https:\/\/www.fetagrs.org.br\/?p=53025#primaryimage"},"thumbnailUrl":"https:\/\/www.fetagrs.org.br\/wp-content\/uploads\/2025\/04\/d1bc5499-4dbe-449d-9c3a-3d3b727ff8b9.jpeg","datePublished":"2025-04-24T13:38:08+00:00","breadcrumb":{"@id":"https:\/\/www.fetagrs.org.br\/?p=53025#breadcrumb"},"inLanguage":"pt-BR","potentialAction":[{"@type":"ReadAction","target":["https:\/\/www.fetagrs.org.br\/?p=53025"]}]},{"@type":"ImageObject","inLanguage":"pt-BR","@id":"https:\/\/www.fetagrs.org.br\/?p=53025#primaryimage","url":"https:\/\/www.fetagrs.org.br\/wp-content\/uploads\/2025\/04\/d1bc5499-4dbe-449d-9c3a-3d3b727ff8b9.jpeg","contentUrl":"https:\/\/www.fetagrs.org.br\/wp-content\/uploads\/2025\/04\/d1bc5499-4dbe-449d-9c3a-3d3b727ff8b9.jpeg","width":1280,"height":571},{"@type":"BreadcrumbList","@id":"https:\/\/www.fetagrs.org.br\/?p=53025#breadcrumb","itemListElement":[{"@type":"ListItem","position":1,"name":"In\u00edcio","item":"https:\/\/www.fetagrs.org.br\/"},{"@type":"ListItem","position":2,"name":"FETAG-RS refor\u00e7a cobran\u00e7a por solu\u00e7\u00f5es concretas ao endividamento de agricultores e pecuaristas familiares"}]},{"@type":"WebSite","@id":"https:\/\/www.fetagrs.org.br\/#website","url":"https:\/\/www.fetagrs.org.br\/","name":"FETAG-RS","description":"Federa\u00e7\u00e3o dos Trabalhadores na Agricultura no RS","publisher":{"@id":"https:\/\/www.fetagrs.org.br\/#organization"},"potentialAction":[{"@type":"SearchAction","target":{"@type":"EntryPoint","urlTemplate":"https:\/\/www.fetagrs.org.br\/?s={search_term_string}"},"query-input":{"@type":"PropertyValueSpecification","valueRequired":true,"valueName":"search_term_string"}}],"inLanguage":"pt-BR"},{"@type":"Organization","@id":"https:\/\/www.fetagrs.org.br\/#organization","name":"Federa\u00e7\u00e3o dos Trabalhadores na Agricultura no Rio Grande do Sul","url":"https:\/\/www.fetagrs.org.br\/","logo":{"@type":"ImageObject","inLanguage":"pt-BR","@id":"https:\/\/www.fetagrs.org.br\/#\/schema\/logo\/image\/","url":"http:\/\/fetagrs.org.br\/wp-content\/uploads\/2020\/12\/FETAG-RS.jpg","contentUrl":"http:\/\/fetagrs.org.br\/wp-content\/uploads\/2020\/12\/FETAG-RS.jpg","width":561,"height":598,"caption":"Federa\u00e7\u00e3o dos Trabalhadores na Agricultura no Rio Grande do Sul"},"image":{"@id":"https:\/\/www.fetagrs.org.br\/#\/schema\/logo\/image\/"},"sameAs":["https:\/\/www.facebook.com\/fetagrs","https:\/\/www.instagram.com\/fetagrs\/","https:\/\/www.youtube.com\/c\/TVFETAGRS\/featured"]},{"@type":"Person","@id":"https:\/\/www.fetagrs.org.br\/#\/schema\/person\/7358fd50f533892509a4586972908bcf","name":"Ketruin da Silva","image":{"@type":"ImageObject","inLanguage":"pt-BR","@id":"https:\/\/www.fetagrs.org.br\/#\/schema\/person\/image\/","url":"https:\/\/secure.gravatar.com\/avatar\/f19936d1be5cf0fc837c2d51bcd89fccfb9ce7416df42b4ba42dcffb96a7940b?s=96&d=mm&r=g","contentUrl":"https:\/\/secure.gravatar.com\/avatar\/f19936d1be5cf0fc837c2d51bcd89fccfb9ce7416df42b4ba42dcffb96a7940b?s=96&d=mm&r=g","caption":"Ketruin da Silva"},"url":"https:\/\/www.fetagrs.org.br\/?author=9"}]}},"_links":{"self":[{"href":"https:\/\/www.fetagrs.org.br\/index.php?rest_route=\/wp\/v2\/posts\/53025","targetHints":{"allow":["GET"]}}],"collection":[{"href":"https:\/\/www.fetagrs.org.br\/index.php?rest_route=\/wp\/v2\/posts"}],"about":[{"href":"https:\/\/www.fetagrs.org.br\/index.php?rest_route=\/wp\/v2\/types\/post"}],"author":[{"embeddable":true,"href":"https:\/\/www.fetagrs.org.br\/index.php?rest_route=\/wp\/v2\/users\/9"}],"replies":[{"embeddable":true,"href":"https:\/\/www.fetagrs.org.br\/index.php?rest_route=%2Fwp%2Fv2%2Fcomments&post=53025"}],"version-history":[{"count":2,"href":"https:\/\/www.fetagrs.org.br\/index.php?rest_route=\/wp\/v2\/posts\/53025\/revisions"}],"predecessor-version":[{"id":53028,"href":"https:\/\/www.fetagrs.org.br\/index.php?rest_route=\/wp\/v2\/posts\/53025\/revisions\/53028"}],"wp:featuredmedia":[{"embeddable":true,"href":"https:\/\/www.fetagrs.org.br\/index.php?rest_route=\/wp\/v2\/media\/53026"}],"wp:attachment":[{"href":"https:\/\/www.fetagrs.org.br\/index.php?rest_route=%2Fwp%2Fv2%2Fmedia&parent=53025"}],"wp:term":[{"taxonomy":"category","embeddable":true,"href":"https:\/\/www.fetagrs.org.br\/index.php?rest_route=%2Fwp%2Fv2%2Fcategories&post=53025"},{"taxonomy":"post_tag","embeddable":true,"href":"https:\/\/www.fetagrs.org.br\/index.php?rest_route=%2Fwp%2Fv2%2Ftags&post=53025"}],"curies":[{"name":"wp","href":"https:\/\/api.w.org\/{rel}","templated":true}]}}