{"id":53019,"date":"2025-04-16T16:08:06","date_gmt":"2025-04-16T19:08:06","guid":{"rendered":"https:\/\/www.fetagrs.org.br\/?p=53019"},"modified":"2025-04-16T16:08:06","modified_gmt":"2025-04-16T19:08:06","slug":"fetag-rs-busca-ampliar-participacao-de-jovens-no-programa-nacional-de-credito-fundiario-para-a-juventude-rural","status":"publish","type":"post","link":"https:\/\/www.fetagrs.org.br\/?p=53019","title":{"rendered":"FETAG-RS busca ampliar participa\u00e7\u00e3o de jovens no Programa Nacional de Cr\u00e9dito Fundi\u00e1rio para a Juventude Rural"},"content":{"rendered":"<img loading=\"lazy\" decoding=\"async\" class=\"size-medium wp-image-53020 aligncenter\" src=\"http:\/\/www.fetagrs.org.br\/wp-content\/uploads\/2025\/04\/WhatsApp-Image-2025-04-16-at-09.55.54-300x225.jpeg\" alt=\"\" width=\"300\" height=\"225\" \/>\n<p>Reuni\u00e3o com o MDA prop\u00f5e a\u00e7\u00f5es de incentivo \u00e0 perman\u00eancia da juventude no campo por meio do acesso \u00e0 terra<\/p>\n<p>A Federa\u00e7\u00e3o dos Trabalhadores na Agricultura no Rio Grande do Sul (FETAG-RS) esteve reunida na quarta-feira (15\/04) com o superintendente do Minist\u00e9rio do Desenvolvimento Agr\u00e1rio (MDA), Milton Bernardes. A pauta \u2014 cr\u00e9dito fundi\u00e1rio para a juventude e acesso \u00e0 terra \u2014 surgiu da mobiliza\u00e7\u00e3o da juventude rural da FETAG-RS, constru\u00edda em espa\u00e7os de debate e delibera\u00e7\u00e3o, como a Plen\u00e1ria Estadual realizada em agosto de 2023.<\/p>\n<p>A coordenadora da Juventude Rural e vice-presidente do IFISM, Camila Rode, participou da reuni\u00e3o acompanhada pelo vice-presidente e diretor de Pol\u00edtica Agr\u00edcola, Eug\u00eanio Zanetti; pelo diretor Samuel Santos; e pelo engenheiro agr\u00f4nomo e respons\u00e1vel t\u00e9cnico pelo cr\u00e9dito fundi\u00e1rio, Adrik Richter.<\/p>\n<p>Durante o di\u00e1logo com o superintendente, a FETAG-RS solicitou recursos para a\u00e7\u00f5es de sensibiliza\u00e7\u00e3o e divulga\u00e7\u00e3o do Programa Nacional de Cr\u00e9dito Fundi\u00e1rio (PNCF), com o objetivo de ampliar a participa\u00e7\u00e3o de jovens rurais de todas as regi\u00f5es do estado.<\/p>\n<p>O encontro, realizado em Porto Alegre, teve como foco a defini\u00e7\u00e3o de estrat\u00e9gias que incentivem a ades\u00e3o da juventude ao PNCF. A proposta \u00e9 viabilizar projetos que ampliem o acesso dos jovens do campo ao cr\u00e9dito fundi\u00e1rio e, consequentemente, \u00e0 terra.<\/p>\n<p>Como resultado da articula\u00e7\u00e3o, foi formalizado o compromisso de repasse no valor de R$ 230 mil para a execu\u00e7\u00e3o de um projeto voltado \u00e0 mobiliza\u00e7\u00e3o, articula\u00e7\u00e3o e sensibiliza\u00e7\u00e3o da juventude rural em torno do PNCF.<\/p>\n<p>&#8220;A perman\u00eancia da juventude no campo est\u00e1 diretamente relacionada ao acesso a pol\u00edticas p\u00fablicas estruturantes. O Cr\u00e9dito Fundi\u00e1rio \u00e9 uma das principais ferramentas para isso, pois permite que o jovem adquira seu pr\u00f3prio peda\u00e7o de terra e inicie sua trajet\u00f3ria na agricultura familiar. Precisamos garantir que eles tenham acesso \u00e0 informa\u00e7\u00e3o e apoio para seguir esse caminho&#8221;, destacou a diretora Camila Rode.<\/p>\n<p>Sobre o PNCF:<\/p>\n<p>O Programa Nacional de Cr\u00e9dito Fundi\u00e1rio \u00e9 uma pol\u00edtica p\u00fablica federal que oferece financiamento com juros baixos e prazos acess\u00edveis para que agricultores familiares, assentados da reforma agr\u00e1ria e jovens do meio rural possam adquirir terras. Al\u00e9m de promover o acesso \u00e0 terra, o programa contribui para a sucess\u00e3o rural, combate o \u00eaxodo do campo e fortalece a agricultura familiar como base da produ\u00e7\u00e3o de alimentos no Brasil.<\/p>\n<p>A FETAG-RS refor\u00e7a seu compromisso com a valoriza\u00e7\u00e3o da juventude rural e seguir\u00e1 atuando junto aos \u00f3rg\u00e3os competentes para garantir mais oportunidades e dignidade aos jovens do campo.<\/p>\n<p>&nbsp;<\/p>\n<p>Leia tamb\u00e9m: <a href=\"https:\/\/www.fetagrs.org.br\/?p=52965\"><span style=\"font-size: 12pt;\">Fetag-RS e IFSIM prop\u00f5e no Minist\u00e9rio do Desenvolvimento Agr\u00e1rio projeto de mobiliza\u00e7\u00e3o da juventude rural para acesso ao PNCF<\/span><\/a><\/p>\n","protected":false},"excerpt":{"rendered":"<p>Reuni\u00e3o com o MDA prop\u00f5e a\u00e7\u00f5es de incentivo \u00e0 perman\u00eancia da juventude no campo por meio do acesso \u00e0 terra A Federa\u00e7\u00e3o dos Trabalhadores na Agricultura no Rio Grande do Sul (FETAG-RS) esteve reunida na quarta-feira (15\/04) com o superintendente do Minist\u00e9rio do Desenvolvimento Agr\u00e1rio (MDA), Milton Bernardes. A pauta \u2014 cr\u00e9dito fundi\u00e1rio para a&#8230;  <a class=\"excerpt-read-more\" href=\"https:\/\/www.fetagrs.org.br\/?p=53019\" title=\"Read FETAG-RS busca ampliar participa\u00e7\u00e3o de jovens no Programa Nacional de Cr\u00e9dito Fundi\u00e1rio para a Juventude Rural\">Leia mais &raquo;<\/a><\/p>\n","protected":false},"author":10,"featured_media":53020,"comment_status":"open","ping_status":"open","sticky":false,"template":"","format":"standard","meta":{"footnotes":"","_links_to":"","_links_to_target":""},"categories":[4,3],"tags":[],"class_list":["post-53019","post","type-post","status-publish","format-standard","has-post-thumbnail","hentry","category-destaques","category-noticias"],"yoast_head":"<!-- This site is optimized with the Yoast SEO plugin v26.8 - https:\/\/yoast.com\/product\/yoast-seo-wordpress\/ -->\n<title>FETAG-RS busca ampliar participa\u00e7\u00e3o de jovens no Programa Nacional de Cr\u00e9dito Fundi\u00e1rio para a Juventude Rural - FETAG-RS<\/title>\n<meta name=\"robots\" content=\"index, follow, max-snippet:-1, max-image-preview:large, max-video-preview:-1\" \/>\n<link rel=\"canonical\" href=\"https:\/\/www.fetagrs.org.br\/?p=53019\" \/>\n<meta property=\"og:locale\" content=\"pt_BR\" \/>\n<meta property=\"og:type\" content=\"article\" \/>\n<meta property=\"og:title\" content=\"FETAG-RS busca ampliar participa\u00e7\u00e3o de jovens no Programa Nacional de Cr\u00e9dito Fundi\u00e1rio para a Juventude Rural - FETAG-RS\" \/>\n<meta property=\"og:description\" content=\"Reuni\u00e3o com o MDA prop\u00f5e a\u00e7\u00f5es de incentivo \u00e0 perman\u00eancia da juventude no campo por meio do acesso \u00e0 terra A Federa\u00e7\u00e3o dos Trabalhadores na Agricultura no Rio Grande do Sul (FETAG-RS) esteve reunida na quarta-feira (15\/04) com o superintendente do Minist\u00e9rio do Desenvolvimento Agr\u00e1rio (MDA), Milton Bernardes. A pauta \u2014 cr\u00e9dito fundi\u00e1rio para a... Leia mais &raquo;\" \/>\n<meta property=\"og:url\" content=\"https:\/\/www.fetagrs.org.br\/?p=53019\" \/>\n<meta property=\"og:site_name\" content=\"FETAG-RS\" \/>\n<meta property=\"article:publisher\" content=\"https:\/\/www.facebook.com\/fetagrs\" \/>\n<meta property=\"article:published_time\" content=\"2025-04-16T19:08:06+00:00\" \/>\n<meta property=\"og:image\" content=\"https:\/\/www.fetagrs.org.br\/wp-content\/uploads\/2025\/04\/WhatsApp-Image-2025-04-16-at-09.55.54-scaled-e1744828805261.jpeg\" \/>\n\t<meta property=\"og:image:width\" content=\"800\" \/>\n\t<meta property=\"og:image:height\" content=\"600\" \/>\n\t<meta property=\"og:image:type\" content=\"image\/jpeg\" \/>\n<meta name=\"author\" content=\"Camila dos Santos\" \/>\n<meta name=\"twitter:card\" content=\"summary_large_image\" \/>\n<script type=\"application\/ld+json\" class=\"yoast-schema-graph\">{\"@context\":\"https:\/\/schema.org\",\"@graph\":[{\"@type\":\"Article\",\"@id\":\"https:\/\/www.fetagrs.org.br\/?p=53019#article\",\"isPartOf\":{\"@id\":\"https:\/\/www.fetagrs.org.br\/?p=53019\"},\"author\":{\"name\":\"Camila dos Santos\",\"@id\":\"https:\/\/www.fetagrs.org.br\/#\/schema\/person\/414925669ddee89f2bb52fcc97310ea8\"},\"headline\":\"FETAG-RS busca ampliar participa\u00e7\u00e3o de jovens no Programa Nacional de Cr\u00e9dito Fundi\u00e1rio para a Juventude Rural\",\"datePublished\":\"2025-04-16T19:08:06+00:00\",\"mainEntityOfPage\":{\"@id\":\"https:\/\/www.fetagrs.org.br\/?p=53019\"},\"wordCount\":494,\"commentCount\":0,\"publisher\":{\"@id\":\"https:\/\/www.fetagrs.org.br\/#organization\"},\"image\":{\"@id\":\"https:\/\/www.fetagrs.org.br\/?p=53019#primaryimage\"},\"thumbnailUrl\":\"https:\/\/www.fetagrs.org.br\/wp-content\/uploads\/2025\/04\/WhatsApp-Image-2025-04-16-at-09.55.54-scaled-e1744828805261.jpeg\",\"articleSection\":[\"Destaques\",\"Not\u00edcias\"],\"inLanguage\":\"pt-BR\",\"potentialAction\":[{\"@type\":\"CommentAction\",\"name\":\"Comment\",\"target\":[\"https:\/\/www.fetagrs.org.br\/?p=53019#respond\"]}]},{\"@type\":\"WebPage\",\"@id\":\"https:\/\/www.fetagrs.org.br\/?p=53019\",\"url\":\"https:\/\/www.fetagrs.org.br\/?p=53019\",\"name\":\"FETAG-RS busca ampliar participa\u00e7\u00e3o de jovens no Programa Nacional de Cr\u00e9dito Fundi\u00e1rio para a Juventude Rural - FETAG-RS\",\"isPartOf\":{\"@id\":\"https:\/\/www.fetagrs.org.br\/#website\"},\"primaryImageOfPage\":{\"@id\":\"https:\/\/www.fetagrs.org.br\/?p=53019#primaryimage\"},\"image\":{\"@id\":\"https:\/\/www.fetagrs.org.br\/?p=53019#primaryimage\"},\"thumbnailUrl\":\"https:\/\/www.fetagrs.org.br\/wp-content\/uploads\/2025\/04\/WhatsApp-Image-2025-04-16-at-09.55.54-scaled-e1744828805261.jpeg\",\"datePublished\":\"2025-04-16T19:08:06+00:00\",\"breadcrumb\":{\"@id\":\"https:\/\/www.fetagrs.org.br\/?p=53019#breadcrumb\"},\"inLanguage\":\"pt-BR\",\"potentialAction\":[{\"@type\":\"ReadAction\",\"target\":[\"https:\/\/www.fetagrs.org.br\/?p=53019\"]}]},{\"@type\":\"ImageObject\",\"inLanguage\":\"pt-BR\",\"@id\":\"https:\/\/www.fetagrs.org.br\/?p=53019#primaryimage\",\"url\":\"https:\/\/www.fetagrs.org.br\/wp-content\/uploads\/2025\/04\/WhatsApp-Image-2025-04-16-at-09.55.54-scaled-e1744828805261.jpeg\",\"contentUrl\":\"https:\/\/www.fetagrs.org.br\/wp-content\/uploads\/2025\/04\/WhatsApp-Image-2025-04-16-at-09.55.54-scaled-e1744828805261.jpeg\",\"width\":800,\"height\":600},{\"@type\":\"BreadcrumbList\",\"@id\":\"https:\/\/www.fetagrs.org.br\/?p=53019#breadcrumb\",\"itemListElement\":[{\"@type\":\"ListItem\",\"position\":1,\"name\":\"In\u00edcio\",\"item\":\"https:\/\/www.fetagrs.org.br\/\"},{\"@type\":\"ListItem\",\"position\":2,\"name\":\"FETAG-RS busca ampliar participa\u00e7\u00e3o de jovens no Programa Nacional de Cr\u00e9dito Fundi\u00e1rio para a Juventude Rural\"}]},{\"@type\":\"WebSite\",\"@id\":\"https:\/\/www.fetagrs.org.br\/#website\",\"url\":\"https:\/\/www.fetagrs.org.br\/\",\"name\":\"FETAG-RS\",\"description\":\"Federa\u00e7\u00e3o dos Trabalhadores na Agricultura no RS\",\"publisher\":{\"@id\":\"https:\/\/www.fetagrs.org.br\/#organization\"},\"potentialAction\":[{\"@type\":\"SearchAction\",\"target\":{\"@type\":\"EntryPoint\",\"urlTemplate\":\"https:\/\/www.fetagrs.org.br\/?s={search_term_string}\"},\"query-input\":{\"@type\":\"PropertyValueSpecification\",\"valueRequired\":true,\"valueName\":\"search_term_string\"}}],\"inLanguage\":\"pt-BR\"},{\"@type\":\"Organization\",\"@id\":\"https:\/\/www.fetagrs.org.br\/#organization\",\"name\":\"Federa\u00e7\u00e3o dos Trabalhadores na Agricultura no Rio Grande do Sul\",\"url\":\"https:\/\/www.fetagrs.org.br\/\",\"logo\":{\"@type\":\"ImageObject\",\"inLanguage\":\"pt-BR\",\"@id\":\"https:\/\/www.fetagrs.org.br\/#\/schema\/logo\/image\/\",\"url\":\"http:\/\/fetagrs.org.br\/wp-content\/uploads\/2020\/12\/FETAG-RS.jpg\",\"contentUrl\":\"http:\/\/fetagrs.org.br\/wp-content\/uploads\/2020\/12\/FETAG-RS.jpg\",\"width\":561,\"height\":598,\"caption\":\"Federa\u00e7\u00e3o dos Trabalhadores na Agricultura no Rio Grande do Sul\"},\"image\":{\"@id\":\"https:\/\/www.fetagrs.org.br\/#\/schema\/logo\/image\/\"},\"sameAs\":[\"https:\/\/www.facebook.com\/fetagrs\",\"https:\/\/www.instagram.com\/fetagrs\/\",\"https:\/\/www.youtube.com\/c\/TVFETAGRS\/featured\"]},{\"@type\":\"Person\",\"@id\":\"https:\/\/www.fetagrs.org.br\/#\/schema\/person\/414925669ddee89f2bb52fcc97310ea8\",\"name\":\"Camila dos Santos\",\"image\":{\"@type\":\"ImageObject\",\"inLanguage\":\"pt-BR\",\"@id\":\"https:\/\/www.fetagrs.org.br\/#\/schema\/person\/image\/\",\"url\":\"https:\/\/secure.gravatar.com\/avatar\/177064ae07f49fc3b530bc0911ff4424e621528eb067022c8663e5f4c4031fa8?s=96&d=mm&r=g\",\"contentUrl\":\"https:\/\/secure.gravatar.com\/avatar\/177064ae07f49fc3b530bc0911ff4424e621528eb067022c8663e5f4c4031fa8?s=96&d=mm&r=g\",\"caption\":\"Camila dos Santos\"},\"url\":\"https:\/\/www.fetagrs.org.br\/?author=10\"}]}<\/script>\n<!-- \/ Yoast SEO plugin. -->","yoast_head_json":{"title":"FETAG-RS busca ampliar participa\u00e7\u00e3o de jovens no Programa Nacional de Cr\u00e9dito Fundi\u00e1rio para a Juventude Rural - FETAG-RS","robots":{"index":"index","follow":"follow","max-snippet":"max-snippet:-1","max-image-preview":"max-image-preview:large","max-video-preview":"max-video-preview:-1"},"canonical":"https:\/\/www.fetagrs.org.br\/?p=53019","og_locale":"pt_BR","og_type":"article","og_title":"FETAG-RS busca ampliar participa\u00e7\u00e3o de jovens no Programa Nacional de Cr\u00e9dito Fundi\u00e1rio para a Juventude Rural - FETAG-RS","og_description":"Reuni\u00e3o com o MDA prop\u00f5e a\u00e7\u00f5es de incentivo \u00e0 perman\u00eancia da juventude no campo por meio do acesso \u00e0 terra A Federa\u00e7\u00e3o dos Trabalhadores na Agricultura no Rio Grande do Sul (FETAG-RS) esteve reunida na quarta-feira (15\/04) com o superintendente do Minist\u00e9rio do Desenvolvimento Agr\u00e1rio (MDA), Milton Bernardes. A pauta \u2014 cr\u00e9dito fundi\u00e1rio para a... Leia mais &raquo;","og_url":"https:\/\/www.fetagrs.org.br\/?p=53019","og_site_name":"FETAG-RS","article_publisher":"https:\/\/www.facebook.com\/fetagrs","article_published_time":"2025-04-16T19:08:06+00:00","og_image":[{"width":800,"height":600,"url":"https:\/\/www.fetagrs.org.br\/wp-content\/uploads\/2025\/04\/WhatsApp-Image-2025-04-16-at-09.55.54-scaled-e1744828805261.jpeg","type":"image\/jpeg"}],"author":"Camila dos Santos","twitter_card":"summary_large_image","schema":{"@context":"https:\/\/schema.org","@graph":[{"@type":"Article","@id":"https:\/\/www.fetagrs.org.br\/?p=53019#article","isPartOf":{"@id":"https:\/\/www.fetagrs.org.br\/?p=53019"},"author":{"name":"Camila dos Santos","@id":"https:\/\/www.fetagrs.org.br\/#\/schema\/person\/414925669ddee89f2bb52fcc97310ea8"},"headline":"FETAG-RS busca ampliar participa\u00e7\u00e3o de jovens no Programa Nacional de Cr\u00e9dito Fundi\u00e1rio para a Juventude Rural","datePublished":"2025-04-16T19:08:06+00:00","mainEntityOfPage":{"@id":"https:\/\/www.fetagrs.org.br\/?p=53019"},"wordCount":494,"commentCount":0,"publisher":{"@id":"https:\/\/www.fetagrs.org.br\/#organization"},"image":{"@id":"https:\/\/www.fetagrs.org.br\/?p=53019#primaryimage"},"thumbnailUrl":"https:\/\/www.fetagrs.org.br\/wp-content\/uploads\/2025\/04\/WhatsApp-Image-2025-04-16-at-09.55.54-scaled-e1744828805261.jpeg","articleSection":["Destaques","Not\u00edcias"],"inLanguage":"pt-BR","potentialAction":[{"@type":"CommentAction","name":"Comment","target":["https:\/\/www.fetagrs.org.br\/?p=53019#respond"]}]},{"@type":"WebPage","@id":"https:\/\/www.fetagrs.org.br\/?p=53019","url":"https:\/\/www.fetagrs.org.br\/?p=53019","name":"FETAG-RS busca ampliar participa\u00e7\u00e3o de jovens no Programa Nacional de Cr\u00e9dito Fundi\u00e1rio para a Juventude Rural - FETAG-RS","isPartOf":{"@id":"https:\/\/www.fetagrs.org.br\/#website"},"primaryImageOfPage":{"@id":"https:\/\/www.fetagrs.org.br\/?p=53019#primaryimage"},"image":{"@id":"https:\/\/www.fetagrs.org.br\/?p=53019#primaryimage"},"thumbnailUrl":"https:\/\/www.fetagrs.org.br\/wp-content\/uploads\/2025\/04\/WhatsApp-Image-2025-04-16-at-09.55.54-scaled-e1744828805261.jpeg","datePublished":"2025-04-16T19:08:06+00:00","breadcrumb":{"@id":"https:\/\/www.fetagrs.org.br\/?p=53019#breadcrumb"},"inLanguage":"pt-BR","potentialAction":[{"@type":"ReadAction","target":["https:\/\/www.fetagrs.org.br\/?p=53019"]}]},{"@type":"ImageObject","inLanguage":"pt-BR","@id":"https:\/\/www.fetagrs.org.br\/?p=53019#primaryimage","url":"https:\/\/www.fetagrs.org.br\/wp-content\/uploads\/2025\/04\/WhatsApp-Image-2025-04-16-at-09.55.54-scaled-e1744828805261.jpeg","contentUrl":"https:\/\/www.fetagrs.org.br\/wp-content\/uploads\/2025\/04\/WhatsApp-Image-2025-04-16-at-09.55.54-scaled-e1744828805261.jpeg","width":800,"height":600},{"@type":"BreadcrumbList","@id":"https:\/\/www.fetagrs.org.br\/?p=53019#breadcrumb","itemListElement":[{"@type":"ListItem","position":1,"name":"In\u00edcio","item":"https:\/\/www.fetagrs.org.br\/"},{"@type":"ListItem","position":2,"name":"FETAG-RS busca ampliar participa\u00e7\u00e3o de jovens no Programa Nacional de Cr\u00e9dito Fundi\u00e1rio para a Juventude Rural"}]},{"@type":"WebSite","@id":"https:\/\/www.fetagrs.org.br\/#website","url":"https:\/\/www.fetagrs.org.br\/","name":"FETAG-RS","description":"Federa\u00e7\u00e3o dos Trabalhadores na Agricultura no RS","publisher":{"@id":"https:\/\/www.fetagrs.org.br\/#organization"},"potentialAction":[{"@type":"SearchAction","target":{"@type":"EntryPoint","urlTemplate":"https:\/\/www.fetagrs.org.br\/?s={search_term_string}"},"query-input":{"@type":"PropertyValueSpecification","valueRequired":true,"valueName":"search_term_string"}}],"inLanguage":"pt-BR"},{"@type":"Organization","@id":"https:\/\/www.fetagrs.org.br\/#organization","name":"Federa\u00e7\u00e3o dos Trabalhadores na Agricultura no Rio Grande do Sul","url":"https:\/\/www.fetagrs.org.br\/","logo":{"@type":"ImageObject","inLanguage":"pt-BR","@id":"https:\/\/www.fetagrs.org.br\/#\/schema\/logo\/image\/","url":"http:\/\/fetagrs.org.br\/wp-content\/uploads\/2020\/12\/FETAG-RS.jpg","contentUrl":"http:\/\/fetagrs.org.br\/wp-content\/uploads\/2020\/12\/FETAG-RS.jpg","width":561,"height":598,"caption":"Federa\u00e7\u00e3o dos Trabalhadores na Agricultura no Rio Grande do Sul"},"image":{"@id":"https:\/\/www.fetagrs.org.br\/#\/schema\/logo\/image\/"},"sameAs":["https:\/\/www.facebook.com\/fetagrs","https:\/\/www.instagram.com\/fetagrs\/","https:\/\/www.youtube.com\/c\/TVFETAGRS\/featured"]},{"@type":"Person","@id":"https:\/\/www.fetagrs.org.br\/#\/schema\/person\/414925669ddee89f2bb52fcc97310ea8","name":"Camila dos Santos","image":{"@type":"ImageObject","inLanguage":"pt-BR","@id":"https:\/\/www.fetagrs.org.br\/#\/schema\/person\/image\/","url":"https:\/\/secure.gravatar.com\/avatar\/177064ae07f49fc3b530bc0911ff4424e621528eb067022c8663e5f4c4031fa8?s=96&d=mm&r=g","contentUrl":"https:\/\/secure.gravatar.com\/avatar\/177064ae07f49fc3b530bc0911ff4424e621528eb067022c8663e5f4c4031fa8?s=96&d=mm&r=g","caption":"Camila dos Santos"},"url":"https:\/\/www.fetagrs.org.br\/?author=10"}]}},"_links":{"self":[{"href":"https:\/\/www.fetagrs.org.br\/index.php?rest_route=\/wp\/v2\/posts\/53019","targetHints":{"allow":["GET"]}}],"collection":[{"href":"https:\/\/www.fetagrs.org.br\/index.php?rest_route=\/wp\/v2\/posts"}],"about":[{"href":"https:\/\/www.fetagrs.org.br\/index.php?rest_route=\/wp\/v2\/types\/post"}],"author":[{"embeddable":true,"href":"https:\/\/www.fetagrs.org.br\/index.php?rest_route=\/wp\/v2\/users\/10"}],"replies":[{"embeddable":true,"href":"https:\/\/www.fetagrs.org.br\/index.php?rest_route=%2Fwp%2Fv2%2Fcomments&post=53019"}],"version-history":[{"count":2,"href":"https:\/\/www.fetagrs.org.br\/index.php?rest_route=\/wp\/v2\/posts\/53019\/revisions"}],"predecessor-version":[{"id":53022,"href":"https:\/\/www.fetagrs.org.br\/index.php?rest_route=\/wp\/v2\/posts\/53019\/revisions\/53022"}],"wp:featuredmedia":[{"embeddable":true,"href":"https:\/\/www.fetagrs.org.br\/index.php?rest_route=\/wp\/v2\/media\/53020"}],"wp:attachment":[{"href":"https:\/\/www.fetagrs.org.br\/index.php?rest_route=%2Fwp%2Fv2%2Fmedia&parent=53019"}],"wp:term":[{"taxonomy":"category","embeddable":true,"href":"https:\/\/www.fetagrs.org.br\/index.php?rest_route=%2Fwp%2Fv2%2Fcategories&post=53019"},{"taxonomy":"post_tag","embeddable":true,"href":"https:\/\/www.fetagrs.org.br\/index.php?rest_route=%2Fwp%2Fv2%2Ftags&post=53019"}],"curies":[{"name":"wp","href":"https:\/\/api.w.org\/{rel}","templated":true}]}}