{"id":52965,"date":"2025-04-02T10:51:42","date_gmt":"2025-04-02T13:51:42","guid":{"rendered":"https:\/\/www.fetagrs.org.br\/?p=52965"},"modified":"2025-04-02T10:51:42","modified_gmt":"2025-04-02T13:51:42","slug":"fetag-rs-e-ifsim-propoe-no-ministerio-do-desenvolvimento-agrario-projeto-de-mobilizacao-da-juventude-rural-para-acesso-ao-pncf","status":"publish","type":"post","link":"https:\/\/www.fetagrs.org.br\/?p=52965","title":{"rendered":"Fetag-RS e IFSIM prop\u00f5e no Minist\u00e9rio do Desenvolvimento Agr\u00e1rio projeto de mobiliza\u00e7\u00e3o da juventude rural para acesso ao PNCF"},"content":{"rendered":"<img loading=\"lazy\" decoding=\"async\" class=\"size-medium wp-image-52966 aligncenter\" src=\"http:\/\/www.fetagrs.org.br\/wp-content\/uploads\/2025\/04\/WhatsApp-Image-2025-04-02-at-10.47.01-300x274.jpeg\" alt=\"\" width=\"300\" height=\"274\" \/>\n<p>Nesta ter\u00e7a-feira, foi realizada uma audi\u00eancia no Minist\u00e9rio do Desenvolvimento Agr\u00e1rio com a Diretora de Reordenamento Agr\u00e1rio e Coordenadora Nacional do Programa de Cr\u00e9dito Fundi\u00e1rio (PNCF), Shirley Abreu. O encontro teve como objetivo a apresenta\u00e7\u00e3o de um projeto voltado \u00e0 sensibiliza\u00e7\u00e3o e mobiliza\u00e7\u00e3o da juventude rural, al\u00e9m da articula\u00e7\u00e3o de institui\u00e7\u00f5es e forma\u00e7\u00e3o de agentes mobilizadores do PNCF.<\/p>\n<p>O projeto foi apresentado pela Coordenadora Estadual de Juventude e vice-presidente do IFSIM, Camila Rode, e tem como objetivos a articula\u00e7\u00e3o institucional e a forma\u00e7\u00e3o de agentes mobilizadores do Programa, al\u00e9m da sensibiliza\u00e7\u00e3o e capacita\u00e7\u00e3o dos potenciais benefici\u00e1rios, com orienta\u00e7\u00f5es voltadas \u00e0 juventude rural.<\/p>\n<p>Estiveram presentes na reuni\u00e3o o vice-presidente da Fetag-RS, Eug\u00eanio Zanetti, o diretor Samuel Santos e o secret\u00e1rio executivo Kaliton Prestes. A agenda foi articulada pelo Deputado Federal Elvino Bohn Gass.<\/p>\n<p>A coordena\u00e7\u00e3o do PNCF avaliou positivamente a iniciativa, destacando a import\u00e2ncia de fortalecer a participa\u00e7\u00e3o da juventude rural no acesso \u00e0 terra e na sucess\u00e3o familiar no campo. Durante a apresenta\u00e7\u00e3o ainda foi destaque reconhecido pelo Minist\u00e9rio o processo de forma\u00e7\u00e3o anterior a contrata\u00e7\u00e3o, para que os jovens possam desenvolver atividades produtivas que estejam conectadas com seus territ\u00f3rios, implementando iniciativas atrav\u00e9s das demais pol\u00edticas p\u00fablicas, como o Pronaf A e B, programa Nacional de Agroecologia, Florestas Produtivas, Integra\u00e7\u00e3o Lavoura\/Pecu\u00e1ria\/Floresta e demais oportunidades ofertadas pelo MDA.<\/p>\n<p>Para a Diretora da Fetag-RS, Camila Rode, a iniciativa representa um passo essencial para garantir que os jovens do meio rural tenham acesso a oportunidades de perman\u00eancia no campo. \u201cNosso objetivo \u00e9 n\u00e3o apenas facilitar o acesso ao cr\u00e9dito fundi\u00e1rio, mas tamb\u00e9m preparar esses jovens para que possam estruturar seus projetos produtivos de forma sustent\u00e1vel, conectados com as realidades de seus territ\u00f3rios e com o apoio das pol\u00edticas p\u00fablicas dispon\u00edveis\u201d, destacou.<\/p>\n","protected":false},"excerpt":{"rendered":"<p>Nesta ter\u00e7a-feira, foi realizada uma audi\u00eancia no Minist\u00e9rio do Desenvolvimento Agr\u00e1rio com a Diretora de Reordenamento Agr\u00e1rio e Coordenadora Nacional do Programa de Cr\u00e9dito Fundi\u00e1rio (PNCF), Shirley Abreu. O encontro teve como objetivo a apresenta\u00e7\u00e3o de um projeto voltado \u00e0 sensibiliza\u00e7\u00e3o e mobiliza\u00e7\u00e3o da juventude rural, al\u00e9m da articula\u00e7\u00e3o de institui\u00e7\u00f5es e forma\u00e7\u00e3o de agentes&#8230;  <a class=\"excerpt-read-more\" href=\"https:\/\/www.fetagrs.org.br\/?p=52965\" title=\"Read Fetag-RS e IFSIM prop\u00f5e no Minist\u00e9rio do Desenvolvimento Agr\u00e1rio projeto de mobiliza\u00e7\u00e3o da juventude rural para acesso ao PNCF\">Leia mais &raquo;<\/a><\/p>\n","protected":false},"author":9,"featured_media":52966,"comment_status":"open","ping_status":"open","sticky":false,"template":"","format":"standard","meta":{"footnotes":"","_links_to":"","_links_to_target":""},"categories":[4,3],"tags":[],"class_list":["post-52965","post","type-post","status-publish","format-standard","has-post-thumbnail","hentry","category-destaques","category-noticias"],"yoast_head":"<!-- This site is optimized with the Yoast SEO plugin v26.8 - https:\/\/yoast.com\/product\/yoast-seo-wordpress\/ -->\n<title>Fetag-RS e IFSIM prop\u00f5e no Minist\u00e9rio do Desenvolvimento Agr\u00e1rio projeto de mobiliza\u00e7\u00e3o da juventude rural para acesso ao PNCF - FETAG-RS<\/title>\n<meta name=\"robots\" content=\"index, follow, max-snippet:-1, max-image-preview:large, max-video-preview:-1\" \/>\n<link rel=\"canonical\" href=\"https:\/\/www.fetagrs.org.br\/?p=52965\" \/>\n<meta property=\"og:locale\" content=\"pt_BR\" \/>\n<meta property=\"og:type\" content=\"article\" \/>\n<meta property=\"og:title\" content=\"Fetag-RS e IFSIM prop\u00f5e no Minist\u00e9rio do Desenvolvimento Agr\u00e1rio projeto de mobiliza\u00e7\u00e3o da juventude rural para acesso ao PNCF - FETAG-RS\" \/>\n<meta property=\"og:description\" content=\"Nesta ter\u00e7a-feira, foi realizada uma audi\u00eancia no Minist\u00e9rio do Desenvolvimento Agr\u00e1rio com a Diretora de Reordenamento Agr\u00e1rio e Coordenadora Nacional do Programa de Cr\u00e9dito Fundi\u00e1rio (PNCF), Shirley Abreu. O encontro teve como objetivo a apresenta\u00e7\u00e3o de um projeto voltado \u00e0 sensibiliza\u00e7\u00e3o e mobiliza\u00e7\u00e3o da juventude rural, al\u00e9m da articula\u00e7\u00e3o de institui\u00e7\u00f5es e forma\u00e7\u00e3o de agentes... Leia mais &raquo;\" \/>\n<meta property=\"og:url\" content=\"https:\/\/www.fetagrs.org.br\/?p=52965\" \/>\n<meta property=\"og:site_name\" content=\"FETAG-RS\" \/>\n<meta property=\"article:publisher\" content=\"https:\/\/www.facebook.com\/fetagrs\" \/>\n<meta property=\"article:published_time\" content=\"2025-04-02T13:51:42+00:00\" \/>\n<meta property=\"og:image\" content=\"https:\/\/www.fetagrs.org.br\/wp-content\/uploads\/2025\/04\/WhatsApp-Image-2025-04-02-at-10.47.01-e1743601850584.jpeg\" \/>\n\t<meta property=\"og:image:width\" content=\"800\" \/>\n\t<meta property=\"og:image:height\" content=\"732\" \/>\n\t<meta property=\"og:image:type\" content=\"image\/jpeg\" \/>\n<meta name=\"author\" content=\"Ketruin da Silva\" \/>\n<meta name=\"twitter:card\" content=\"summary_large_image\" \/>\n<script type=\"application\/ld+json\" class=\"yoast-schema-graph\">{\"@context\":\"https:\/\/schema.org\",\"@graph\":[{\"@type\":\"Article\",\"@id\":\"https:\/\/www.fetagrs.org.br\/?p=52965#article\",\"isPartOf\":{\"@id\":\"https:\/\/www.fetagrs.org.br\/?p=52965\"},\"author\":{\"name\":\"Ketruin da Silva\",\"@id\":\"https:\/\/www.fetagrs.org.br\/#\/schema\/person\/7358fd50f533892509a4586972908bcf\"},\"headline\":\"Fetag-RS e IFSIM prop\u00f5e no Minist\u00e9rio do Desenvolvimento Agr\u00e1rio projeto de mobiliza\u00e7\u00e3o da juventude rural para acesso ao PNCF\",\"datePublished\":\"2025-04-02T13:51:42+00:00\",\"mainEntityOfPage\":{\"@id\":\"https:\/\/www.fetagrs.org.br\/?p=52965\"},\"wordCount\":357,\"commentCount\":0,\"publisher\":{\"@id\":\"https:\/\/www.fetagrs.org.br\/#organization\"},\"image\":{\"@id\":\"https:\/\/www.fetagrs.org.br\/?p=52965#primaryimage\"},\"thumbnailUrl\":\"https:\/\/www.fetagrs.org.br\/wp-content\/uploads\/2025\/04\/WhatsApp-Image-2025-04-02-at-10.47.01-e1743601850584.jpeg\",\"articleSection\":[\"Destaques\",\"Not\u00edcias\"],\"inLanguage\":\"pt-BR\",\"potentialAction\":[{\"@type\":\"CommentAction\",\"name\":\"Comment\",\"target\":[\"https:\/\/www.fetagrs.org.br\/?p=52965#respond\"]}]},{\"@type\":\"WebPage\",\"@id\":\"https:\/\/www.fetagrs.org.br\/?p=52965\",\"url\":\"https:\/\/www.fetagrs.org.br\/?p=52965\",\"name\":\"Fetag-RS e IFSIM prop\u00f5e no Minist\u00e9rio do Desenvolvimento Agr\u00e1rio projeto de mobiliza\u00e7\u00e3o da juventude rural para acesso ao PNCF - FETAG-RS\",\"isPartOf\":{\"@id\":\"https:\/\/www.fetagrs.org.br\/#website\"},\"primaryImageOfPage\":{\"@id\":\"https:\/\/www.fetagrs.org.br\/?p=52965#primaryimage\"},\"image\":{\"@id\":\"https:\/\/www.fetagrs.org.br\/?p=52965#primaryimage\"},\"thumbnailUrl\":\"https:\/\/www.fetagrs.org.br\/wp-content\/uploads\/2025\/04\/WhatsApp-Image-2025-04-02-at-10.47.01-e1743601850584.jpeg\",\"datePublished\":\"2025-04-02T13:51:42+00:00\",\"breadcrumb\":{\"@id\":\"https:\/\/www.fetagrs.org.br\/?p=52965#breadcrumb\"},\"inLanguage\":\"pt-BR\",\"potentialAction\":[{\"@type\":\"ReadAction\",\"target\":[\"https:\/\/www.fetagrs.org.br\/?p=52965\"]}]},{\"@type\":\"ImageObject\",\"inLanguage\":\"pt-BR\",\"@id\":\"https:\/\/www.fetagrs.org.br\/?p=52965#primaryimage\",\"url\":\"https:\/\/www.fetagrs.org.br\/wp-content\/uploads\/2025\/04\/WhatsApp-Image-2025-04-02-at-10.47.01-e1743601850584.jpeg\",\"contentUrl\":\"https:\/\/www.fetagrs.org.br\/wp-content\/uploads\/2025\/04\/WhatsApp-Image-2025-04-02-at-10.47.01-e1743601850584.jpeg\",\"width\":800,\"height\":732},{\"@type\":\"BreadcrumbList\",\"@id\":\"https:\/\/www.fetagrs.org.br\/?p=52965#breadcrumb\",\"itemListElement\":[{\"@type\":\"ListItem\",\"position\":1,\"name\":\"In\u00edcio\",\"item\":\"https:\/\/www.fetagrs.org.br\/\"},{\"@type\":\"ListItem\",\"position\":2,\"name\":\"Fetag-RS e IFSIM prop\u00f5e no Minist\u00e9rio do Desenvolvimento Agr\u00e1rio projeto de mobiliza\u00e7\u00e3o da juventude rural para acesso ao PNCF\"}]},{\"@type\":\"WebSite\",\"@id\":\"https:\/\/www.fetagrs.org.br\/#website\",\"url\":\"https:\/\/www.fetagrs.org.br\/\",\"name\":\"FETAG-RS\",\"description\":\"Federa\u00e7\u00e3o dos Trabalhadores na Agricultura no RS\",\"publisher\":{\"@id\":\"https:\/\/www.fetagrs.org.br\/#organization\"},\"potentialAction\":[{\"@type\":\"SearchAction\",\"target\":{\"@type\":\"EntryPoint\",\"urlTemplate\":\"https:\/\/www.fetagrs.org.br\/?s={search_term_string}\"},\"query-input\":{\"@type\":\"PropertyValueSpecification\",\"valueRequired\":true,\"valueName\":\"search_term_string\"}}],\"inLanguage\":\"pt-BR\"},{\"@type\":\"Organization\",\"@id\":\"https:\/\/www.fetagrs.org.br\/#organization\",\"name\":\"Federa\u00e7\u00e3o dos Trabalhadores na Agricultura no Rio Grande do Sul\",\"url\":\"https:\/\/www.fetagrs.org.br\/\",\"logo\":{\"@type\":\"ImageObject\",\"inLanguage\":\"pt-BR\",\"@id\":\"https:\/\/www.fetagrs.org.br\/#\/schema\/logo\/image\/\",\"url\":\"http:\/\/fetagrs.org.br\/wp-content\/uploads\/2020\/12\/FETAG-RS.jpg\",\"contentUrl\":\"http:\/\/fetagrs.org.br\/wp-content\/uploads\/2020\/12\/FETAG-RS.jpg\",\"width\":561,\"height\":598,\"caption\":\"Federa\u00e7\u00e3o dos Trabalhadores na Agricultura no Rio Grande do Sul\"},\"image\":{\"@id\":\"https:\/\/www.fetagrs.org.br\/#\/schema\/logo\/image\/\"},\"sameAs\":[\"https:\/\/www.facebook.com\/fetagrs\",\"https:\/\/www.instagram.com\/fetagrs\/\",\"https:\/\/www.youtube.com\/c\/TVFETAGRS\/featured\"]},{\"@type\":\"Person\",\"@id\":\"https:\/\/www.fetagrs.org.br\/#\/schema\/person\/7358fd50f533892509a4586972908bcf\",\"name\":\"Ketruin da Silva\",\"image\":{\"@type\":\"ImageObject\",\"inLanguage\":\"pt-BR\",\"@id\":\"https:\/\/www.fetagrs.org.br\/#\/schema\/person\/image\/\",\"url\":\"https:\/\/secure.gravatar.com\/avatar\/f19936d1be5cf0fc837c2d51bcd89fccfb9ce7416df42b4ba42dcffb96a7940b?s=96&d=mm&r=g\",\"contentUrl\":\"https:\/\/secure.gravatar.com\/avatar\/f19936d1be5cf0fc837c2d51bcd89fccfb9ce7416df42b4ba42dcffb96a7940b?s=96&d=mm&r=g\",\"caption\":\"Ketruin da Silva\"},\"url\":\"https:\/\/www.fetagrs.org.br\/?author=9\"}]}<\/script>\n<!-- \/ Yoast SEO plugin. -->","yoast_head_json":{"title":"Fetag-RS e IFSIM prop\u00f5e no Minist\u00e9rio do Desenvolvimento Agr\u00e1rio projeto de mobiliza\u00e7\u00e3o da juventude rural para acesso ao PNCF - FETAG-RS","robots":{"index":"index","follow":"follow","max-snippet":"max-snippet:-1","max-image-preview":"max-image-preview:large","max-video-preview":"max-video-preview:-1"},"canonical":"https:\/\/www.fetagrs.org.br\/?p=52965","og_locale":"pt_BR","og_type":"article","og_title":"Fetag-RS e IFSIM prop\u00f5e no Minist\u00e9rio do Desenvolvimento Agr\u00e1rio projeto de mobiliza\u00e7\u00e3o da juventude rural para acesso ao PNCF - FETAG-RS","og_description":"Nesta ter\u00e7a-feira, foi realizada uma audi\u00eancia no Minist\u00e9rio do Desenvolvimento Agr\u00e1rio com a Diretora de Reordenamento Agr\u00e1rio e Coordenadora Nacional do Programa de Cr\u00e9dito Fundi\u00e1rio (PNCF), Shirley Abreu. O encontro teve como objetivo a apresenta\u00e7\u00e3o de um projeto voltado \u00e0 sensibiliza\u00e7\u00e3o e mobiliza\u00e7\u00e3o da juventude rural, al\u00e9m da articula\u00e7\u00e3o de institui\u00e7\u00f5es e forma\u00e7\u00e3o de agentes... Leia mais &raquo;","og_url":"https:\/\/www.fetagrs.org.br\/?p=52965","og_site_name":"FETAG-RS","article_publisher":"https:\/\/www.facebook.com\/fetagrs","article_published_time":"2025-04-02T13:51:42+00:00","og_image":[{"width":800,"height":732,"url":"https:\/\/www.fetagrs.org.br\/wp-content\/uploads\/2025\/04\/WhatsApp-Image-2025-04-02-at-10.47.01-e1743601850584.jpeg","type":"image\/jpeg"}],"author":"Ketruin da Silva","twitter_card":"summary_large_image","schema":{"@context":"https:\/\/schema.org","@graph":[{"@type":"Article","@id":"https:\/\/www.fetagrs.org.br\/?p=52965#article","isPartOf":{"@id":"https:\/\/www.fetagrs.org.br\/?p=52965"},"author":{"name":"Ketruin da Silva","@id":"https:\/\/www.fetagrs.org.br\/#\/schema\/person\/7358fd50f533892509a4586972908bcf"},"headline":"Fetag-RS e IFSIM prop\u00f5e no Minist\u00e9rio do Desenvolvimento Agr\u00e1rio projeto de mobiliza\u00e7\u00e3o da juventude rural para acesso ao PNCF","datePublished":"2025-04-02T13:51:42+00:00","mainEntityOfPage":{"@id":"https:\/\/www.fetagrs.org.br\/?p=52965"},"wordCount":357,"commentCount":0,"publisher":{"@id":"https:\/\/www.fetagrs.org.br\/#organization"},"image":{"@id":"https:\/\/www.fetagrs.org.br\/?p=52965#primaryimage"},"thumbnailUrl":"https:\/\/www.fetagrs.org.br\/wp-content\/uploads\/2025\/04\/WhatsApp-Image-2025-04-02-at-10.47.01-e1743601850584.jpeg","articleSection":["Destaques","Not\u00edcias"],"inLanguage":"pt-BR","potentialAction":[{"@type":"CommentAction","name":"Comment","target":["https:\/\/www.fetagrs.org.br\/?p=52965#respond"]}]},{"@type":"WebPage","@id":"https:\/\/www.fetagrs.org.br\/?p=52965","url":"https:\/\/www.fetagrs.org.br\/?p=52965","name":"Fetag-RS e IFSIM prop\u00f5e no Minist\u00e9rio do Desenvolvimento Agr\u00e1rio projeto de mobiliza\u00e7\u00e3o da juventude rural para acesso ao PNCF - FETAG-RS","isPartOf":{"@id":"https:\/\/www.fetagrs.org.br\/#website"},"primaryImageOfPage":{"@id":"https:\/\/www.fetagrs.org.br\/?p=52965#primaryimage"},"image":{"@id":"https:\/\/www.fetagrs.org.br\/?p=52965#primaryimage"},"thumbnailUrl":"https:\/\/www.fetagrs.org.br\/wp-content\/uploads\/2025\/04\/WhatsApp-Image-2025-04-02-at-10.47.01-e1743601850584.jpeg","datePublished":"2025-04-02T13:51:42+00:00","breadcrumb":{"@id":"https:\/\/www.fetagrs.org.br\/?p=52965#breadcrumb"},"inLanguage":"pt-BR","potentialAction":[{"@type":"ReadAction","target":["https:\/\/www.fetagrs.org.br\/?p=52965"]}]},{"@type":"ImageObject","inLanguage":"pt-BR","@id":"https:\/\/www.fetagrs.org.br\/?p=52965#primaryimage","url":"https:\/\/www.fetagrs.org.br\/wp-content\/uploads\/2025\/04\/WhatsApp-Image-2025-04-02-at-10.47.01-e1743601850584.jpeg","contentUrl":"https:\/\/www.fetagrs.org.br\/wp-content\/uploads\/2025\/04\/WhatsApp-Image-2025-04-02-at-10.47.01-e1743601850584.jpeg","width":800,"height":732},{"@type":"BreadcrumbList","@id":"https:\/\/www.fetagrs.org.br\/?p=52965#breadcrumb","itemListElement":[{"@type":"ListItem","position":1,"name":"In\u00edcio","item":"https:\/\/www.fetagrs.org.br\/"},{"@type":"ListItem","position":2,"name":"Fetag-RS e IFSIM prop\u00f5e no Minist\u00e9rio do Desenvolvimento Agr\u00e1rio projeto de mobiliza\u00e7\u00e3o da juventude rural para acesso ao PNCF"}]},{"@type":"WebSite","@id":"https:\/\/www.fetagrs.org.br\/#website","url":"https:\/\/www.fetagrs.org.br\/","name":"FETAG-RS","description":"Federa\u00e7\u00e3o dos Trabalhadores na Agricultura no RS","publisher":{"@id":"https:\/\/www.fetagrs.org.br\/#organization"},"potentialAction":[{"@type":"SearchAction","target":{"@type":"EntryPoint","urlTemplate":"https:\/\/www.fetagrs.org.br\/?s={search_term_string}"},"query-input":{"@type":"PropertyValueSpecification","valueRequired":true,"valueName":"search_term_string"}}],"inLanguage":"pt-BR"},{"@type":"Organization","@id":"https:\/\/www.fetagrs.org.br\/#organization","name":"Federa\u00e7\u00e3o dos Trabalhadores na Agricultura no Rio Grande do Sul","url":"https:\/\/www.fetagrs.org.br\/","logo":{"@type":"ImageObject","inLanguage":"pt-BR","@id":"https:\/\/www.fetagrs.org.br\/#\/schema\/logo\/image\/","url":"http:\/\/fetagrs.org.br\/wp-content\/uploads\/2020\/12\/FETAG-RS.jpg","contentUrl":"http:\/\/fetagrs.org.br\/wp-content\/uploads\/2020\/12\/FETAG-RS.jpg","width":561,"height":598,"caption":"Federa\u00e7\u00e3o dos Trabalhadores na Agricultura no Rio Grande do Sul"},"image":{"@id":"https:\/\/www.fetagrs.org.br\/#\/schema\/logo\/image\/"},"sameAs":["https:\/\/www.facebook.com\/fetagrs","https:\/\/www.instagram.com\/fetagrs\/","https:\/\/www.youtube.com\/c\/TVFETAGRS\/featured"]},{"@type":"Person","@id":"https:\/\/www.fetagrs.org.br\/#\/schema\/person\/7358fd50f533892509a4586972908bcf","name":"Ketruin da Silva","image":{"@type":"ImageObject","inLanguage":"pt-BR","@id":"https:\/\/www.fetagrs.org.br\/#\/schema\/person\/image\/","url":"https:\/\/secure.gravatar.com\/avatar\/f19936d1be5cf0fc837c2d51bcd89fccfb9ce7416df42b4ba42dcffb96a7940b?s=96&d=mm&r=g","contentUrl":"https:\/\/secure.gravatar.com\/avatar\/f19936d1be5cf0fc837c2d51bcd89fccfb9ce7416df42b4ba42dcffb96a7940b?s=96&d=mm&r=g","caption":"Ketruin da Silva"},"url":"https:\/\/www.fetagrs.org.br\/?author=9"}]}},"_links":{"self":[{"href":"https:\/\/www.fetagrs.org.br\/index.php?rest_route=\/wp\/v2\/posts\/52965","targetHints":{"allow":["GET"]}}],"collection":[{"href":"https:\/\/www.fetagrs.org.br\/index.php?rest_route=\/wp\/v2\/posts"}],"about":[{"href":"https:\/\/www.fetagrs.org.br\/index.php?rest_route=\/wp\/v2\/types\/post"}],"author":[{"embeddable":true,"href":"https:\/\/www.fetagrs.org.br\/index.php?rest_route=\/wp\/v2\/users\/9"}],"replies":[{"embeddable":true,"href":"https:\/\/www.fetagrs.org.br\/index.php?rest_route=%2Fwp%2Fv2%2Fcomments&post=52965"}],"version-history":[{"count":2,"href":"https:\/\/www.fetagrs.org.br\/index.php?rest_route=\/wp\/v2\/posts\/52965\/revisions"}],"predecessor-version":[{"id":52968,"href":"https:\/\/www.fetagrs.org.br\/index.php?rest_route=\/wp\/v2\/posts\/52965\/revisions\/52968"}],"wp:featuredmedia":[{"embeddable":true,"href":"https:\/\/www.fetagrs.org.br\/index.php?rest_route=\/wp\/v2\/media\/52966"}],"wp:attachment":[{"href":"https:\/\/www.fetagrs.org.br\/index.php?rest_route=%2Fwp%2Fv2%2Fmedia&parent=52965"}],"wp:term":[{"taxonomy":"category","embeddable":true,"href":"https:\/\/www.fetagrs.org.br\/index.php?rest_route=%2Fwp%2Fv2%2Fcategories&post=52965"},{"taxonomy":"post_tag","embeddable":true,"href":"https:\/\/www.fetagrs.org.br\/index.php?rest_route=%2Fwp%2Fv2%2Ftags&post=52965"}],"curies":[{"name":"wp","href":"https:\/\/api.w.org\/{rel}","templated":true}]}}