{"id":52859,"date":"2025-01-31T16:13:37","date_gmt":"2025-01-31T19:13:37","guid":{"rendered":"https:\/\/www.fetagrs.org.br\/?p=52859"},"modified":"2025-01-31T16:13:37","modified_gmt":"2025-01-31T19:13:37","slug":"fetag-rs-busca-orientacoes-sobre-decreto-de-emergencia-com-a-defesa-civil","status":"publish","type":"post","link":"https:\/\/www.fetagrs.org.br\/?p=52859","title":{"rendered":"Fetag-RS busca orienta\u00e7\u00f5es sobre decreto de emerg\u00eancia com a Defesa Civil"},"content":{"rendered":"<p style=\"text-align: justify;\"><a href=\"http:\/\/www.fetagrs.org.br\/wp-content\/uploads\/2025\/01\/WhatsApp-Image-2025-01-31-at-15.41.50.jpeg\"><img loading=\"lazy\" decoding=\"async\" class=\"size-medium wp-image-52860 aligncenter\" src=\"http:\/\/www.fetagrs.org.br\/wp-content\/uploads\/2025\/01\/WhatsApp-Image-2025-01-31-at-15.41.50-300x200.jpeg\" alt=\"\" width=\"300\" height=\"200\" srcset=\"https:\/\/www.fetagrs.org.br\/wp-content\/uploads\/2025\/01\/WhatsApp-Image-2025-01-31-at-15.41.50-300x200.jpeg 300w, https:\/\/www.fetagrs.org.br\/wp-content\/uploads\/2025\/01\/WhatsApp-Image-2025-01-31-at-15.41.50-1024x682.jpeg 1024w, https:\/\/www.fetagrs.org.br\/wp-content\/uploads\/2025\/01\/WhatsApp-Image-2025-01-31-at-15.41.50-768x512.jpeg 768w, https:\/\/www.fetagrs.org.br\/wp-content\/uploads\/2025\/01\/WhatsApp-Image-2025-01-31-at-15.41.50-1536x1023.jpeg 1536w, https:\/\/www.fetagrs.org.br\/wp-content\/uploads\/2025\/01\/WhatsApp-Image-2025-01-31-at-15.41.50.jpeg 1600w\" sizes=\"auto, (max-width: 300px) 100vw, 300px\" \/><\/a><\/p>\n<p style=\"text-align: justify;\">O presidente da Fetag-RS, Carlos Joel da Silva, e o deputado estadual Elton Weber estiveram, nesta sexta-feira (31), em reuni\u00e3o na sede da Defesa Civil do Rio Grande do Sul, em Porto Alegre. O encontro teve como objetivo esclarecer os procedimentos para a decreta\u00e7\u00e3o de emerg\u00eancia nos munic\u00edpios ga\u00fachos afetados pela estiagem.<\/p>\n<p style=\"text-align: justify;\">A necessidade de orienta\u00e7\u00f5es surgiu durante uma reuni\u00e3o organizada pela Fetag-RS em Iju\u00ed, na \u00faltima quinta-feira (30), onde dirigentes sindicais apontaram dificuldades e d\u00favidas na emiss\u00e3o dos decretos.<\/p>\n<p style=\"text-align: justify;\">O coordenador da Defesa Civil, coronel PM Jacob Aristeu Pinton, e o chefe do \u00f3rg\u00e3o, coronel PM Daniel Silva da Silva, explicaram todo o protocolo necess\u00e1rio para que as prefeituras \u2013 \u00fanicas respons\u00e1veis pela solicita\u00e7\u00e3o dos decretos \u2013 cumpram os requisitos para a homologa\u00e7\u00e3o da emerg\u00eancia pela Defesa Civil.<\/p>\n<p style=\"text-align: justify;\">Segundo o coronel Pinton, a decreta\u00e7\u00e3o de emerg\u00eancia pode ocorrer mesmo que a estiagem n\u00e3o atinja todo o munic\u00edpio. Caso a zona rural enfrente um quadro de seca, enquanto a zona urbana permane\u00e7a em condi\u00e7\u00f5es normais, j\u00e1 h\u00e1 possibilidade de decreta\u00e7\u00e3o. Para isso, \u00e9 necess\u00e1rio um laudo que comprove as perdas, podendo ser emitido pela Emater ou, no caso do tabaco, pela Afubra, e para arroz, o IRGA.<\/p>\n<p style=\"text-align: justify;\">No cen\u00e1rio atual de estiagem, o decreto pode ser embasado em comprova\u00e7\u00f5es de perda de renda, queda na produ\u00e7\u00e3o agr\u00edcola e dificuldade na distribui\u00e7\u00e3o de \u00e1gua para moradores, tanto da zona rural quanto da urbana, al\u00e9m de animais. Esses fatores devem ser evidenciados por meio de laudos e registros fotogr\u00e1ficos. A Defesa Civil tamb\u00e9m esclareceu que n\u00e3o h\u00e1 necessidade de comprova\u00e7\u00e3o de perdas de animais para a decreta\u00e7\u00e3o da emerg\u00eancia.<\/p>\n<a href=\"http:\/\/www.fetagrs.org.br\/wp-content\/uploads\/2025\/01\/WhatsApp-Image-2025-01-31-at-15.41.50-1.jpeg\"><img loading=\"lazy\" decoding=\"async\" class=\"size-medium wp-image-52861 aligncenter\" src=\"http:\/\/www.fetagrs.org.br\/wp-content\/uploads\/2025\/01\/WhatsApp-Image-2025-01-31-at-15.41.50-1-300x200.jpeg\" alt=\"\" width=\"300\" height=\"200\" srcset=\"https:\/\/www.fetagrs.org.br\/wp-content\/uploads\/2025\/01\/WhatsApp-Image-2025-01-31-at-15.41.50-1-300x200.jpeg 300w, https:\/\/www.fetagrs.org.br\/wp-content\/uploads\/2025\/01\/WhatsApp-Image-2025-01-31-at-15.41.50-1-1024x682.jpeg 1024w, https:\/\/www.fetagrs.org.br\/wp-content\/uploads\/2025\/01\/WhatsApp-Image-2025-01-31-at-15.41.50-1-768x512.jpeg 768w, https:\/\/www.fetagrs.org.br\/wp-content\/uploads\/2025\/01\/WhatsApp-Image-2025-01-31-at-15.41.50-1-1536x1023.jpeg 1536w, https:\/\/www.fetagrs.org.br\/wp-content\/uploads\/2025\/01\/WhatsApp-Image-2025-01-31-at-15.41.50-1.jpeg 1600w\" sizes=\"auto, (max-width: 300px) 100vw, 300px\" \/><\/a>\n<p style=\"text-align: justify;\">Durante a reuni\u00e3o, a equipe do \u00f3rg\u00e3o informou ainda que est\u00e1 desenvolvendo uma capacita\u00e7\u00e3o para servidores das prefeituras, visando aprimorar o processo de solicita\u00e7\u00e3o dos decretos.<\/p>\n<p style=\"text-align: justify;\">Ao final do encontro, Carlos Joel e Elton Weber conheceram o centro de controle da Defesa Civil, respons\u00e1vel pelo monitoramento 24 horas da situa\u00e7\u00e3o clim\u00e1tica e pelo envio de alertas em casos de emerg\u00eancia.<\/p>\n<p style=\"text-align: justify;\">Para receber os alertas em tempo real, basta enviar um SMS para o n\u00famero <strong>40199<\/strong> com o CEP da localidade.<\/p>\n<p style=\"text-align: justify;\">Fotos: Josi Skieresinski<\/p>\n","protected":false},"excerpt":{"rendered":"<p>O presidente da Fetag-RS, Carlos Joel da Silva, e o deputado estadual Elton Weber estiveram, nesta sexta-feira (31), em reuni\u00e3o na sede da Defesa Civil do Rio Grande do Sul, em Porto Alegre. O encontro teve como objetivo esclarecer os procedimentos para a decreta\u00e7\u00e3o de emerg\u00eancia nos munic\u00edpios ga\u00fachos afetados pela estiagem. A necessidade de&#8230;  <a class=\"excerpt-read-more\" href=\"https:\/\/www.fetagrs.org.br\/?p=52859\" title=\"Read Fetag-RS busca orienta\u00e7\u00f5es sobre decreto de emerg\u00eancia com a Defesa Civil\">Leia mais &raquo;<\/a><\/p>\n","protected":false},"author":5,"featured_media":52860,"comment_status":"open","ping_status":"open","sticky":false,"template":"","format":"standard","meta":{"footnotes":"","_links_to":"","_links_to_target":""},"categories":[3],"tags":[],"class_list":["post-52859","post","type-post","status-publish","format-standard","has-post-thumbnail","hentry","category-noticias"],"yoast_head":"<!-- This site is optimized with the Yoast SEO plugin v26.8 - https:\/\/yoast.com\/product\/yoast-seo-wordpress\/ -->\n<title>Fetag-RS busca orienta\u00e7\u00f5es sobre decreto de emerg\u00eancia com a Defesa Civil - FETAG-RS<\/title>\n<meta name=\"robots\" content=\"index, follow, max-snippet:-1, max-image-preview:large, max-video-preview:-1\" \/>\n<link rel=\"canonical\" href=\"https:\/\/www.fetagrs.org.br\/?p=52859\" \/>\n<meta property=\"og:locale\" content=\"pt_BR\" \/>\n<meta property=\"og:type\" content=\"article\" \/>\n<meta property=\"og:title\" content=\"Fetag-RS busca orienta\u00e7\u00f5es sobre decreto de emerg\u00eancia com a Defesa Civil - FETAG-RS\" \/>\n<meta property=\"og:description\" content=\"O presidente da Fetag-RS, Carlos Joel da Silva, e o deputado estadual Elton Weber estiveram, nesta sexta-feira (31), em reuni\u00e3o na sede da Defesa Civil do Rio Grande do Sul, em Porto Alegre. O encontro teve como objetivo esclarecer os procedimentos para a decreta\u00e7\u00e3o de emerg\u00eancia nos munic\u00edpios ga\u00fachos afetados pela estiagem. A necessidade de... Leia mais &raquo;\" \/>\n<meta property=\"og:url\" content=\"https:\/\/www.fetagrs.org.br\/?p=52859\" \/>\n<meta property=\"og:site_name\" content=\"FETAG-RS\" \/>\n<meta property=\"article:publisher\" content=\"https:\/\/www.facebook.com\/fetagrs\" \/>\n<meta property=\"article:published_time\" content=\"2025-01-31T19:13:37+00:00\" \/>\n<meta property=\"og:image\" content=\"https:\/\/www.fetagrs.org.br\/wp-content\/uploads\/2025\/01\/WhatsApp-Image-2025-01-31-at-15.41.50.jpeg\" \/>\n\t<meta property=\"og:image:width\" content=\"1600\" \/>\n\t<meta property=\"og:image:height\" content=\"1066\" \/>\n\t<meta property=\"og:image:type\" content=\"image\/jpeg\" \/>\n<meta name=\"author\" content=\"Eduardo Oliveira\" \/>\n<meta name=\"twitter:card\" content=\"summary_large_image\" \/>\n<script type=\"application\/ld+json\" class=\"yoast-schema-graph\">{\"@context\":\"https:\/\/schema.org\",\"@graph\":[{\"@type\":\"Article\",\"@id\":\"https:\/\/www.fetagrs.org.br\/?p=52859#article\",\"isPartOf\":{\"@id\":\"https:\/\/www.fetagrs.org.br\/?p=52859\"},\"author\":{\"name\":\"Eduardo Oliveira\",\"@id\":\"https:\/\/www.fetagrs.org.br\/#\/schema\/person\/63feda757bcea7a088c3c50c94b4589e\"},\"headline\":\"Fetag-RS busca orienta\u00e7\u00f5es sobre decreto de emerg\u00eancia com a Defesa Civil\",\"datePublished\":\"2025-01-31T19:13:37+00:00\",\"mainEntityOfPage\":{\"@id\":\"https:\/\/www.fetagrs.org.br\/?p=52859\"},\"wordCount\":400,\"commentCount\":0,\"publisher\":{\"@id\":\"https:\/\/www.fetagrs.org.br\/#organization\"},\"image\":{\"@id\":\"https:\/\/www.fetagrs.org.br\/?p=52859#primaryimage\"},\"thumbnailUrl\":\"https:\/\/www.fetagrs.org.br\/wp-content\/uploads\/2025\/01\/WhatsApp-Image-2025-01-31-at-15.41.50.jpeg\",\"articleSection\":[\"Not\u00edcias\"],\"inLanguage\":\"pt-BR\",\"potentialAction\":[{\"@type\":\"CommentAction\",\"name\":\"Comment\",\"target\":[\"https:\/\/www.fetagrs.org.br\/?p=52859#respond\"]}]},{\"@type\":\"WebPage\",\"@id\":\"https:\/\/www.fetagrs.org.br\/?p=52859\",\"url\":\"https:\/\/www.fetagrs.org.br\/?p=52859\",\"name\":\"Fetag-RS busca orienta\u00e7\u00f5es sobre decreto de emerg\u00eancia com a Defesa Civil - FETAG-RS\",\"isPartOf\":{\"@id\":\"https:\/\/www.fetagrs.org.br\/#website\"},\"primaryImageOfPage\":{\"@id\":\"https:\/\/www.fetagrs.org.br\/?p=52859#primaryimage\"},\"image\":{\"@id\":\"https:\/\/www.fetagrs.org.br\/?p=52859#primaryimage\"},\"thumbnailUrl\":\"https:\/\/www.fetagrs.org.br\/wp-content\/uploads\/2025\/01\/WhatsApp-Image-2025-01-31-at-15.41.50.jpeg\",\"datePublished\":\"2025-01-31T19:13:37+00:00\",\"breadcrumb\":{\"@id\":\"https:\/\/www.fetagrs.org.br\/?p=52859#breadcrumb\"},\"inLanguage\":\"pt-BR\",\"potentialAction\":[{\"@type\":\"ReadAction\",\"target\":[\"https:\/\/www.fetagrs.org.br\/?p=52859\"]}]},{\"@type\":\"ImageObject\",\"inLanguage\":\"pt-BR\",\"@id\":\"https:\/\/www.fetagrs.org.br\/?p=52859#primaryimage\",\"url\":\"https:\/\/www.fetagrs.org.br\/wp-content\/uploads\/2025\/01\/WhatsApp-Image-2025-01-31-at-15.41.50.jpeg\",\"contentUrl\":\"https:\/\/www.fetagrs.org.br\/wp-content\/uploads\/2025\/01\/WhatsApp-Image-2025-01-31-at-15.41.50.jpeg\",\"width\":1600,\"height\":1066},{\"@type\":\"BreadcrumbList\",\"@id\":\"https:\/\/www.fetagrs.org.br\/?p=52859#breadcrumb\",\"itemListElement\":[{\"@type\":\"ListItem\",\"position\":1,\"name\":\"In\u00edcio\",\"item\":\"https:\/\/www.fetagrs.org.br\/\"},{\"@type\":\"ListItem\",\"position\":2,\"name\":\"Fetag-RS busca orienta\u00e7\u00f5es sobre decreto de emerg\u00eancia com a Defesa Civil\"}]},{\"@type\":\"WebSite\",\"@id\":\"https:\/\/www.fetagrs.org.br\/#website\",\"url\":\"https:\/\/www.fetagrs.org.br\/\",\"name\":\"FETAG-RS\",\"description\":\"Federa\u00e7\u00e3o dos Trabalhadores na Agricultura no RS\",\"publisher\":{\"@id\":\"https:\/\/www.fetagrs.org.br\/#organization\"},\"potentialAction\":[{\"@type\":\"SearchAction\",\"target\":{\"@type\":\"EntryPoint\",\"urlTemplate\":\"https:\/\/www.fetagrs.org.br\/?s={search_term_string}\"},\"query-input\":{\"@type\":\"PropertyValueSpecification\",\"valueRequired\":true,\"valueName\":\"search_term_string\"}}],\"inLanguage\":\"pt-BR\"},{\"@type\":\"Organization\",\"@id\":\"https:\/\/www.fetagrs.org.br\/#organization\",\"name\":\"Federa\u00e7\u00e3o dos Trabalhadores na Agricultura no Rio Grande do Sul\",\"url\":\"https:\/\/www.fetagrs.org.br\/\",\"logo\":{\"@type\":\"ImageObject\",\"inLanguage\":\"pt-BR\",\"@id\":\"https:\/\/www.fetagrs.org.br\/#\/schema\/logo\/image\/\",\"url\":\"http:\/\/fetagrs.org.br\/wp-content\/uploads\/2020\/12\/FETAG-RS.jpg\",\"contentUrl\":\"http:\/\/fetagrs.org.br\/wp-content\/uploads\/2020\/12\/FETAG-RS.jpg\",\"width\":561,\"height\":598,\"caption\":\"Federa\u00e7\u00e3o dos Trabalhadores na Agricultura no Rio Grande do Sul\"},\"image\":{\"@id\":\"https:\/\/www.fetagrs.org.br\/#\/schema\/logo\/image\/\"},\"sameAs\":[\"https:\/\/www.facebook.com\/fetagrs\",\"https:\/\/www.instagram.com\/fetagrs\/\",\"https:\/\/www.youtube.com\/c\/TVFETAGRS\/featured\"]},{\"@type\":\"Person\",\"@id\":\"https:\/\/www.fetagrs.org.br\/#\/schema\/person\/63feda757bcea7a088c3c50c94b4589e\",\"name\":\"Eduardo Oliveira\",\"image\":{\"@type\":\"ImageObject\",\"inLanguage\":\"pt-BR\",\"@id\":\"https:\/\/www.fetagrs.org.br\/#\/schema\/person\/image\/\",\"url\":\"https:\/\/secure.gravatar.com\/avatar\/336670b2aee45e4128ef7a1208652d038276b6cd1cc2fc712c261fa3e568e783?s=96&d=mm&r=g\",\"contentUrl\":\"https:\/\/secure.gravatar.com\/avatar\/336670b2aee45e4128ef7a1208652d038276b6cd1cc2fc712c261fa3e568e783?s=96&d=mm&r=g\",\"caption\":\"Eduardo Oliveira\"},\"url\":\"https:\/\/www.fetagrs.org.br\/?author=5\"}]}<\/script>\n<!-- \/ Yoast SEO plugin. -->","yoast_head_json":{"title":"Fetag-RS busca orienta\u00e7\u00f5es sobre decreto de emerg\u00eancia com a Defesa Civil - FETAG-RS","robots":{"index":"index","follow":"follow","max-snippet":"max-snippet:-1","max-image-preview":"max-image-preview:large","max-video-preview":"max-video-preview:-1"},"canonical":"https:\/\/www.fetagrs.org.br\/?p=52859","og_locale":"pt_BR","og_type":"article","og_title":"Fetag-RS busca orienta\u00e7\u00f5es sobre decreto de emerg\u00eancia com a Defesa Civil - FETAG-RS","og_description":"O presidente da Fetag-RS, Carlos Joel da Silva, e o deputado estadual Elton Weber estiveram, nesta sexta-feira (31), em reuni\u00e3o na sede da Defesa Civil do Rio Grande do Sul, em Porto Alegre. O encontro teve como objetivo esclarecer os procedimentos para a decreta\u00e7\u00e3o de emerg\u00eancia nos munic\u00edpios ga\u00fachos afetados pela estiagem. A necessidade de... Leia mais &raquo;","og_url":"https:\/\/www.fetagrs.org.br\/?p=52859","og_site_name":"FETAG-RS","article_publisher":"https:\/\/www.facebook.com\/fetagrs","article_published_time":"2025-01-31T19:13:37+00:00","og_image":[{"width":1600,"height":1066,"url":"https:\/\/www.fetagrs.org.br\/wp-content\/uploads\/2025\/01\/WhatsApp-Image-2025-01-31-at-15.41.50.jpeg","type":"image\/jpeg"}],"author":"Eduardo Oliveira","twitter_card":"summary_large_image","schema":{"@context":"https:\/\/schema.org","@graph":[{"@type":"Article","@id":"https:\/\/www.fetagrs.org.br\/?p=52859#article","isPartOf":{"@id":"https:\/\/www.fetagrs.org.br\/?p=52859"},"author":{"name":"Eduardo Oliveira","@id":"https:\/\/www.fetagrs.org.br\/#\/schema\/person\/63feda757bcea7a088c3c50c94b4589e"},"headline":"Fetag-RS busca orienta\u00e7\u00f5es sobre decreto de emerg\u00eancia com a Defesa Civil","datePublished":"2025-01-31T19:13:37+00:00","mainEntityOfPage":{"@id":"https:\/\/www.fetagrs.org.br\/?p=52859"},"wordCount":400,"commentCount":0,"publisher":{"@id":"https:\/\/www.fetagrs.org.br\/#organization"},"image":{"@id":"https:\/\/www.fetagrs.org.br\/?p=52859#primaryimage"},"thumbnailUrl":"https:\/\/www.fetagrs.org.br\/wp-content\/uploads\/2025\/01\/WhatsApp-Image-2025-01-31-at-15.41.50.jpeg","articleSection":["Not\u00edcias"],"inLanguage":"pt-BR","potentialAction":[{"@type":"CommentAction","name":"Comment","target":["https:\/\/www.fetagrs.org.br\/?p=52859#respond"]}]},{"@type":"WebPage","@id":"https:\/\/www.fetagrs.org.br\/?p=52859","url":"https:\/\/www.fetagrs.org.br\/?p=52859","name":"Fetag-RS busca orienta\u00e7\u00f5es sobre decreto de emerg\u00eancia com a Defesa Civil - FETAG-RS","isPartOf":{"@id":"https:\/\/www.fetagrs.org.br\/#website"},"primaryImageOfPage":{"@id":"https:\/\/www.fetagrs.org.br\/?p=52859#primaryimage"},"image":{"@id":"https:\/\/www.fetagrs.org.br\/?p=52859#primaryimage"},"thumbnailUrl":"https:\/\/www.fetagrs.org.br\/wp-content\/uploads\/2025\/01\/WhatsApp-Image-2025-01-31-at-15.41.50.jpeg","datePublished":"2025-01-31T19:13:37+00:00","breadcrumb":{"@id":"https:\/\/www.fetagrs.org.br\/?p=52859#breadcrumb"},"inLanguage":"pt-BR","potentialAction":[{"@type":"ReadAction","target":["https:\/\/www.fetagrs.org.br\/?p=52859"]}]},{"@type":"ImageObject","inLanguage":"pt-BR","@id":"https:\/\/www.fetagrs.org.br\/?p=52859#primaryimage","url":"https:\/\/www.fetagrs.org.br\/wp-content\/uploads\/2025\/01\/WhatsApp-Image-2025-01-31-at-15.41.50.jpeg","contentUrl":"https:\/\/www.fetagrs.org.br\/wp-content\/uploads\/2025\/01\/WhatsApp-Image-2025-01-31-at-15.41.50.jpeg","width":1600,"height":1066},{"@type":"BreadcrumbList","@id":"https:\/\/www.fetagrs.org.br\/?p=52859#breadcrumb","itemListElement":[{"@type":"ListItem","position":1,"name":"In\u00edcio","item":"https:\/\/www.fetagrs.org.br\/"},{"@type":"ListItem","position":2,"name":"Fetag-RS busca orienta\u00e7\u00f5es sobre decreto de emerg\u00eancia com a Defesa Civil"}]},{"@type":"WebSite","@id":"https:\/\/www.fetagrs.org.br\/#website","url":"https:\/\/www.fetagrs.org.br\/","name":"FETAG-RS","description":"Federa\u00e7\u00e3o dos Trabalhadores na Agricultura no RS","publisher":{"@id":"https:\/\/www.fetagrs.org.br\/#organization"},"potentialAction":[{"@type":"SearchAction","target":{"@type":"EntryPoint","urlTemplate":"https:\/\/www.fetagrs.org.br\/?s={search_term_string}"},"query-input":{"@type":"PropertyValueSpecification","valueRequired":true,"valueName":"search_term_string"}}],"inLanguage":"pt-BR"},{"@type":"Organization","@id":"https:\/\/www.fetagrs.org.br\/#organization","name":"Federa\u00e7\u00e3o dos Trabalhadores na Agricultura no Rio Grande do Sul","url":"https:\/\/www.fetagrs.org.br\/","logo":{"@type":"ImageObject","inLanguage":"pt-BR","@id":"https:\/\/www.fetagrs.org.br\/#\/schema\/logo\/image\/","url":"http:\/\/fetagrs.org.br\/wp-content\/uploads\/2020\/12\/FETAG-RS.jpg","contentUrl":"http:\/\/fetagrs.org.br\/wp-content\/uploads\/2020\/12\/FETAG-RS.jpg","width":561,"height":598,"caption":"Federa\u00e7\u00e3o dos Trabalhadores na Agricultura no Rio Grande do Sul"},"image":{"@id":"https:\/\/www.fetagrs.org.br\/#\/schema\/logo\/image\/"},"sameAs":["https:\/\/www.facebook.com\/fetagrs","https:\/\/www.instagram.com\/fetagrs\/","https:\/\/www.youtube.com\/c\/TVFETAGRS\/featured"]},{"@type":"Person","@id":"https:\/\/www.fetagrs.org.br\/#\/schema\/person\/63feda757bcea7a088c3c50c94b4589e","name":"Eduardo Oliveira","image":{"@type":"ImageObject","inLanguage":"pt-BR","@id":"https:\/\/www.fetagrs.org.br\/#\/schema\/person\/image\/","url":"https:\/\/secure.gravatar.com\/avatar\/336670b2aee45e4128ef7a1208652d038276b6cd1cc2fc712c261fa3e568e783?s=96&d=mm&r=g","contentUrl":"https:\/\/secure.gravatar.com\/avatar\/336670b2aee45e4128ef7a1208652d038276b6cd1cc2fc712c261fa3e568e783?s=96&d=mm&r=g","caption":"Eduardo Oliveira"},"url":"https:\/\/www.fetagrs.org.br\/?author=5"}]}},"_links":{"self":[{"href":"https:\/\/www.fetagrs.org.br\/index.php?rest_route=\/wp\/v2\/posts\/52859","targetHints":{"allow":["GET"]}}],"collection":[{"href":"https:\/\/www.fetagrs.org.br\/index.php?rest_route=\/wp\/v2\/posts"}],"about":[{"href":"https:\/\/www.fetagrs.org.br\/index.php?rest_route=\/wp\/v2\/types\/post"}],"author":[{"embeddable":true,"href":"https:\/\/www.fetagrs.org.br\/index.php?rest_route=\/wp\/v2\/users\/5"}],"replies":[{"embeddable":true,"href":"https:\/\/www.fetagrs.org.br\/index.php?rest_route=%2Fwp%2Fv2%2Fcomments&post=52859"}],"version-history":[{"count":1,"href":"https:\/\/www.fetagrs.org.br\/index.php?rest_route=\/wp\/v2\/posts\/52859\/revisions"}],"predecessor-version":[{"id":52862,"href":"https:\/\/www.fetagrs.org.br\/index.php?rest_route=\/wp\/v2\/posts\/52859\/revisions\/52862"}],"wp:featuredmedia":[{"embeddable":true,"href":"https:\/\/www.fetagrs.org.br\/index.php?rest_route=\/wp\/v2\/media\/52860"}],"wp:attachment":[{"href":"https:\/\/www.fetagrs.org.br\/index.php?rest_route=%2Fwp%2Fv2%2Fmedia&parent=52859"}],"wp:term":[{"taxonomy":"category","embeddable":true,"href":"https:\/\/www.fetagrs.org.br\/index.php?rest_route=%2Fwp%2Fv2%2Fcategories&post=52859"},{"taxonomy":"post_tag","embeddable":true,"href":"https:\/\/www.fetagrs.org.br\/index.php?rest_route=%2Fwp%2Fv2%2Ftags&post=52859"}],"curies":[{"name":"wp","href":"https:\/\/api.w.org\/{rel}","templated":true}]}}