{"id":52578,"date":"2024-11-05T14:39:34","date_gmt":"2024-11-05T17:39:34","guid":{"rendered":"https:\/\/www.fetagrs.org.br\/?p=52578"},"modified":"2024-11-05T14:39:34","modified_gmt":"2024-11-05T17:39:34","slug":"em-audiencia-publica-na-camara-dos-deputados-fetag-rs-cobra-medidas-para-a-agricultura-familiar","status":"publish","type":"post","link":"https:\/\/www.fetagrs.org.br\/?p=52578","title":{"rendered":"Em Audi\u00eancia P\u00fablica na C\u00e2mara dos Deputados, Fetag-RS cobra medidas para a agricultura familiar"},"content":{"rendered":"<a href=\"http:\/\/www.fetagrs.org.br\/wp-content\/uploads\/2024\/11\/WhatsApp-Image-2024-11-05-at-11.26.18.jpeg\"><img loading=\"lazy\" decoding=\"async\" class=\"size-medium wp-image-52579 aligncenter\" src=\"http:\/\/www.fetagrs.org.br\/wp-content\/uploads\/2024\/11\/WhatsApp-Image-2024-11-05-at-11.26.18-300x169.jpeg\" alt=\"\" width=\"300\" height=\"169\" srcset=\"https:\/\/www.fetagrs.org.br\/wp-content\/uploads\/2024\/11\/WhatsApp-Image-2024-11-05-at-11.26.18-300x169.jpeg 300w, https:\/\/www.fetagrs.org.br\/wp-content\/uploads\/2024\/11\/WhatsApp-Image-2024-11-05-at-11.26.18-1024x576.jpeg 1024w, https:\/\/www.fetagrs.org.br\/wp-content\/uploads\/2024\/11\/WhatsApp-Image-2024-11-05-at-11.26.18-768x432.jpeg 768w, https:\/\/www.fetagrs.org.br\/wp-content\/uploads\/2024\/11\/WhatsApp-Image-2024-11-05-at-11.26.18-1536x864.jpeg 1536w, https:\/\/www.fetagrs.org.br\/wp-content\/uploads\/2024\/11\/WhatsApp-Image-2024-11-05-at-11.26.18.jpeg 1600w\" sizes=\"auto, (max-width: 300px) 100vw, 300px\" \/><\/a>\n<p>Na ter\u00e7a-feira (5), L\u00e9rida Pavanelo, coordenadora estadual de Mulheres da Fetag-RS, representou a federa\u00e7\u00e3o em uma audi\u00eancia na Comiss\u00e3o de Agricultura da C\u00e2mara dos Deputados para discutir os desafios que a agricultura familiar enfrenta no Brasil.<\/p>\n<p>Durante a sua fala, L\u00e9rida ressaltou as dificuldades das fam\u00edlias agricultoras, especialmente aquelas que tiveram perdas acima de 60% nas propriedades, e chamou a aten\u00e7\u00e3o para os atrasos nos processos de compensa\u00e7\u00e3o e financiamento. Ela tamb\u00e9m destacou a limita\u00e7\u00e3o da linha de cr\u00e9dito do BNDES, que liberou R$ 5 bilh\u00f5es para ajudar agricultores endividados com cooperativas, cerealistas e bancos privados. No entanto, o valor necess\u00e1rio para atender a todos os produtores afetados seria em torno de R$ 25 bilh\u00f5es. \u201cO problema \u00e9 ainda maior porque muitos agricultores n\u00e3o conseguem acessar esses recursos por n\u00e3o terem garantias suficientes para oferecer aos bancos\u201d, explicou.<\/p>\n<p>Ela tamb\u00e9m criticou o funcionamento do Fundo Garantidor, criado para facilitar o acesso ao cr\u00e9dito, mas que n\u00e3o tem ajudado como deveria. \u201cNa pr\u00e1tica, ele n\u00e3o est\u00e1 cumprindo o prometido. Muitos agricultores familiares est\u00e3o sem ter a quem recorrer para resolver suas d\u00edvidas e, por isso, n\u00e3o conseguem cr\u00e9dito para a pr\u00f3xima safra\u201d, afirmou.<\/p>\n<p>Para a Fetag-RS, existe a necessidade de mais alinhamento entre as leis e a libera\u00e7\u00e3o de recursos suficientes para que as linhas de cr\u00e9dito do BNDES realmente funcionem. Caso contr\u00e1rio, muitos agricultores podem ficar sem financiamento e sem condi\u00e7\u00f5es de plantar a safra de ver\u00e3o, o que pode prejudicar a produ\u00e7\u00e3o de alimentos no pa\u00eds.<\/p>\n<p>Tamb\u00e9m representa a Fetag-RS na audi\u00eancia o presidente do Sindicato dos Trabalhadores Rurais de S\u00e3o Louren\u00e7o Valnei Brose.<\/p>\n","protected":false},"excerpt":{"rendered":"<p>Na ter\u00e7a-feira (5), L\u00e9rida Pavanelo, coordenadora estadual de Mulheres da Fetag-RS, representou a federa\u00e7\u00e3o em uma audi\u00eancia na Comiss\u00e3o de Agricultura da C\u00e2mara dos Deputados para discutir os desafios que a agricultura familiar enfrenta no Brasil. Durante a sua fala, L\u00e9rida ressaltou as dificuldades das fam\u00edlias agricultoras, especialmente aquelas que tiveram perdas acima de 60%&#8230;  <a class=\"excerpt-read-more\" href=\"https:\/\/www.fetagrs.org.br\/?p=52578\" title=\"Read Em Audi\u00eancia P\u00fablica na C\u00e2mara dos Deputados, Fetag-RS cobra medidas para a agricultura familiar\">Leia mais &raquo;<\/a><\/p>\n","protected":false},"author":5,"featured_media":52579,"comment_status":"open","ping_status":"open","sticky":false,"template":"","format":"standard","meta":{"footnotes":"","_links_to":"","_links_to_target":""},"categories":[3],"tags":[],"class_list":["post-52578","post","type-post","status-publish","format-standard","has-post-thumbnail","hentry","category-noticias"],"yoast_head":"<!-- This site is optimized with the Yoast SEO plugin v26.8 - https:\/\/yoast.com\/product\/yoast-seo-wordpress\/ -->\n<title>Em Audi\u00eancia P\u00fablica na C\u00e2mara dos Deputados, Fetag-RS cobra medidas para a agricultura familiar - FETAG-RS<\/title>\n<meta name=\"robots\" content=\"index, follow, max-snippet:-1, max-image-preview:large, max-video-preview:-1\" \/>\n<link rel=\"canonical\" href=\"https:\/\/www.fetagrs.org.br\/?p=52578\" \/>\n<meta property=\"og:locale\" content=\"pt_BR\" \/>\n<meta property=\"og:type\" content=\"article\" \/>\n<meta property=\"og:title\" content=\"Em Audi\u00eancia P\u00fablica na C\u00e2mara dos Deputados, Fetag-RS cobra medidas para a agricultura familiar - FETAG-RS\" \/>\n<meta property=\"og:description\" content=\"Na ter\u00e7a-feira (5), L\u00e9rida Pavanelo, coordenadora estadual de Mulheres da Fetag-RS, representou a federa\u00e7\u00e3o em uma audi\u00eancia na Comiss\u00e3o de Agricultura da C\u00e2mara dos Deputados para discutir os desafios que a agricultura familiar enfrenta no Brasil. Durante a sua fala, L\u00e9rida ressaltou as dificuldades das fam\u00edlias agricultoras, especialmente aquelas que tiveram perdas acima de 60%... Leia mais &raquo;\" \/>\n<meta property=\"og:url\" content=\"https:\/\/www.fetagrs.org.br\/?p=52578\" \/>\n<meta property=\"og:site_name\" content=\"FETAG-RS\" \/>\n<meta property=\"article:publisher\" content=\"https:\/\/www.facebook.com\/fetagrs\" \/>\n<meta property=\"article:published_time\" content=\"2024-11-05T17:39:34+00:00\" \/>\n<meta property=\"og:image\" content=\"https:\/\/www.fetagrs.org.br\/wp-content\/uploads\/2024\/11\/WhatsApp-Image-2024-11-05-at-11.26.18.jpeg\" \/>\n\t<meta property=\"og:image:width\" content=\"1600\" \/>\n\t<meta property=\"og:image:height\" content=\"900\" \/>\n\t<meta property=\"og:image:type\" content=\"image\/jpeg\" \/>\n<meta name=\"author\" content=\"Eduardo Oliveira\" \/>\n<meta name=\"twitter:card\" content=\"summary_large_image\" \/>\n<script type=\"application\/ld+json\" class=\"yoast-schema-graph\">{\"@context\":\"https:\/\/schema.org\",\"@graph\":[{\"@type\":\"Article\",\"@id\":\"https:\/\/www.fetagrs.org.br\/?p=52578#article\",\"isPartOf\":{\"@id\":\"https:\/\/www.fetagrs.org.br\/?p=52578\"},\"author\":{\"name\":\"Eduardo Oliveira\",\"@id\":\"https:\/\/www.fetagrs.org.br\/#\/schema\/person\/63feda757bcea7a088c3c50c94b4589e\"},\"headline\":\"Em Audi\u00eancia P\u00fablica na C\u00e2mara dos Deputados, Fetag-RS cobra medidas para a agricultura familiar\",\"datePublished\":\"2024-11-05T17:39:34+00:00\",\"mainEntityOfPage\":{\"@id\":\"https:\/\/www.fetagrs.org.br\/?p=52578\"},\"wordCount\":316,\"commentCount\":0,\"publisher\":{\"@id\":\"https:\/\/www.fetagrs.org.br\/#organization\"},\"image\":{\"@id\":\"https:\/\/www.fetagrs.org.br\/?p=52578#primaryimage\"},\"thumbnailUrl\":\"https:\/\/www.fetagrs.org.br\/wp-content\/uploads\/2024\/11\/WhatsApp-Image-2024-11-05-at-11.26.18.jpeg\",\"articleSection\":[\"Not\u00edcias\"],\"inLanguage\":\"pt-BR\",\"potentialAction\":[{\"@type\":\"CommentAction\",\"name\":\"Comment\",\"target\":[\"https:\/\/www.fetagrs.org.br\/?p=52578#respond\"]}]},{\"@type\":\"WebPage\",\"@id\":\"https:\/\/www.fetagrs.org.br\/?p=52578\",\"url\":\"https:\/\/www.fetagrs.org.br\/?p=52578\",\"name\":\"Em Audi\u00eancia P\u00fablica na C\u00e2mara dos Deputados, Fetag-RS cobra medidas para a agricultura familiar - FETAG-RS\",\"isPartOf\":{\"@id\":\"https:\/\/www.fetagrs.org.br\/#website\"},\"primaryImageOfPage\":{\"@id\":\"https:\/\/www.fetagrs.org.br\/?p=52578#primaryimage\"},\"image\":{\"@id\":\"https:\/\/www.fetagrs.org.br\/?p=52578#primaryimage\"},\"thumbnailUrl\":\"https:\/\/www.fetagrs.org.br\/wp-content\/uploads\/2024\/11\/WhatsApp-Image-2024-11-05-at-11.26.18.jpeg\",\"datePublished\":\"2024-11-05T17:39:34+00:00\",\"breadcrumb\":{\"@id\":\"https:\/\/www.fetagrs.org.br\/?p=52578#breadcrumb\"},\"inLanguage\":\"pt-BR\",\"potentialAction\":[{\"@type\":\"ReadAction\",\"target\":[\"https:\/\/www.fetagrs.org.br\/?p=52578\"]}]},{\"@type\":\"ImageObject\",\"inLanguage\":\"pt-BR\",\"@id\":\"https:\/\/www.fetagrs.org.br\/?p=52578#primaryimage\",\"url\":\"https:\/\/www.fetagrs.org.br\/wp-content\/uploads\/2024\/11\/WhatsApp-Image-2024-11-05-at-11.26.18.jpeg\",\"contentUrl\":\"https:\/\/www.fetagrs.org.br\/wp-content\/uploads\/2024\/11\/WhatsApp-Image-2024-11-05-at-11.26.18.jpeg\",\"width\":1600,\"height\":900},{\"@type\":\"BreadcrumbList\",\"@id\":\"https:\/\/www.fetagrs.org.br\/?p=52578#breadcrumb\",\"itemListElement\":[{\"@type\":\"ListItem\",\"position\":1,\"name\":\"In\u00edcio\",\"item\":\"https:\/\/www.fetagrs.org.br\/\"},{\"@type\":\"ListItem\",\"position\":2,\"name\":\"Em Audi\u00eancia P\u00fablica na C\u00e2mara dos Deputados, Fetag-RS cobra medidas para a agricultura familiar\"}]},{\"@type\":\"WebSite\",\"@id\":\"https:\/\/www.fetagrs.org.br\/#website\",\"url\":\"https:\/\/www.fetagrs.org.br\/\",\"name\":\"FETAG-RS\",\"description\":\"Federa\u00e7\u00e3o dos Trabalhadores na Agricultura no RS\",\"publisher\":{\"@id\":\"https:\/\/www.fetagrs.org.br\/#organization\"},\"potentialAction\":[{\"@type\":\"SearchAction\",\"target\":{\"@type\":\"EntryPoint\",\"urlTemplate\":\"https:\/\/www.fetagrs.org.br\/?s={search_term_string}\"},\"query-input\":{\"@type\":\"PropertyValueSpecification\",\"valueRequired\":true,\"valueName\":\"search_term_string\"}}],\"inLanguage\":\"pt-BR\"},{\"@type\":\"Organization\",\"@id\":\"https:\/\/www.fetagrs.org.br\/#organization\",\"name\":\"Federa\u00e7\u00e3o dos Trabalhadores na Agricultura no Rio Grande do Sul\",\"url\":\"https:\/\/www.fetagrs.org.br\/\",\"logo\":{\"@type\":\"ImageObject\",\"inLanguage\":\"pt-BR\",\"@id\":\"https:\/\/www.fetagrs.org.br\/#\/schema\/logo\/image\/\",\"url\":\"http:\/\/fetagrs.org.br\/wp-content\/uploads\/2020\/12\/FETAG-RS.jpg\",\"contentUrl\":\"http:\/\/fetagrs.org.br\/wp-content\/uploads\/2020\/12\/FETAG-RS.jpg\",\"width\":561,\"height\":598,\"caption\":\"Federa\u00e7\u00e3o dos Trabalhadores na Agricultura no Rio Grande do Sul\"},\"image\":{\"@id\":\"https:\/\/www.fetagrs.org.br\/#\/schema\/logo\/image\/\"},\"sameAs\":[\"https:\/\/www.facebook.com\/fetagrs\",\"https:\/\/www.instagram.com\/fetagrs\/\",\"https:\/\/www.youtube.com\/c\/TVFETAGRS\/featured\"]},{\"@type\":\"Person\",\"@id\":\"https:\/\/www.fetagrs.org.br\/#\/schema\/person\/63feda757bcea7a088c3c50c94b4589e\",\"name\":\"Eduardo Oliveira\",\"image\":{\"@type\":\"ImageObject\",\"inLanguage\":\"pt-BR\",\"@id\":\"https:\/\/www.fetagrs.org.br\/#\/schema\/person\/image\/\",\"url\":\"https:\/\/secure.gravatar.com\/avatar\/336670b2aee45e4128ef7a1208652d038276b6cd1cc2fc712c261fa3e568e783?s=96&d=mm&r=g\",\"contentUrl\":\"https:\/\/secure.gravatar.com\/avatar\/336670b2aee45e4128ef7a1208652d038276b6cd1cc2fc712c261fa3e568e783?s=96&d=mm&r=g\",\"caption\":\"Eduardo Oliveira\"},\"url\":\"https:\/\/www.fetagrs.org.br\/?author=5\"}]}<\/script>\n<!-- \/ Yoast SEO plugin. -->","yoast_head_json":{"title":"Em Audi\u00eancia P\u00fablica na C\u00e2mara dos Deputados, Fetag-RS cobra medidas para a agricultura familiar - FETAG-RS","robots":{"index":"index","follow":"follow","max-snippet":"max-snippet:-1","max-image-preview":"max-image-preview:large","max-video-preview":"max-video-preview:-1"},"canonical":"https:\/\/www.fetagrs.org.br\/?p=52578","og_locale":"pt_BR","og_type":"article","og_title":"Em Audi\u00eancia P\u00fablica na C\u00e2mara dos Deputados, Fetag-RS cobra medidas para a agricultura familiar - FETAG-RS","og_description":"Na ter\u00e7a-feira (5), L\u00e9rida Pavanelo, coordenadora estadual de Mulheres da Fetag-RS, representou a federa\u00e7\u00e3o em uma audi\u00eancia na Comiss\u00e3o de Agricultura da C\u00e2mara dos Deputados para discutir os desafios que a agricultura familiar enfrenta no Brasil. Durante a sua fala, L\u00e9rida ressaltou as dificuldades das fam\u00edlias agricultoras, especialmente aquelas que tiveram perdas acima de 60%... Leia mais &raquo;","og_url":"https:\/\/www.fetagrs.org.br\/?p=52578","og_site_name":"FETAG-RS","article_publisher":"https:\/\/www.facebook.com\/fetagrs","article_published_time":"2024-11-05T17:39:34+00:00","og_image":[{"width":1600,"height":900,"url":"https:\/\/www.fetagrs.org.br\/wp-content\/uploads\/2024\/11\/WhatsApp-Image-2024-11-05-at-11.26.18.jpeg","type":"image\/jpeg"}],"author":"Eduardo Oliveira","twitter_card":"summary_large_image","schema":{"@context":"https:\/\/schema.org","@graph":[{"@type":"Article","@id":"https:\/\/www.fetagrs.org.br\/?p=52578#article","isPartOf":{"@id":"https:\/\/www.fetagrs.org.br\/?p=52578"},"author":{"name":"Eduardo Oliveira","@id":"https:\/\/www.fetagrs.org.br\/#\/schema\/person\/63feda757bcea7a088c3c50c94b4589e"},"headline":"Em Audi\u00eancia P\u00fablica na C\u00e2mara dos Deputados, Fetag-RS cobra medidas para a agricultura familiar","datePublished":"2024-11-05T17:39:34+00:00","mainEntityOfPage":{"@id":"https:\/\/www.fetagrs.org.br\/?p=52578"},"wordCount":316,"commentCount":0,"publisher":{"@id":"https:\/\/www.fetagrs.org.br\/#organization"},"image":{"@id":"https:\/\/www.fetagrs.org.br\/?p=52578#primaryimage"},"thumbnailUrl":"https:\/\/www.fetagrs.org.br\/wp-content\/uploads\/2024\/11\/WhatsApp-Image-2024-11-05-at-11.26.18.jpeg","articleSection":["Not\u00edcias"],"inLanguage":"pt-BR","potentialAction":[{"@type":"CommentAction","name":"Comment","target":["https:\/\/www.fetagrs.org.br\/?p=52578#respond"]}]},{"@type":"WebPage","@id":"https:\/\/www.fetagrs.org.br\/?p=52578","url":"https:\/\/www.fetagrs.org.br\/?p=52578","name":"Em Audi\u00eancia P\u00fablica na C\u00e2mara dos Deputados, Fetag-RS cobra medidas para a agricultura familiar - FETAG-RS","isPartOf":{"@id":"https:\/\/www.fetagrs.org.br\/#website"},"primaryImageOfPage":{"@id":"https:\/\/www.fetagrs.org.br\/?p=52578#primaryimage"},"image":{"@id":"https:\/\/www.fetagrs.org.br\/?p=52578#primaryimage"},"thumbnailUrl":"https:\/\/www.fetagrs.org.br\/wp-content\/uploads\/2024\/11\/WhatsApp-Image-2024-11-05-at-11.26.18.jpeg","datePublished":"2024-11-05T17:39:34+00:00","breadcrumb":{"@id":"https:\/\/www.fetagrs.org.br\/?p=52578#breadcrumb"},"inLanguage":"pt-BR","potentialAction":[{"@type":"ReadAction","target":["https:\/\/www.fetagrs.org.br\/?p=52578"]}]},{"@type":"ImageObject","inLanguage":"pt-BR","@id":"https:\/\/www.fetagrs.org.br\/?p=52578#primaryimage","url":"https:\/\/www.fetagrs.org.br\/wp-content\/uploads\/2024\/11\/WhatsApp-Image-2024-11-05-at-11.26.18.jpeg","contentUrl":"https:\/\/www.fetagrs.org.br\/wp-content\/uploads\/2024\/11\/WhatsApp-Image-2024-11-05-at-11.26.18.jpeg","width":1600,"height":900},{"@type":"BreadcrumbList","@id":"https:\/\/www.fetagrs.org.br\/?p=52578#breadcrumb","itemListElement":[{"@type":"ListItem","position":1,"name":"In\u00edcio","item":"https:\/\/www.fetagrs.org.br\/"},{"@type":"ListItem","position":2,"name":"Em Audi\u00eancia P\u00fablica na C\u00e2mara dos Deputados, Fetag-RS cobra medidas para a agricultura familiar"}]},{"@type":"WebSite","@id":"https:\/\/www.fetagrs.org.br\/#website","url":"https:\/\/www.fetagrs.org.br\/","name":"FETAG-RS","description":"Federa\u00e7\u00e3o dos Trabalhadores na Agricultura no RS","publisher":{"@id":"https:\/\/www.fetagrs.org.br\/#organization"},"potentialAction":[{"@type":"SearchAction","target":{"@type":"EntryPoint","urlTemplate":"https:\/\/www.fetagrs.org.br\/?s={search_term_string}"},"query-input":{"@type":"PropertyValueSpecification","valueRequired":true,"valueName":"search_term_string"}}],"inLanguage":"pt-BR"},{"@type":"Organization","@id":"https:\/\/www.fetagrs.org.br\/#organization","name":"Federa\u00e7\u00e3o dos Trabalhadores na Agricultura no Rio Grande do Sul","url":"https:\/\/www.fetagrs.org.br\/","logo":{"@type":"ImageObject","inLanguage":"pt-BR","@id":"https:\/\/www.fetagrs.org.br\/#\/schema\/logo\/image\/","url":"http:\/\/fetagrs.org.br\/wp-content\/uploads\/2020\/12\/FETAG-RS.jpg","contentUrl":"http:\/\/fetagrs.org.br\/wp-content\/uploads\/2020\/12\/FETAG-RS.jpg","width":561,"height":598,"caption":"Federa\u00e7\u00e3o dos Trabalhadores na Agricultura no Rio Grande do Sul"},"image":{"@id":"https:\/\/www.fetagrs.org.br\/#\/schema\/logo\/image\/"},"sameAs":["https:\/\/www.facebook.com\/fetagrs","https:\/\/www.instagram.com\/fetagrs\/","https:\/\/www.youtube.com\/c\/TVFETAGRS\/featured"]},{"@type":"Person","@id":"https:\/\/www.fetagrs.org.br\/#\/schema\/person\/63feda757bcea7a088c3c50c94b4589e","name":"Eduardo Oliveira","image":{"@type":"ImageObject","inLanguage":"pt-BR","@id":"https:\/\/www.fetagrs.org.br\/#\/schema\/person\/image\/","url":"https:\/\/secure.gravatar.com\/avatar\/336670b2aee45e4128ef7a1208652d038276b6cd1cc2fc712c261fa3e568e783?s=96&d=mm&r=g","contentUrl":"https:\/\/secure.gravatar.com\/avatar\/336670b2aee45e4128ef7a1208652d038276b6cd1cc2fc712c261fa3e568e783?s=96&d=mm&r=g","caption":"Eduardo Oliveira"},"url":"https:\/\/www.fetagrs.org.br\/?author=5"}]}},"_links":{"self":[{"href":"https:\/\/www.fetagrs.org.br\/index.php?rest_route=\/wp\/v2\/posts\/52578","targetHints":{"allow":["GET"]}}],"collection":[{"href":"https:\/\/www.fetagrs.org.br\/index.php?rest_route=\/wp\/v2\/posts"}],"about":[{"href":"https:\/\/www.fetagrs.org.br\/index.php?rest_route=\/wp\/v2\/types\/post"}],"author":[{"embeddable":true,"href":"https:\/\/www.fetagrs.org.br\/index.php?rest_route=\/wp\/v2\/users\/5"}],"replies":[{"embeddable":true,"href":"https:\/\/www.fetagrs.org.br\/index.php?rest_route=%2Fwp%2Fv2%2Fcomments&post=52578"}],"version-history":[{"count":1,"href":"https:\/\/www.fetagrs.org.br\/index.php?rest_route=\/wp\/v2\/posts\/52578\/revisions"}],"predecessor-version":[{"id":52580,"href":"https:\/\/www.fetagrs.org.br\/index.php?rest_route=\/wp\/v2\/posts\/52578\/revisions\/52580"}],"wp:featuredmedia":[{"embeddable":true,"href":"https:\/\/www.fetagrs.org.br\/index.php?rest_route=\/wp\/v2\/media\/52579"}],"wp:attachment":[{"href":"https:\/\/www.fetagrs.org.br\/index.php?rest_route=%2Fwp%2Fv2%2Fmedia&parent=52578"}],"wp:term":[{"taxonomy":"category","embeddable":true,"href":"https:\/\/www.fetagrs.org.br\/index.php?rest_route=%2Fwp%2Fv2%2Fcategories&post=52578"},{"taxonomy":"post_tag","embeddable":true,"href":"https:\/\/www.fetagrs.org.br\/index.php?rest_route=%2Fwp%2Fv2%2Ftags&post=52578"}],"curies":[{"name":"wp","href":"https:\/\/api.w.org\/{rel}","templated":true}]}}