{"id":45970,"date":"2021-05-04T11:07:31","date_gmt":"2021-05-04T14:07:31","guid":{"rendered":"http:\/\/fetagrs.org.br\/?p=45970"},"modified":"2021-05-04T11:07:31","modified_gmt":"2021-05-04T14:07:31","slug":"voce-sabia-o-galpao-do-produtor-gnp-na-ceasa-e-de-uso-exclusivo-dos-produtores-de-hortifrutigranjeiros-do-rs","status":"publish","type":"post","link":"https:\/\/www.fetagrs.org.br\/?p=45970","title":{"rendered":"VOC\u00ca SABIA? O GALP\u00c3O DO PRODUTOR (GNP) NA CEASA \u00c9 DE USO EXCLUSIVO DOS PRODUTORES DE HORTIFRUTIGRANJEIROS DO RS\u00a0"},"content":{"rendered":"<img loading=\"lazy\" decoding=\"async\" class=\"size-medium wp-image-45971 aligncenter\" src=\"http:\/\/fetagrs.org.br\/wp-content\/uploads\/2021\/05\/04-05-21-300x300.png\" alt=\"\" width=\"300\" height=\"300\" srcset=\"https:\/\/www.fetagrs.org.br\/wp-content\/uploads\/2021\/05\/04-05-21-300x300.png 300w, https:\/\/www.fetagrs.org.br\/wp-content\/uploads\/2021\/05\/04-05-21-1024x1024.png 1024w, https:\/\/www.fetagrs.org.br\/wp-content\/uploads\/2021\/05\/04-05-21-150x150.png 150w, https:\/\/www.fetagrs.org.br\/wp-content\/uploads\/2021\/05\/04-05-21-768x768.png 768w, https:\/\/www.fetagrs.org.br\/wp-content\/uploads\/2021\/05\/04-05-21-125x125.png 125w, https:\/\/www.fetagrs.org.br\/wp-content\/uploads\/2021\/05\/04-05-21.png 1080w\" sizes=\"auto, (max-width: 300px) 100vw, 300px\" \/>\n<p>&nbsp;<\/p>\n<p style=\"text-align: justify;\">O Galp\u00e3o do Produtor (GNP), destina-se ao uso exclusivo dos produtores de hortifrutigranjeiros do Rio Grande do Sul, cadastrados na modalidade individual ou em grupos, tendo como exce\u00e7\u00e3o somente os segmentos dos varejistas, das lancherias e das microempresas.<\/p>\n<p style=\"text-align: justify;\">\n<p style=\"text-align: justify;\">O sistema de ocupa\u00e7\u00e3o poder\u00e1 se dar por t\u00edquetes di\u00e1rios ou atrav\u00e9s da fixa\u00e7\u00e3o mensal, cujo processo de confirma\u00e7\u00e3o\/renova\u00e7\u00e3o ocorre atrav\u00e9s do pagamento do recibo no m\u00eas subsequente.<\/p>\n<p style=\"text-align: justify;\">\n<p style=\"text-align: justify;\">O crit\u00e9rio de distribui\u00e7\u00e3o dos espa\u00e7os dispon\u00edveis na modalidade diaristas ser\u00e1 pela ordem estabelecida pelas senhas de ingresso das mercadorias. Na modalidade mensal, o crit\u00e9rio de distribui\u00e7\u00e3o se d\u00e1 por sorteio, cujo calend\u00e1rio de realiza\u00e7\u00e3o ser\u00e1 fixado em tempo h\u00e1bil pela Ger\u00eancia de Opera\u00e7\u00f5es da Ceasa.<\/p>\n<p style=\"text-align: justify;\">\n<p style=\"text-align: justify;\">Se voc\u00ea tem interesse em comercializar sua produ\u00e7\u00e3o na Ceasa, procure o Sindicato dos Trabalhadores Rurais do seu munic\u00edpio e obtenha mais informa\u00e7\u00f5es.<\/p>\n<p>&nbsp;<\/p>\n","protected":false},"excerpt":{"rendered":"<p>&nbsp; O Galp\u00e3o do Produtor (GNP), destina-se ao uso exclusivo dos produtores de hortifrutigranjeiros do Rio Grande do Sul, cadastrados na modalidade individual ou em grupos, tendo como exce\u00e7\u00e3o somente os segmentos dos varejistas, das lancherias e das microempresas. O sistema de ocupa\u00e7\u00e3o poder\u00e1 se dar por t\u00edquetes di\u00e1rios ou atrav\u00e9s da fixa\u00e7\u00e3o mensal, cujo&#8230;  <a class=\"excerpt-read-more\" href=\"https:\/\/www.fetagrs.org.br\/?p=45970\" title=\"Read VOC\u00ca SABIA? O GALP\u00c3O DO PRODUTOR (GNP) NA CEASA \u00c9 DE USO EXCLUSIVO DOS PRODUTORES DE HORTIFRUTIGRANJEIROS DO RS\u00a0\">Leia mais &raquo;<\/a><\/p>\n","protected":false},"author":3,"featured_media":45971,"comment_status":"open","ping_status":"open","sticky":false,"template":"","format":"standard","meta":{"footnotes":"","_links_to":"","_links_to_target":""},"categories":[3],"tags":[],"class_list":["post-45970","post","type-post","status-publish","format-standard","has-post-thumbnail","hentry","category-noticias"],"yoast_head":"<!-- This site is optimized with the Yoast SEO plugin v26.8 - https:\/\/yoast.com\/product\/yoast-seo-wordpress\/ -->\n<title>VOC\u00ca SABIA? O GALP\u00c3O DO PRODUTOR (GNP) NA CEASA \u00c9 DE USO EXCLUSIVO DOS PRODUTORES DE HORTIFRUTIGRANJEIROS DO RS\u00a0 - FETAG-RS<\/title>\n<meta name=\"robots\" content=\"index, follow, max-snippet:-1, max-image-preview:large, max-video-preview:-1\" \/>\n<link rel=\"canonical\" href=\"https:\/\/www.fetagrs.org.br\/?p=45970\" \/>\n<meta property=\"og:locale\" content=\"pt_BR\" \/>\n<meta property=\"og:type\" content=\"article\" \/>\n<meta property=\"og:title\" content=\"VOC\u00ca SABIA? O GALP\u00c3O DO PRODUTOR (GNP) NA CEASA \u00c9 DE USO EXCLUSIVO DOS PRODUTORES DE HORTIFRUTIGRANJEIROS DO RS\u00a0 - FETAG-RS\" \/>\n<meta property=\"og:description\" content=\"&nbsp; O Galp\u00e3o do Produtor (GNP), destina-se ao uso exclusivo dos produtores de hortifrutigranjeiros do Rio Grande do Sul, cadastrados na modalidade individual ou em grupos, tendo como exce\u00e7\u00e3o somente os segmentos dos varejistas, das lancherias e das microempresas. O sistema de ocupa\u00e7\u00e3o poder\u00e1 se dar por t\u00edquetes di\u00e1rios ou atrav\u00e9s da fixa\u00e7\u00e3o mensal, cujo... Leia mais &raquo;\" \/>\n<meta property=\"og:url\" content=\"https:\/\/www.fetagrs.org.br\/?p=45970\" \/>\n<meta property=\"og:site_name\" content=\"FETAG-RS\" \/>\n<meta property=\"article:publisher\" content=\"https:\/\/www.facebook.com\/fetagrs\" \/>\n<meta property=\"article:published_time\" content=\"2021-05-04T14:07:31+00:00\" \/>\n<meta property=\"og:image\" content=\"https:\/\/www.fetagrs.org.br\/wp-content\/uploads\/2021\/05\/04-05-21.png\" \/>\n\t<meta property=\"og:image:width\" content=\"1080\" \/>\n\t<meta property=\"og:image:height\" content=\"1080\" \/>\n\t<meta property=\"og:image:type\" content=\"image\/png\" \/>\n<meta name=\"author\" content=\"Hoana Talita\" \/>\n<meta name=\"twitter:card\" content=\"summary_large_image\" \/>\n<script type=\"application\/ld+json\" class=\"yoast-schema-graph\">{\"@context\":\"https:\/\/schema.org\",\"@graph\":[{\"@type\":\"Article\",\"@id\":\"https:\/\/www.fetagrs.org.br\/?p=45970#article\",\"isPartOf\":{\"@id\":\"https:\/\/www.fetagrs.org.br\/?p=45970\"},\"author\":{\"name\":\"Hoana Talita\",\"@id\":\"https:\/\/www.fetagrs.org.br\/#\/schema\/person\/03b7eec66d6f53769603b3429d981c3f\"},\"headline\":\"VOC\u00ca SABIA? O GALP\u00c3O DO PRODUTOR (GNP) NA CEASA \u00c9 DE USO EXCLUSIVO DOS PRODUTORES DE HORTIFRUTIGRANJEIROS DO RS\u00a0\",\"datePublished\":\"2021-05-04T14:07:31+00:00\",\"mainEntityOfPage\":{\"@id\":\"https:\/\/www.fetagrs.org.br\/?p=45970\"},\"wordCount\":182,\"commentCount\":0,\"publisher\":{\"@id\":\"https:\/\/www.fetagrs.org.br\/#organization\"},\"image\":{\"@id\":\"https:\/\/www.fetagrs.org.br\/?p=45970#primaryimage\"},\"thumbnailUrl\":\"https:\/\/www.fetagrs.org.br\/wp-content\/uploads\/2021\/05\/04-05-21.png\",\"articleSection\":[\"Not\u00edcias\"],\"inLanguage\":\"pt-BR\",\"potentialAction\":[{\"@type\":\"CommentAction\",\"name\":\"Comment\",\"target\":[\"https:\/\/www.fetagrs.org.br\/?p=45970#respond\"]}]},{\"@type\":\"WebPage\",\"@id\":\"https:\/\/www.fetagrs.org.br\/?p=45970\",\"url\":\"https:\/\/www.fetagrs.org.br\/?p=45970\",\"name\":\"VOC\u00ca SABIA? O GALP\u00c3O DO PRODUTOR (GNP) NA CEASA \u00c9 DE USO EXCLUSIVO DOS PRODUTORES DE HORTIFRUTIGRANJEIROS DO RS\u00a0 - FETAG-RS\",\"isPartOf\":{\"@id\":\"https:\/\/www.fetagrs.org.br\/#website\"},\"primaryImageOfPage\":{\"@id\":\"https:\/\/www.fetagrs.org.br\/?p=45970#primaryimage\"},\"image\":{\"@id\":\"https:\/\/www.fetagrs.org.br\/?p=45970#primaryimage\"},\"thumbnailUrl\":\"https:\/\/www.fetagrs.org.br\/wp-content\/uploads\/2021\/05\/04-05-21.png\",\"datePublished\":\"2021-05-04T14:07:31+00:00\",\"breadcrumb\":{\"@id\":\"https:\/\/www.fetagrs.org.br\/?p=45970#breadcrumb\"},\"inLanguage\":\"pt-BR\",\"potentialAction\":[{\"@type\":\"ReadAction\",\"target\":[\"https:\/\/www.fetagrs.org.br\/?p=45970\"]}]},{\"@type\":\"ImageObject\",\"inLanguage\":\"pt-BR\",\"@id\":\"https:\/\/www.fetagrs.org.br\/?p=45970#primaryimage\",\"url\":\"https:\/\/www.fetagrs.org.br\/wp-content\/uploads\/2021\/05\/04-05-21.png\",\"contentUrl\":\"https:\/\/www.fetagrs.org.br\/wp-content\/uploads\/2021\/05\/04-05-21.png\",\"width\":1080,\"height\":1080},{\"@type\":\"BreadcrumbList\",\"@id\":\"https:\/\/www.fetagrs.org.br\/?p=45970#breadcrumb\",\"itemListElement\":[{\"@type\":\"ListItem\",\"position\":1,\"name\":\"In\u00edcio\",\"item\":\"https:\/\/www.fetagrs.org.br\/\"},{\"@type\":\"ListItem\",\"position\":2,\"name\":\"VOC\u00ca SABIA? O GALP\u00c3O DO PRODUTOR (GNP) NA CEASA \u00c9 DE USO EXCLUSIVO DOS PRODUTORES DE HORTIFRUTIGRANJEIROS DO RS\u00a0\"}]},{\"@type\":\"WebSite\",\"@id\":\"https:\/\/www.fetagrs.org.br\/#website\",\"url\":\"https:\/\/www.fetagrs.org.br\/\",\"name\":\"FETAG-RS\",\"description\":\"Federa\u00e7\u00e3o dos Trabalhadores na Agricultura no RS\",\"publisher\":{\"@id\":\"https:\/\/www.fetagrs.org.br\/#organization\"},\"potentialAction\":[{\"@type\":\"SearchAction\",\"target\":{\"@type\":\"EntryPoint\",\"urlTemplate\":\"https:\/\/www.fetagrs.org.br\/?s={search_term_string}\"},\"query-input\":{\"@type\":\"PropertyValueSpecification\",\"valueRequired\":true,\"valueName\":\"search_term_string\"}}],\"inLanguage\":\"pt-BR\"},{\"@type\":\"Organization\",\"@id\":\"https:\/\/www.fetagrs.org.br\/#organization\",\"name\":\"Federa\u00e7\u00e3o dos Trabalhadores na Agricultura no Rio Grande do Sul\",\"url\":\"https:\/\/www.fetagrs.org.br\/\",\"logo\":{\"@type\":\"ImageObject\",\"inLanguage\":\"pt-BR\",\"@id\":\"https:\/\/www.fetagrs.org.br\/#\/schema\/logo\/image\/\",\"url\":\"http:\/\/fetagrs.org.br\/wp-content\/uploads\/2020\/12\/FETAG-RS.jpg\",\"contentUrl\":\"http:\/\/fetagrs.org.br\/wp-content\/uploads\/2020\/12\/FETAG-RS.jpg\",\"width\":561,\"height\":598,\"caption\":\"Federa\u00e7\u00e3o dos Trabalhadores na Agricultura no Rio Grande do Sul\"},\"image\":{\"@id\":\"https:\/\/www.fetagrs.org.br\/#\/schema\/logo\/image\/\"},\"sameAs\":[\"https:\/\/www.facebook.com\/fetagrs\",\"https:\/\/www.instagram.com\/fetagrs\/\",\"https:\/\/www.youtube.com\/c\/TVFETAGRS\/featured\"]},{\"@type\":\"Person\",\"@id\":\"https:\/\/www.fetagrs.org.br\/#\/schema\/person\/03b7eec66d6f53769603b3429d981c3f\",\"name\":\"Hoana Talita\",\"image\":{\"@type\":\"ImageObject\",\"inLanguage\":\"pt-BR\",\"@id\":\"https:\/\/www.fetagrs.org.br\/#\/schema\/person\/image\/\",\"url\":\"https:\/\/secure.gravatar.com\/avatar\/4cbdd4a05c38b1e0f5b06d8af07c074e48edee864956974dfdb8dda1e1696638?s=96&d=mm&r=g\",\"contentUrl\":\"https:\/\/secure.gravatar.com\/avatar\/4cbdd4a05c38b1e0f5b06d8af07c074e48edee864956974dfdb8dda1e1696638?s=96&d=mm&r=g\",\"caption\":\"Hoana Talita\"},\"url\":\"https:\/\/www.fetagrs.org.br\/?author=3\"}]}<\/script>\n<!-- \/ Yoast SEO plugin. -->","yoast_head_json":{"title":"VOC\u00ca SABIA? O GALP\u00c3O DO PRODUTOR (GNP) NA CEASA \u00c9 DE USO EXCLUSIVO DOS PRODUTORES DE HORTIFRUTIGRANJEIROS DO RS\u00a0 - FETAG-RS","robots":{"index":"index","follow":"follow","max-snippet":"max-snippet:-1","max-image-preview":"max-image-preview:large","max-video-preview":"max-video-preview:-1"},"canonical":"https:\/\/www.fetagrs.org.br\/?p=45970","og_locale":"pt_BR","og_type":"article","og_title":"VOC\u00ca SABIA? O GALP\u00c3O DO PRODUTOR (GNP) NA CEASA \u00c9 DE USO EXCLUSIVO DOS PRODUTORES DE HORTIFRUTIGRANJEIROS DO RS\u00a0 - FETAG-RS","og_description":"&nbsp; O Galp\u00e3o do Produtor (GNP), destina-se ao uso exclusivo dos produtores de hortifrutigranjeiros do Rio Grande do Sul, cadastrados na modalidade individual ou em grupos, tendo como exce\u00e7\u00e3o somente os segmentos dos varejistas, das lancherias e das microempresas. O sistema de ocupa\u00e7\u00e3o poder\u00e1 se dar por t\u00edquetes di\u00e1rios ou atrav\u00e9s da fixa\u00e7\u00e3o mensal, cujo... Leia mais &raquo;","og_url":"https:\/\/www.fetagrs.org.br\/?p=45970","og_site_name":"FETAG-RS","article_publisher":"https:\/\/www.facebook.com\/fetagrs","article_published_time":"2021-05-04T14:07:31+00:00","og_image":[{"width":1080,"height":1080,"url":"https:\/\/www.fetagrs.org.br\/wp-content\/uploads\/2021\/05\/04-05-21.png","type":"image\/png"}],"author":"Hoana Talita","twitter_card":"summary_large_image","schema":{"@context":"https:\/\/schema.org","@graph":[{"@type":"Article","@id":"https:\/\/www.fetagrs.org.br\/?p=45970#article","isPartOf":{"@id":"https:\/\/www.fetagrs.org.br\/?p=45970"},"author":{"name":"Hoana Talita","@id":"https:\/\/www.fetagrs.org.br\/#\/schema\/person\/03b7eec66d6f53769603b3429d981c3f"},"headline":"VOC\u00ca SABIA? O GALP\u00c3O DO PRODUTOR (GNP) NA CEASA \u00c9 DE USO EXCLUSIVO DOS PRODUTORES DE HORTIFRUTIGRANJEIROS DO RS\u00a0","datePublished":"2021-05-04T14:07:31+00:00","mainEntityOfPage":{"@id":"https:\/\/www.fetagrs.org.br\/?p=45970"},"wordCount":182,"commentCount":0,"publisher":{"@id":"https:\/\/www.fetagrs.org.br\/#organization"},"image":{"@id":"https:\/\/www.fetagrs.org.br\/?p=45970#primaryimage"},"thumbnailUrl":"https:\/\/www.fetagrs.org.br\/wp-content\/uploads\/2021\/05\/04-05-21.png","articleSection":["Not\u00edcias"],"inLanguage":"pt-BR","potentialAction":[{"@type":"CommentAction","name":"Comment","target":["https:\/\/www.fetagrs.org.br\/?p=45970#respond"]}]},{"@type":"WebPage","@id":"https:\/\/www.fetagrs.org.br\/?p=45970","url":"https:\/\/www.fetagrs.org.br\/?p=45970","name":"VOC\u00ca SABIA? O GALP\u00c3O DO PRODUTOR (GNP) NA CEASA \u00c9 DE USO EXCLUSIVO DOS PRODUTORES DE HORTIFRUTIGRANJEIROS DO RS\u00a0 - FETAG-RS","isPartOf":{"@id":"https:\/\/www.fetagrs.org.br\/#website"},"primaryImageOfPage":{"@id":"https:\/\/www.fetagrs.org.br\/?p=45970#primaryimage"},"image":{"@id":"https:\/\/www.fetagrs.org.br\/?p=45970#primaryimage"},"thumbnailUrl":"https:\/\/www.fetagrs.org.br\/wp-content\/uploads\/2021\/05\/04-05-21.png","datePublished":"2021-05-04T14:07:31+00:00","breadcrumb":{"@id":"https:\/\/www.fetagrs.org.br\/?p=45970#breadcrumb"},"inLanguage":"pt-BR","potentialAction":[{"@type":"ReadAction","target":["https:\/\/www.fetagrs.org.br\/?p=45970"]}]},{"@type":"ImageObject","inLanguage":"pt-BR","@id":"https:\/\/www.fetagrs.org.br\/?p=45970#primaryimage","url":"https:\/\/www.fetagrs.org.br\/wp-content\/uploads\/2021\/05\/04-05-21.png","contentUrl":"https:\/\/www.fetagrs.org.br\/wp-content\/uploads\/2021\/05\/04-05-21.png","width":1080,"height":1080},{"@type":"BreadcrumbList","@id":"https:\/\/www.fetagrs.org.br\/?p=45970#breadcrumb","itemListElement":[{"@type":"ListItem","position":1,"name":"In\u00edcio","item":"https:\/\/www.fetagrs.org.br\/"},{"@type":"ListItem","position":2,"name":"VOC\u00ca SABIA? O GALP\u00c3O DO PRODUTOR (GNP) NA CEASA \u00c9 DE USO EXCLUSIVO DOS PRODUTORES DE HORTIFRUTIGRANJEIROS DO RS\u00a0"}]},{"@type":"WebSite","@id":"https:\/\/www.fetagrs.org.br\/#website","url":"https:\/\/www.fetagrs.org.br\/","name":"FETAG-RS","description":"Federa\u00e7\u00e3o dos Trabalhadores na Agricultura no RS","publisher":{"@id":"https:\/\/www.fetagrs.org.br\/#organization"},"potentialAction":[{"@type":"SearchAction","target":{"@type":"EntryPoint","urlTemplate":"https:\/\/www.fetagrs.org.br\/?s={search_term_string}"},"query-input":{"@type":"PropertyValueSpecification","valueRequired":true,"valueName":"search_term_string"}}],"inLanguage":"pt-BR"},{"@type":"Organization","@id":"https:\/\/www.fetagrs.org.br\/#organization","name":"Federa\u00e7\u00e3o dos Trabalhadores na Agricultura no Rio Grande do Sul","url":"https:\/\/www.fetagrs.org.br\/","logo":{"@type":"ImageObject","inLanguage":"pt-BR","@id":"https:\/\/www.fetagrs.org.br\/#\/schema\/logo\/image\/","url":"http:\/\/fetagrs.org.br\/wp-content\/uploads\/2020\/12\/FETAG-RS.jpg","contentUrl":"http:\/\/fetagrs.org.br\/wp-content\/uploads\/2020\/12\/FETAG-RS.jpg","width":561,"height":598,"caption":"Federa\u00e7\u00e3o dos Trabalhadores na Agricultura no Rio Grande do Sul"},"image":{"@id":"https:\/\/www.fetagrs.org.br\/#\/schema\/logo\/image\/"},"sameAs":["https:\/\/www.facebook.com\/fetagrs","https:\/\/www.instagram.com\/fetagrs\/","https:\/\/www.youtube.com\/c\/TVFETAGRS\/featured"]},{"@type":"Person","@id":"https:\/\/www.fetagrs.org.br\/#\/schema\/person\/03b7eec66d6f53769603b3429d981c3f","name":"Hoana Talita","image":{"@type":"ImageObject","inLanguage":"pt-BR","@id":"https:\/\/www.fetagrs.org.br\/#\/schema\/person\/image\/","url":"https:\/\/secure.gravatar.com\/avatar\/4cbdd4a05c38b1e0f5b06d8af07c074e48edee864956974dfdb8dda1e1696638?s=96&d=mm&r=g","contentUrl":"https:\/\/secure.gravatar.com\/avatar\/4cbdd4a05c38b1e0f5b06d8af07c074e48edee864956974dfdb8dda1e1696638?s=96&d=mm&r=g","caption":"Hoana Talita"},"url":"https:\/\/www.fetagrs.org.br\/?author=3"}]}},"_links":{"self":[{"href":"https:\/\/www.fetagrs.org.br\/index.php?rest_route=\/wp\/v2\/posts\/45970","targetHints":{"allow":["GET"]}}],"collection":[{"href":"https:\/\/www.fetagrs.org.br\/index.php?rest_route=\/wp\/v2\/posts"}],"about":[{"href":"https:\/\/www.fetagrs.org.br\/index.php?rest_route=\/wp\/v2\/types\/post"}],"author":[{"embeddable":true,"href":"https:\/\/www.fetagrs.org.br\/index.php?rest_route=\/wp\/v2\/users\/3"}],"replies":[{"embeddable":true,"href":"https:\/\/www.fetagrs.org.br\/index.php?rest_route=%2Fwp%2Fv2%2Fcomments&post=45970"}],"version-history":[{"count":1,"href":"https:\/\/www.fetagrs.org.br\/index.php?rest_route=\/wp\/v2\/posts\/45970\/revisions"}],"predecessor-version":[{"id":45972,"href":"https:\/\/www.fetagrs.org.br\/index.php?rest_route=\/wp\/v2\/posts\/45970\/revisions\/45972"}],"wp:featuredmedia":[{"embeddable":true,"href":"https:\/\/www.fetagrs.org.br\/index.php?rest_route=\/wp\/v2\/media\/45971"}],"wp:attachment":[{"href":"https:\/\/www.fetagrs.org.br\/index.php?rest_route=%2Fwp%2Fv2%2Fmedia&parent=45970"}],"wp:term":[{"taxonomy":"category","embeddable":true,"href":"https:\/\/www.fetagrs.org.br\/index.php?rest_route=%2Fwp%2Fv2%2Fcategories&post=45970"},{"taxonomy":"post_tag","embeddable":true,"href":"https:\/\/www.fetagrs.org.br\/index.php?rest_route=%2Fwp%2Fv2%2Ftags&post=45970"}],"curies":[{"name":"wp","href":"https:\/\/api.w.org\/{rel}","templated":true}]}}